{"id":21522,"date":"2019-05-02T09:30:47","date_gmt":"2019-05-02T13:30:47","guid":{"rendered":"http:\/\/blogdalucianaoliveira.com.br\/blog\/?p=21522"},"modified":"2019-05-02T09:30:47","modified_gmt":"2019-05-02T13:30:47","slug":"cortar-mais-na-educacao-e-aula-de-ineficiencia","status":"publish","type":"post","link":"http:\/\/blogdalucianaoliveira.com.br\/blog\/2019\/05\/02\/cortar-mais-na-educacao-e-aula-de-ineficiencia\/","title":{"rendered":"Cortar mais na educa\u00e7\u00e3o \u00e9 aula de inefici\u00eancia"},"content":{"rendered":"<p><img data-recalc-dims=\"1\" loading=\"lazy\" decoding=\"async\" data-attachment-id=\"21523\" data-permalink=\"http:\/\/blogdalucianaoliveira.com.br\/blog\/2019\/05\/02\/cortar-mais-na-educacao-e-aula-de-ineficiencia\/f7af5daf-7ea7-47db-b012-c2ec8497cf69\/\" data-orig-file=\"https:\/\/i0.wp.com\/blogdalucianaoliveira.com.br\/blog\/wp-content\/uploads\/2019\/05\/F7AF5DAF-7EA7-47DB-B012-C2EC8497CF69.jpeg?fit=600%2C295\" data-orig-size=\"600,295\" data-comments-opened=\"0\" data-image-meta=\"{&quot;aperture&quot;:&quot;0&quot;,&quot;credit&quot;:&quot;&quot;,&quot;camera&quot;:&quot;&quot;,&quot;caption&quot;:&quot;&quot;,&quot;created_timestamp&quot;:&quot;0&quot;,&quot;copyright&quot;:&quot;&quot;,&quot;focal_length&quot;:&quot;0&quot;,&quot;iso&quot;:&quot;0&quot;,&quot;shutter_speed&quot;:&quot;0&quot;,&quot;title&quot;:&quot;&quot;,&quot;orientation&quot;:&quot;1&quot;}\" data-image-title=\"F7AF5DAF-7EA7-47DB-B012-C2EC8497CF69\" data-image-description=\"\" data-image-caption=\"\" data-medium-file=\"https:\/\/i0.wp.com\/blogdalucianaoliveira.com.br\/blog\/wp-content\/uploads\/2019\/05\/F7AF5DAF-7EA7-47DB-B012-C2EC8497CF69.jpeg?fit=300%2C148\" data-large-file=\"https:\/\/i0.wp.com\/blogdalucianaoliveira.com.br\/blog\/wp-content\/uploads\/2019\/05\/F7AF5DAF-7EA7-47DB-B012-C2EC8497CF69.jpeg?fit=600%2C295\" src=\"https:\/\/i0.wp.com\/blogdalucianaoliveira.com.br\/blog\/wp-content\/uploads\/2019\/05\/F7AF5DAF-7EA7-47DB-B012-C2EC8497CF69.jpeg?resize=600%2C295\" alt=\"F7AF5DAF-7EA7-47DB-B012-C2EC8497CF69\" width=\"600\" height=\"295\" class=\"alignnone size-full wp-image-21523\" srcset=\"https:\/\/i0.wp.com\/blogdalucianaoliveira.com.br\/blog\/wp-content\/uploads\/2019\/05\/F7AF5DAF-7EA7-47DB-B012-C2EC8497CF69.jpeg?w=600 600w, https:\/\/i0.wp.com\/blogdalucianaoliveira.com.br\/blog\/wp-content\/uploads\/2019\/05\/F7AF5DAF-7EA7-47DB-B012-C2EC8497CF69.jpeg?resize=300%2C148 300w\" sizes=\"auto, (max-width: 600px) 100vw, 600px\" \/><\/p>\n<p>No Tijola\u00e7o, em reportagem do UOL, hoje, mostra que, de 2014 at\u00e9 hoje \u2013 e ainda sem contar os cortes anunciados pelo \u201cEncarregado da Educa\u00e7\u00e3o\u201d (aproprio-me da \u00f3tima express\u00e3o usada ontem por Delfim Netto, na Folha) \u2013 os investimentos em educa\u00e7\u00e3o decresceram na inacredit\u00e1vel marca de 56%.<!--more--><\/p>\n<p>As despesas totais do MEC, no mesmo per\u00edodo, ca\u00edram 11,7%.<\/p>\n<p>\u00c9 o retrato cont\u00e1bil do que se comentou ontem aqui: cortes or\u00e7ament\u00e1rios s\u00e3o, em geral, um incremento da perda de efici\u00eancia de qualquer institui\u00e7\u00e3o e muito especialmente as de ensino.<\/p>\n<p>Vejam, segundo os n\u00fameros produzidos pela assessoria t\u00e9cnica da C\u00e2mara e publicados na reportagem.<\/p>\n<p>Em 2014, cada real investido em educa\u00e7\u00e3o (R$ 11,3 bi) representava R$ 4,32 em pessoal e encargos (R$ 48,8 bi).<\/p>\n<p>Ano passado, depois do corte dos investimentos para R$ 4,9 bi, cada real despendido nesta rubrica passou a representar R$ 11,10 em pessoal mais seus encargos.<\/p>\n<p>Com os cortes anunciados por Weintraub, esta rela\u00e7\u00e3o crescer\u00e1 mais e n\u00e3o \u00e9 improv\u00e1vel que, de quase tr\u00eas vezes maior, passe a quatro ou at\u00e9 a cinco vezes mais.<\/p>\n<p>De novo, pe\u00e7o desculpas aos leitores por tratar do assunto de forma \u201ccont\u00e1bil\u201d, porque ele tem uma import\u00e2ncia que transcende imensamente esta vis\u00e3o. O problema \u00e9 que, da boca pra fora, todos louvam o investimento em educa\u00e7\u00e3o e at\u00e9 o \u201cEncarregado\u201d diz que vai lan\u00e7ar o dinheiro dos cortes em \u201ccreches\u201d, o que qualquer crian\u00e7a sabe que n\u00e3o se far\u00e1.<\/p>\n<p>Mas por ser uma das \u00e1reas onde a hipocrisia nacional, a que desmonta em nome do \u201cprogresso\u201d, mais se agarra para explicar o estado de pen\u00faria em que vivemos. \u00e9 onde se precisa demonstrar, com seus pr\u00f3prios argumentos, como \u00e9 falso o que dizem de forma c\u00ednica.<\/p>\n<p>Na Educa\u00e7\u00e3o, esta conta perversa \u00e9 ainda mais grave. Ela se reflete em estagna\u00e7\u00e3o e, sobretudo no grau superior, na pesquisa pura ou aplicada da ci\u00eancia, estagna\u00e7\u00e3o \u00e9 morte.<\/p>\n<p>Esta, sim, \u00e9 o objetivo da turma do \u201ccorta-corta\u201d. N\u00e3o \u00e9 para n\u00e3o ter festa no campus ou para reprimir \u201cextravag\u00e2ncia\u201d de jovens em nome da \u201cmoral\u201d.<\/p>\n<p>Enquanto isso, as empresas privadas, aquelas que fazem uma educa\u00e7\u00e3o \u201cmeia-boca\u201d, escancaram por inteiro as suas bocarras, prontas para devorar o p\u00fablico  formado por jovens que, sem o \u201ccanudo\u201d, t\u00eam chance zero num mercado de trabalho cada vez menor.<\/p>\n","protected":false},"excerpt":{"rendered":"<p>No Tijola\u00e7o, em reportagem do UOL, hoje, mostra que, de 2014 at\u00e9 hoje \u2013 e ainda sem contar os cortes anunciados pelo \u201cEncarregado da Educa\u00e7\u00e3o\u201d (aproprio-me da \u00f3tima express\u00e3o usada ontem por Delfim Netto, na Folha) \u2013 os investimentos em educa\u00e7\u00e3o decresceram na inacredit\u00e1vel marca de 56%.<\/p>\n","protected":false},"author":1,"featured_media":0,"comment_status":"closed","ping_status":"open","sticky":false,"template":"","format":"standard","meta":{"_exactmetrics_skip_tracking":false,"_exactmetrics_sitenote_active":false,"_exactmetrics_sitenote_note":"","_exactmetrics_sitenote_category":0,"jetpack_post_was_ever_published":false,"_jetpack_newsletter_access":"","_jetpack_dont_email_post_to_subs":false,"_jetpack_newsletter_tier_id":0,"_jetpack_memberships_contains_paywalled_content":false,"_jetpack_memberships_contains_paid_content":false,"footnotes":"","jetpack_publicize_message":"","jetpack_publicize_feature_enabled":true,"jetpack_social_post_already_shared":true,"jetpack_social_options":{"image_generator_settings":{"template":"highway","enabled":false},"version":2}},"categories":[1],"tags":[],"class_list":["post-21522","post","type-post","status-publish","format-standard","hentry","category-notas"],"jetpack_publicize_connections":[],"jetpack_sharing_enabled":true,"jetpack_featured_media_url":"","jetpack_shortlink":"https:\/\/wp.me\/p7wKYW-5B8","jetpack-related-posts":[],"_links":{"self":[{"href":"http:\/\/blogdalucianaoliveira.com.br\/blog\/wp-json\/wp\/v2\/posts\/21522","targetHints":{"allow":["GET"]}}],"collection":[{"href":"http:\/\/blogdalucianaoliveira.com.br\/blog\/wp-json\/wp\/v2\/posts"}],"about":[{"href":"http:\/\/blogdalucianaoliveira.com.br\/blog\/wp-json\/wp\/v2\/types\/post"}],"author":[{"embeddable":true,"href":"http:\/\/blogdalucianaoliveira.com.br\/blog\/wp-json\/wp\/v2\/users\/1"}],"replies":[{"embeddable":true,"href":"http:\/\/blogdalucianaoliveira.com.br\/blog\/wp-json\/wp\/v2\/comments?post=21522"}],"version-history":[{"count":1,"href":"http:\/\/blogdalucianaoliveira.com.br\/blog\/wp-json\/wp\/v2\/posts\/21522\/revisions"}],"predecessor-version":[{"id":21524,"href":"http:\/\/blogdalucianaoliveira.com.br\/blog\/wp-json\/wp\/v2\/posts\/21522\/revisions\/21524"}],"wp:attachment":[{"href":"http:\/\/blogdalucianaoliveira.com.br\/blog\/wp-json\/wp\/v2\/media?parent=21522"}],"wp:term":[{"taxonomy":"category","embeddable":true,"href":"http:\/\/blogdalucianaoliveira.com.br\/blog\/wp-json\/wp\/v2\/categories?post=21522"},{"taxonomy":"post_tag","embeddable":true,"href":"http:\/\/blogdalucianaoliveira.com.br\/blog\/wp-json\/wp\/v2\/tags?post=21522"}],"curies":[{"name":"wp","href":"https:\/\/api.w.org\/{rel}","templated":true}]}}