{"id":21528,"date":"2019-05-02T12:11:36","date_gmt":"2019-05-02T16:11:36","guid":{"rendered":"http:\/\/blogdalucianaoliveira.com.br\/blog\/?p=21528"},"modified":"2019-05-02T12:11:36","modified_gmt":"2019-05-02T16:11:36","slug":"o-exercito-vai-pagar-um-tour-milionario-de-coroneis-pela-europa","status":"publish","type":"post","link":"http:\/\/blogdalucianaoliveira.com.br\/blog\/2019\/05\/02\/o-exercito-vai-pagar-um-tour-milionario-de-coroneis-pela-europa\/","title":{"rendered":"O EX\u00c9RCITO VAI PAGAR UM TOUR MILION\u00c1RIO DE CORON\u00c9IS PELA EUROPA"},"content":{"rendered":"<p><img data-recalc-dims=\"1\" loading=\"lazy\" decoding=\"async\" data-attachment-id=\"21529\" data-permalink=\"http:\/\/blogdalucianaoliveira.com.br\/blog\/2019\/05\/02\/o-exercito-vai-pagar-um-tour-milionario-de-coroneis-pela-europa\/05a2be97-10f0-48d0-ac4f-d256ebfa671b\/\" data-orig-file=\"https:\/\/i0.wp.com\/blogdalucianaoliveira.com.br\/blog\/wp-content\/uploads\/2019\/05\/05A2BE97-10F0-48D0-AC4F-D256EBFA671B.jpeg?fit=440%2C220\" data-orig-size=\"440,220\" data-comments-opened=\"0\" data-image-meta=\"{&quot;aperture&quot;:&quot;0&quot;,&quot;credit&quot;:&quot;&quot;,&quot;camera&quot;:&quot;&quot;,&quot;caption&quot;:&quot;&quot;,&quot;created_timestamp&quot;:&quot;0&quot;,&quot;copyright&quot;:&quot;&quot;,&quot;focal_length&quot;:&quot;0&quot;,&quot;iso&quot;:&quot;0&quot;,&quot;shutter_speed&quot;:&quot;0&quot;,&quot;title&quot;:&quot;&quot;,&quot;orientation&quot;:&quot;0&quot;}\" data-image-title=\"05A2BE97-10F0-48D0-AC4F-D256EBFA671B\" data-image-description=\"\" data-image-caption=\"\" data-medium-file=\"https:\/\/i0.wp.com\/blogdalucianaoliveira.com.br\/blog\/wp-content\/uploads\/2019\/05\/05A2BE97-10F0-48D0-AC4F-D256EBFA671B.jpeg?fit=300%2C150\" data-large-file=\"https:\/\/i0.wp.com\/blogdalucianaoliveira.com.br\/blog\/wp-content\/uploads\/2019\/05\/05A2BE97-10F0-48D0-AC4F-D256EBFA671B.jpeg?fit=440%2C220\" class=\"alignnone size-full wp-image-21529 aligncenter\" src=\"https:\/\/i0.wp.com\/blogdalucianaoliveira.com.br\/blog\/wp-content\/uploads\/2019\/05\/05A2BE97-10F0-48D0-AC4F-D256EBFA671B.jpeg?resize=440%2C220\" alt=\"05A2BE97-10F0-48D0-AC4F-D256EBFA671B\" width=\"440\" height=\"220\" srcset=\"https:\/\/i0.wp.com\/blogdalucianaoliveira.com.br\/blog\/wp-content\/uploads\/2019\/05\/05A2BE97-10F0-48D0-AC4F-D256EBFA671B.jpeg?w=440 440w, https:\/\/i0.wp.com\/blogdalucianaoliveira.com.br\/blog\/wp-content\/uploads\/2019\/05\/05A2BE97-10F0-48D0-AC4F-D256EBFA671B.jpeg?resize=300%2C150 300w\" sizes=\"auto, (max-width: 440px) 100vw, 440px\" \/><\/p>\n<p>No The Intercept &#8211; O ROTEIRO COME\u00c7A por Paris. O dia \u00e9 livre, mas h\u00e1 a op\u00e7\u00e3o de conhecer o Pal\u00e1cio de Versalhes. Depois, o grupo segue para a Galeria Lafayette, uma luxuosa loja de departamentos que impressiona pela arquitetura. O grupo passa mais um dia na Cidade Luz antes de seguir de \u00f4nibus para Bruxelas, na B\u00e9lgica. L\u00e1, s\u00e3o dois dias de atividades para os homens, mas suas mulheres podem aproveitar um city tour. As noites s\u00e3o livres, perfeitas para experimentar a tradi\u00e7\u00e3o cervejeira do pa\u00eds.<!--more--><\/p>\n<p>A pr\u00f3xima parada do roteiro \u00e9 a Alemanha, come\u00e7ando pelas cidades de Munster e Hamburgo. De novo, h\u00e1 atividades apenas para os homens \u2013 as mulheres podem, se quiserem, conhecer a cidade em um passeio incluso no pacote. A \u00faltima parada \u00e9 Berlim, onde os casais podem visitar o imponente castelo de Charlottenburg. De volta ao Brasil, eles ganham uma folga para se recuperar do cansa\u00e7o da viagem.<\/p>\n<p>Esse \u00e9 o roteiro da Viagem de Estudos Estrat\u00e9gicos ao Exterior promovida pelo Curso de Pol\u00edtica Estrat\u00e9gica e Alta Administra\u00e7\u00e3o do Ex\u00e9rcito, o CPEAEx, da Escola de Comando e Estado-Maior do Ex\u00e9rcito, a Eceme. Em 2017, uma viagem do curso custou pelo menos R$ 1 milh\u00e3o.<\/p>\n<div class=\"PostContent\" data-reactid=\"164\">\n<div data-reactid=\"175\">\n<h3>Estadia em hoteis \u20184 ou 5 estrelas\u2019<\/h3>\n<p>O <strong>Intercept<\/strong> teve acesso \u00e0 programa\u00e7\u00e3o da viagem dos oficiais, prevista para pr\u00f3ximo outubro. O roteiro descrito nos primeiros par\u00e1grafos dura 16 dias. A comitiva brasileira tem cerca de 78 pessoas \u2013 os nomes n\u00e3o foram divulgados pelo Ex\u00e9rcito \u2013 e todas ficar\u00e3o hospedadas em hot\u00e9is de 4 ou 5 estrelas, a um custo total de hospedagem de 2 mil euros por pessoa (cerca de R$ 9,1 mil, na cota\u00e7\u00e3o da \u00faltima semana de abril). Segundo os documentos, as mulheres dos oficiais est\u00e3o inclu\u00eddas na programa\u00e7\u00e3o \u2013 h\u00e1, inclusive, um roteiro espec\u00edfico para elas.<\/p>\n<p>A viagem tem fins educativos, \u00e9 claro. Enquanto as mulheres fazem city tours, os oficiais visitar\u00e3o o Minist\u00e9rio da Defesa e a equivalente \u00e0 Eceme da Alemanha, assistir\u00e3o a apresenta\u00e7\u00f5es de embaixadores e militares franceses e visitar\u00e3o a <a data-tooltip=\"Organiza\u00e7\u00e3o do Tratado do Atl\u00e2ntico Norte\">OTAN<\/a>. Na comunica\u00e7\u00e3o oficial do Ex\u00e9rcito, h\u00e1 <a href=\"http:\/\/www.eb.mil.br\/web\/noticias\/noticiario-do-exercito\/-\/asset_publisher\/MjaG93KcunQI\/content\/viagem-de-estudos-estrategicos-cpeaex-2017\" target=\"_blank\" rel=\"noopener\">destaque para as parcerias<\/a> esperadas para a viagem, como a assinatura de um memorando de entendimento com o Defense Studies Department do Reino Unido.<\/p>\n<p>O Curso de Pol\u00edtica Estrat\u00e9gica e Alta Administra\u00e7\u00e3o do Ex\u00e9rcito foi <a href=\"http:\/\/www.eceme.eb.mil.br\/pt\/cpeaex\" target=\"_blank\" rel=\"noopener\">criado em 1986<\/a> pelo ent\u00e3o presidente Jos\u00e9 Sarney. \u00c9 voltado aos oficiais que j\u00e1 t\u00eam o Curso de Altos Estudos Militares e visa habilitar os militares aos cargos de generais de brigada, divis\u00e3o, armas, quadros e servi\u00e7os. Os coron\u00e9is que participam dele s\u00e3o selecionados \u201cpor m\u00e9rito\u201d.<\/p>\n<p>O curso dura um ano \u2013 e, no final, a viagem de estudos j\u00e1 virou tradi\u00e7\u00e3o. O objetivo \u00e9 preparar os coron\u00e9is \u201cpara o assessoramento de alto n\u00edvel aos altos escal\u00f5es do Ex\u00e9rcito, do Minist\u00e9rio da Defesa e do Poder Executivo\u201d, me explicou o Centro de Comunica\u00e7\u00e3o Social do Ex\u00e9rcito, em resposta a perguntas que eu fiz via Lei de Acesso \u00e0 Informa\u00e7\u00e3o. Neste contexto, a viagem serve para \u201campliar a proje\u00e7\u00e3o\u201d da institui\u00e7\u00e3o no cen\u00e1rio internacional e \u201cfortalecer a dimens\u00e3o humana\u201d. Segundo o Ex\u00e9rcito, o roteiro da viagem inclui visitas a \u00f3rg\u00e3os militares e civis \u201crelacionados aos n\u00edveis pol\u00edtico e estrat\u00e9gico\u201d.<\/p>\n<h3>Museus, cervejas e selfies<\/h3>\n<p>Em 2016, a viagem durou 11 dias, e a comitiva percorreu Madri e Bruxelas antes de chegar a Paris. O coronel Anderson Clayton Francisco fazia parte do grupo e \u00e9 um dos poucos que tem a <a href=\"http:\/\/www.portaltransparencia.gov.br\/viagens\/40705827\" target=\"_blank\" rel=\"noopener\">despesa da viagem especificada<\/a> no Portal da Transpar\u00eancia: foram R$ 10,2 mil em passagens a\u00e9reas. N\u00e3o est\u00e3o ali, no entanto, os gastos da viagem de sua mulher, Evelcy, que esteve nas mesmas cidades europeias nas mesmas datas descritas no programa.<\/p>\n<p>A viagem dela, segundo suas postagens no Facebook, come\u00e7ou por Toledo, na Espanha, de onde h\u00e1 fotos de um passeio acompanhada de uma comitiva s\u00f3 de mulheres. De l\u00e1, seguiu para Bruxelas \u2013 tamb\u00e9m com o grupo. Por fim, em 9 de outubro, a comitiva feminina visitou o Pal\u00e1cio de Versalhes, na Fran\u00e7a. O Ex\u00e9rcito garante que custeia apenas as despesas dos oficiais.<\/p>\n<div class=\"img-wrap align-center  width-fixed\"><a href=\"https:\/\/i0.wp.com\/theintercept.imgix.net\/wp-uploads\/sites\/1\/2019\/04\/versalhes-1556656252.jpg?ssl=1\"><img data-recalc-dims=\"1\" decoding=\"async\" class=\"aligncenter size-article-large wp-image-247737\" src=\"https:\/\/i0.wp.com\/theintercept.imgix.net\/wp-uploads\/sites\/1\/2019\/04\/versalhes-1556656252.jpg?w=600&#038;ssl=1\" alt=\"versalhes-1556656252\" \/><\/a><\/p>\n<p class=\"caption\">Lembran\u00e7a de viagem: comitiva s\u00f3 de mulheres percorreu as mesmas cidades dos oficiais \u2013 mas teve uma programa\u00e7\u00e3o exclusiva.<\/p>\n<p class=\"caption source\">Foto: Reprodu\u00e7\u00e3o\/Facebook<\/p>\n<\/div>\n<p>Em 2017, o Boletim do Ex\u00e9rcito <a href=\"https:\/\/theintercept.com\/document\/2019\/05\/01\/exercito-2017\/\" target=\"_blank\" rel=\"noopener\">publicou a lista<\/a> dos oficiais designados para a viagem de estudos. O roteiro incluiu Paris, Londres, Irlanda do Norte e Bruxelas, entre os dias 6 e 18 de outubro de 2017. Para a viagem, foram designados 52 oficiais da Eceme. Segundo a nota, assinada pelo comandante, \u201ca miss\u00e3o est\u00e1 enquadrada como eventual, militar, sem mudan\u00e7a de sede, sem dependentes e ser\u00e1 realizada com \u00f4nus total para o Ex\u00e9rcito Brasileiro\u201d.<\/p>\n<p>Mas, mais uma vez, as lembran\u00e7as de viagem no Facebook contam outra hist\u00f3ria. Em seus registros, publicados sem restri\u00e7\u00e3o de privacidade na rede social, o coronel Roger Herzer n\u00e3o economizou nas fotos em museus, restaurantes, bares e passeios, muitas vezes ao lado da mulher e de amigos tamb\u00e9m acompanhados das c\u00f4njuges. Segundo dados do Portal Transpar\u00eancia, <a href=\"http:\/\/www.portaltransparencia.gov.br\/despesas\/pagamento\/160313000012017OB801378?ordenarPor=fase&amp;direcao=desc\" target=\"_blank\" rel=\"noopener\">Herzer recebeu R$ 14.092<\/a> do Ex\u00e9rcito \u2013 portanto, verba p\u00fablica \u2013 para trocar por euros e gastar em di\u00e1rias no exterior. A quantia foi paga a todos os oficiais que viajaram na comitiva brasileira.<\/p>\n<p>Em muitas fotos, Herzer e a mulher est\u00e3o acompanhados do coronel Mario Fl\u00e1vio Brayner e a esposa, Alyne. A viagem pela Europa, postada ostensivamente nas redes sociais, incluiu o Moulin Rouge e a Torre Eiffel, em Paris, bares em Bruxelas e museus na Alemanha.<\/p>\n<div class=\"img-wrap align-center  width-fixed\"><a href=\"https:\/\/i0.wp.com\/theintercept.imgix.net\/wp-uploads\/sites\/1\/2019\/04\/paris-1556656333.jpg?ssl=1\"><img data-recalc-dims=\"1\" decoding=\"async\" class=\"aligncenter size-article-large wp-image-247738\" src=\"https:\/\/i0.wp.com\/theintercept.imgix.net\/wp-uploads\/sites\/1\/2019\/04\/paris-1556656333.jpg?w=600&#038;ssl=1\" alt=\"paris-1556656333\" \/><\/a><\/p>\n<p class=\"caption\">\u00c0 frente, os coroneis Roger Herzer e Mario Fl\u00e1vio Brayner, acompanhados das esposas e outros coron\u00e9is, durante um passeio de barco por Paris.<\/p>\n<p class=\"caption source\">Foto: Reprodu\u00e7\u00e3o\/Facebook<\/p>\n<\/div>\n<h3>R$ 1 milh\u00e3o do nosso bolso<\/h3>\n<p>\u00c9 dif\u00edcil estimar quanto exatamente a viagem custou ao bolso do contribuinte \u2013 no Portal da Transpar\u00eancia, os gastos est\u00e3o espalhados, classificados sob diferentes rubricas e n\u00e3o foram classificados como \u201cviagem\u201d. Encontramos, no entanto, R$ 881 mil s\u00f3 para di\u00e1rias para a \u201cviagem de instru\u00e7\u00e3o do CPEAEX 2017\u2033. Foram <a href=\"http:\/\/www.portaltransparencia.gov.br\/despesas\/empenho\/160313000012017NE000088?ordenarPor=fase&amp;direcao=desc\" target=\"_blank\" rel=\"noopener\">R$ 15 mil para cada um<\/a> dos oficiais comprar 3,8 mil euros, na cota\u00e7\u00e3o da \u00e9poca. Cada militar teve \u00e0 sua disposi\u00e7\u00e3o o equivalente a R$ 1,7 mil para gastar por dia na Europa.<\/p>\n<p>Ainda h\u00e1 os gastos de passagens. Em junho de 2017, o Ex\u00e9rcito comprou pelo menos 62 passagens internacionais \u2013 <a href=\"http:\/\/www.portaltransparencia.gov.br\/despesas\/empenho\/160313000012017NE800200?ordenarPor=fase&amp;direcao=desc\" target=\"_blank\" rel=\"noopener\">40 de uma vez<\/a> e <a href=\"http:\/\/www.portaltransparencia.gov.br\/despesas\/empenho\/167313000012017NE800001?ordenarPor=fase&amp;direcao=desc\" target=\"_blank\" rel=\"noopener\">depois mais 22<\/a>, no valor de R$ 4,5 mil cada. Foram gastos R$ 289 mil de passagens \u2013 um valor que veio dos cofres do governo federal, ou seja, do seu bolso. No total, a viagem de estudos de cada um dos oficiais em 2017 custou quase R$ 21 mil, um valor total de pelo menos R$ 1,170 milh\u00e3o.<\/p>\n<p>Ainda n\u00e3o est\u00e3o dispon\u00edveis no portal os gastos previstos para a viagem de 2019, tampouco a lista de participantes. O <strong>Intercept<\/strong>, por\u00e9m, teve acesso a uma lista com 76 pessoas que, teoricamente, ir\u00e3o viajar em 2019. Ela inclui os oficiais e suas esposas. Os nomes coincidem com os alunos do curso de 2019, divulgados <a href=\"https:\/\/theintercept.com\/document\/2019\/05\/01\/boletim-do-exercito-2019\/\" target=\"_blank\" rel=\"noopener\">publicamente no Boletim do Ex\u00e9rcito<\/a>. Se a m\u00e9dia de gastos for a mesma de 2017, podemos prever que a viagem \u00e0 Europa de cada casal custar\u00e1 R$ 30 mil entre ajuda de custo, passagens e hospedagem \u2013 em um total de, pelo menos, R$ 1,1 milh\u00e3o.<\/p>\n<blockquote class=\"stylized pull-right\" data-shortcode-type=\"pullquote\" data-pull=\"right\"><p>\u2018A eventual presen\u00e7a de familiares juntos aos militares ocorre segundo crit\u00e9rio pessoal\u2019, diz o Ex\u00e9rcito.<\/p><\/blockquote>\n<p>Os documentos obtidos pelo <strong>Intercept<\/strong>incluem as esposas na compra de passagens, hot\u00e9is e programa\u00e7\u00e3o de city tours. Mas, questionado via Lei de Acesso \u00e0 Informa\u00e7\u00e3o, o Ex\u00e9rcito diz que que os gastos da viagem \u201ccobrem, unicamente, as despesas com os militares designados em Portaria do Comandante do Ex\u00e9rcito\u201d e obedecem \u00e0 Lei 5.809, de 1972. Sancionada pelo ditador militar Em\u00edlio M\u00e9dici, <a href=\"http:\/\/www.planalto.gov.br\/ccivil_03\/leis\/l5809.htm\" target=\"_blank\" rel=\"noopener\">a lei<\/a>estabelece as regras para os servidores da Uni\u00e3o em servi\u00e7o no exterior. Ela determina que, em miss\u00f5es eventuais \u2013 caso da viagem dos oficiais \u2013, o estado deve arcar apenas com o transporte do servidor.<\/p>\n<p>A previs\u00e3o de gastos em ajuda de custo para esse ano, segundo o Ex\u00e9rcito, \u00e9 a que est\u00e1 no decreto 6.576: R$ 390 por dia, ou R$ 6.240 no total, para um oficial superior em pa\u00eds europeu. \u00c9 menos da metade do que foi gasto em 2017, com as esposas a tiracolo: R$ 15 mil por oficial \u2013 valor suficiente para um casal. Para fins de compara\u00e7\u00e3o, <a href=\"https:\/\/www.logitravel.com.br\/circuitsshowcase\/contextualnicho?id=293712&amp;amc=aff.logitravel.51239.60011.40505.1752488393%2670122511178%26b%26%2Balemanha%20%2Bpacotes%26c%26kwd-415379242255&amp;utm_id=4&amp;gclid=EAIaIQobChMI-dn3rfX34QIVlAyRCh123gDNEAAYAiAAEgJ3kPD_BwE\" target=\"_blank\" rel=\"noopener\">uma viagem para a Europa, por duas semanas<\/a>, sai por cerca de R$ 10 mil <a href=\"https:\/\/www.hotelurbano.com\/pacotes\/europa\" target=\"_blank\" rel=\"noopener\">por pessoa j\u00e1 com as passagens<\/a>. O Ex\u00e9rcito gastou o dobro disso para cada um dos coron\u00e9is. Os valores deste ano, no entanto, s\u00f3 ser\u00e3o divulgados depois da viagem.<\/p>\n<p>Oficialmente, o Ex\u00e9rcito confirma que custear\u00e1 a viagem de 61 militares em 2019 (quatro instrutores e 57 alunos). Apesar de as esposas estarem na lista de viagem, a institui\u00e7\u00e3o garante que vai bancar apenas os servidores. \u201cA Eceme n\u00e3o se envolve em quest\u00f5es relacionadas aos acompanhantes\u201d, disse o Ex\u00e9rcito, em resposta via Lei de Acesso \u00e0 Informa\u00e7\u00e3o. \u201cA eventual presen\u00e7a de familiares juntos aos militares ocorre segundo crit\u00e9rio pessoal, sem custos para a uni\u00e3o e sem preju\u00edzo das atividades de instru\u00e7\u00e3o.\u201d<\/p>\n<\/div>\n<\/div>\n<div class=\"InlineDonationPromo\" data-reactid=\"176\"><\/div>\n","protected":false},"excerpt":{"rendered":"<p>No The Intercept &#8211; O ROTEIRO COME\u00c7A por Paris. O dia \u00e9 livre, mas h\u00e1 a op\u00e7\u00e3o de conhecer o Pal\u00e1cio de Versalhes. Depois, o grupo segue para a Galeria Lafayette, uma luxuosa loja de departamentos que impressiona pela arquitetura. O grupo passa mais um dia na Cidade Luz antes de seguir de \u00f4nibus para&#8230;<a class=\"more-link\" href=\"http:\/\/blogdalucianaoliveira.com.br\/blog\/2019\/05\/02\/o-exercito-vai-pagar-um-tour-milionario-de-coroneis-pela-europa\/\">Continue a leitura <span class=\"meta-nav\">&raquo;<\/span><\/a><\/p>\n","protected":false},"author":1,"featured_media":0,"comment_status":"closed","ping_status":"open","sticky":false,"template":"","format":"standard","meta":{"_exactmetrics_skip_tracking":false,"_exactmetrics_sitenote_active":false,"_exactmetrics_sitenote_note":"","_exactmetrics_sitenote_category":0,"jetpack_post_was_ever_published":false,"_jetpack_newsletter_access":"","_jetpack_dont_email_post_to_subs":false,"_jetpack_newsletter_tier_id":0,"_jetpack_memberships_contains_paywalled_content":false,"_jetpack_memberships_contains_paid_content":false,"footnotes":"","jetpack_publicize_message":"","jetpack_publicize_feature_enabled":true,"jetpack_social_post_already_shared":true,"jetpack_social_options":{"image_generator_settings":{"template":"highway","enabled":false},"version":2}},"categories":[1],"tags":[],"class_list":["post-21528","post","type-post","status-publish","format-standard","hentry","category-notas"],"jetpack_publicize_connections":[],"jetpack_sharing_enabled":true,"jetpack_featured_media_url":"","jetpack_shortlink":"https:\/\/wp.me\/p7wKYW-5Be","jetpack-related-posts":[],"_links":{"self":[{"href":"http:\/\/blogdalucianaoliveira.com.br\/blog\/wp-json\/wp\/v2\/posts\/21528","targetHints":{"allow":["GET"]}}],"collection":[{"href":"http:\/\/blogdalucianaoliveira.com.br\/blog\/wp-json\/wp\/v2\/posts"}],"about":[{"href":"http:\/\/blogdalucianaoliveira.com.br\/blog\/wp-json\/wp\/v2\/types\/post"}],"author":[{"embeddable":true,"href":"http:\/\/blogdalucianaoliveira.com.br\/blog\/wp-json\/wp\/v2\/users\/1"}],"replies":[{"embeddable":true,"href":"http:\/\/blogdalucianaoliveira.com.br\/blog\/wp-json\/wp\/v2\/comments?post=21528"}],"version-history":[{"count":1,"href":"http:\/\/blogdalucianaoliveira.com.br\/blog\/wp-json\/wp\/v2\/posts\/21528\/revisions"}],"predecessor-version":[{"id":21530,"href":"http:\/\/blogdalucianaoliveira.com.br\/blog\/wp-json\/wp\/v2\/posts\/21528\/revisions\/21530"}],"wp:attachment":[{"href":"http:\/\/blogdalucianaoliveira.com.br\/blog\/wp-json\/wp\/v2\/media?parent=21528"}],"wp:term":[{"taxonomy":"category","embeddable":true,"href":"http:\/\/blogdalucianaoliveira.com.br\/blog\/wp-json\/wp\/v2\/categories?post=21528"},{"taxonomy":"post_tag","embeddable":true,"href":"http:\/\/blogdalucianaoliveira.com.br\/blog\/wp-json\/wp\/v2\/tags?post=21528"}],"curies":[{"name":"wp","href":"https:\/\/api.w.org\/{rel}","templated":true}]}}