{"id":2169,"date":"2016-07-08T09:27:13","date_gmt":"2016-07-08T13:27:13","guid":{"rendered":"http:\/\/blogdalucianaoliveira.com.br\/blog\/?p=2169"},"modified":"2016-07-08T09:27:44","modified_gmt":"2016-07-08T13:27:44","slug":"arraial-do-mbl-sanfona-velha-do-fole-furado-so-faz-fum-so-faz-fum","status":"publish","type":"post","link":"http:\/\/blogdalucianaoliveira.com.br\/blog\/2016\/07\/08\/arraial-do-mbl-sanfona-velha-do-fole-furado-so-faz-fum-so-faz-fum\/","title":{"rendered":"Arraial do MBL: Sanfona velha do fole furado s\u00f3 faz fum, s\u00f3 faz fum"},"content":{"rendered":"<p><img data-recalc-dims=\"1\" loading=\"lazy\" decoding=\"async\" data-attachment-id=\"2170\" data-permalink=\"http:\/\/blogdalucianaoliveira.com.br\/blog\/2016\/07\/08\/arraial-do-mbl-sanfona-velha-do-fole-furado-so-faz-fum-so-faz-fum\/image-477\/\" data-orig-file=\"https:\/\/i0.wp.com\/blogdalucianaoliveira.com.br\/blog\/wp-content\/uploads\/2016\/07\/image-31.jpeg?fit=933%2C445\" data-orig-size=\"933,445\" data-comments-opened=\"0\" data-image-meta=\"{&quot;aperture&quot;:&quot;0&quot;,&quot;credit&quot;:&quot;&quot;,&quot;camera&quot;:&quot;&quot;,&quot;caption&quot;:&quot;&quot;,&quot;created_timestamp&quot;:&quot;0&quot;,&quot;copyright&quot;:&quot;&quot;,&quot;focal_length&quot;:&quot;0&quot;,&quot;iso&quot;:&quot;0&quot;,&quot;shutter_speed&quot;:&quot;0&quot;,&quot;title&quot;:&quot;&quot;,&quot;orientation&quot;:&quot;1&quot;}\" data-image-title=\"image\" data-image-description=\"\" data-image-caption=\"\" data-medium-file=\"https:\/\/i0.wp.com\/blogdalucianaoliveira.com.br\/blog\/wp-content\/uploads\/2016\/07\/image-31.jpeg?fit=300%2C143\" data-large-file=\"https:\/\/i0.wp.com\/blogdalucianaoliveira.com.br\/blog\/wp-content\/uploads\/2016\/07\/image-31.jpeg?fit=600%2C286\" src=\"https:\/\/i0.wp.com\/blogdalucianaoliveira.com.br\/blog\/wp-content\/uploads\/2016\/07\/image-31.jpeg?resize=600%2C286\" alt=\"image\" width=\"600\" height=\"286\" class=\"alignnone size-full wp-image-2170\" srcset=\"https:\/\/i0.wp.com\/blogdalucianaoliveira.com.br\/blog\/wp-content\/uploads\/2016\/07\/image-31.jpeg?w=933 933w, https:\/\/i0.wp.com\/blogdalucianaoliveira.com.br\/blog\/wp-content\/uploads\/2016\/07\/image-31.jpeg?resize=300%2C143 300w, https:\/\/i0.wp.com\/blogdalucianaoliveira.com.br\/blog\/wp-content\/uploads\/2016\/07\/image-31.jpeg?resize=768%2C366 768w, https:\/\/i0.wp.com\/blogdalucianaoliveira.com.br\/blog\/wp-content\/uploads\/2016\/07\/image-31.jpeg?resize=629%2C300 629w\" sizes=\"auto, (max-width: 600px) 100vw, 600px\" \/><\/p>\n<p>Festa-mico do MBL: nem a quadrilha apareceu!<br \/>\n<!--more--><\/p>\n<p>Carr\u00e3o na ciclofaixa, vinho clandestino, comerciantes enganados e o mau humor do Kim Kataguiri: o que vimos na festa junina do MBL<\/p>\n<p>Por Fl\u00e1via Martinelli e Adolfo V\u00e1rzea para os Jornalistas Livres<\/p>\n<p>Kim Kataguiri at\u00e9 parecia animadinho no v\u00eddeo em que convocava sua galera para o Arraial do MBL, o auto-denominado Movimento Brasil Livre, um dos grupelhos que organizou atos pr\u00f3-impeachment com a conversa fiada de que era apartid\u00e1rio e apol\u00edtico.<\/p>\n<p> \u201cVai ser no doming\u00e3o, dia em que voc\u00ea n\u00e3o vai fazer absolutamente nada al\u00e9m ficar vendo Faust\u00e3o!\u201d, convidava o garoto-propaganda de 19 anos. Famoso pelo mullet no cabelo e por usar o repert\u00f3rio da s\u00e9rie infanto-juvenil Power Rangers para convocar militantes pr\u00f3-impeachment em sua coluna no jornal \u201cFolha de S.Paulo\u201d, Kim anunciava as celebridades do evento: \u201cVai ter Ronaldo Caiado! Vai ter Danilo Gentilli! Vai ter o Pauderney, o l\u00edder do DEM na C\u00e2mara dos Deputados!\u201d. Kim contava que tamb\u00e9m haveria comida e bebida. \u201cMas n\u00e3o alc\u00f3olica!\u201d, ressaltava.<\/p>\n<p>Ao seu lado, no v\u00eddeo, aparecia Fernando Silva, de 19 anos, que escolheu Holiday como sobrenome. Silva ficou famoso por vociferar improp\u00e9rios contra negros. Diz que \u201cpor ter mais melanina\u201d, n\u00e3o precisa \u201croubar vagas dos outros na universidade\u201d. O rapaz j\u00e1 comparou os negros que lutam pela pol\u00edtica de cotas a \u201cvermes\u201d, \u201cporcos no chiqueiro fu\u00e7ando a lama do resto do Estado\u201d e \u201cparasitas atr\u00e1s do Estado querendo corroer cada vez mais e mais, com esse discurso de merda, com esse discurso lixo\u201d.<\/p>\n<p>Numa sess\u00e3o solene da C\u00e2mara dos Deputados, Silva rasgou o \u201cHino \u00e0 Negritude\u201d. Era o Dia Internacional de Luta contra a Discrimina\u00e7\u00e3o Racial. O deputado Vicentinho (PT-SP), presente na ocasi\u00e3o, apenas lamentou ver \u201cum jovem negro sendo usado pela direita branca desse pa\u00eds.\u201d No v\u00eddeo em que convidava para a festa junina do MBL, Silva sorria, simpatic\u00e3o, e dizia que a quermesse seria um momento para \u201cbater um papo bem legal e, claro, curtir a fogueira de S\u00e3o Jo\u00e3o\u201d<\/p>\n<div class=\"jetpack-video-wrapper\"><iframe loading=\"lazy\" title=\"Arrial do MBL \u00e9 um estrondoso fiasco! - Jornalistas Livres\" width=\"600\" height=\"338\" src=\"https:\/\/www.youtube.com\/embed\/UeWISA34p5A?feature=oembed\" frameborder=\"0\" allow=\"accelerometer; autoplay; clipboard-write; encrypted-media; gyroscope; picture-in-picture; web-share\" referrerpolicy=\"strict-origin-when-cross-origin\" allowfullscreen><\/iframe><\/div>\n<p>DA FOGUEIRA \u00c0 PROMESSA DE ANIMA\u00c7\u00c3O, TUDO ERA FALSO NO ARRAIAL DO GRUPELHO QUE SE DIZIA APARTID\u00c1RIO E HOJE TEM CANDIDATOS PELO DEM E PMDB<\/p>\n<p>Endinheirados no palco dos estupradores<\/p>\n<p>O evento foi aberto a todos que se dispusessem a pagar R$ 25 pelo convite comprado pela internet ou no local do evento que, por sinal, merece destaque. A festinha do MBL aconteceu na Associa\u00e7\u00e3o Atl\u00e9tica Acad\u00eamica Oswaldo Cruz (AAAOC), a Atl\u00e9tica da Medicina da USP, o curso mais concorrido da universidade mais prestigiosa do Brasil.<\/p>\n<p>Na piscina da AAAOC, um calouro de 22 anos foi morto durante a festa de recep\u00e7\u00e3o dos bichos em 1999. De l\u00e1 para c\u00e1, o local tamb\u00e9m apareceu no notici\u00e1rio como cen\u00e1rio de in\u00fameras den\u00fancias de casos graves de abusos sexuais, incluindo estupros (alguns coletivos), castigos f\u00edsicos, humilha\u00e7\u00f5es, machismo, racismo e discrimina\u00e7\u00e3o social que ganharam investiga\u00e7\u00e3o do Minist\u00e9rio P\u00fablico (MP-SP) e da Comiss\u00e3o de Direitos Humanos da Assembleia Legislativa de S\u00e3o Paulo.<\/p>\n<p><img data-recalc-dims=\"1\" loading=\"lazy\" decoding=\"async\" data-attachment-id=\"2171\" data-permalink=\"http:\/\/blogdalucianaoliveira.com.br\/blog\/2016\/07\/08\/arraial-do-mbl-sanfona-velha-do-fole-furado-so-faz-fum-so-faz-fum\/image-478\/\" data-orig-file=\"https:\/\/i0.wp.com\/blogdalucianaoliveira.com.br\/blog\/wp-content\/uploads\/2016\/07\/image-32.jpeg?fit=1024%2C695\" data-orig-size=\"1024,695\" data-comments-opened=\"0\" data-image-meta=\"{&quot;aperture&quot;:&quot;0&quot;,&quot;credit&quot;:&quot;&quot;,&quot;camera&quot;:&quot;&quot;,&quot;caption&quot;:&quot;&quot;,&quot;created_timestamp&quot;:&quot;0&quot;,&quot;copyright&quot;:&quot;&quot;,&quot;focal_length&quot;:&quot;0&quot;,&quot;iso&quot;:&quot;0&quot;,&quot;shutter_speed&quot;:&quot;0&quot;,&quot;title&quot;:&quot;&quot;,&quot;orientation&quot;:&quot;1&quot;}\" data-image-title=\"image\" data-image-description=\"\" data-image-caption=\"\" data-medium-file=\"https:\/\/i0.wp.com\/blogdalucianaoliveira.com.br\/blog\/wp-content\/uploads\/2016\/07\/image-32.jpeg?fit=300%2C204\" data-large-file=\"https:\/\/i0.wp.com\/blogdalucianaoliveira.com.br\/blog\/wp-content\/uploads\/2016\/07\/image-32.jpeg?fit=600%2C407\" src=\"https:\/\/i0.wp.com\/blogdalucianaoliveira.com.br\/blog\/wp-content\/uploads\/2016\/07\/image-32.jpeg?resize=600%2C407\" alt=\"image\" width=\"600\" height=\"407\" class=\"alignnone size-full wp-image-2171\" srcset=\"https:\/\/i0.wp.com\/blogdalucianaoliveira.com.br\/blog\/wp-content\/uploads\/2016\/07\/image-32.jpeg?w=1024 1024w, https:\/\/i0.wp.com\/blogdalucianaoliveira.com.br\/blog\/wp-content\/uploads\/2016\/07\/image-32.jpeg?resize=300%2C204 300w, https:\/\/i0.wp.com\/blogdalucianaoliveira.com.br\/blog\/wp-content\/uploads\/2016\/07\/image-32.jpeg?resize=768%2C521 768w, https:\/\/i0.wp.com\/blogdalucianaoliveira.com.br\/blog\/wp-content\/uploads\/2016\/07\/image-32.jpeg?resize=442%2C300 442w\" sizes=\"auto, (max-width: 600px) 100vw, 600px\" \/><\/p>\n<p>O MBL pagou R$ 6.625 pelo aluguel do distinto local \u2013 num acordo em que depois do cent\u00e9simo ingresso vendido o valor dos bilhetes era repartido entre a Atl\u00e9tica e os promotores da festa. Compareceram 170 pessoas, metade dos convivas estimados para o evento ou 25% dos que haviam manifestado interesse em participar no Facebook, o que representa menos de 5% dos 4 mil convidados. A bilheteria arrecadou m\u00f3dicos R$ 2500.<\/p>\n<p>Foi preju\u00edzo pra todo mundo. At\u00e9 para os prestadores de servi\u00e7os das quatro ou cinco barraquinhas de comida. \u201cPerdi a chance de faturar numa festa grande, em pleno Dia de S\u00e3o Jo\u00e3o, porque eles falaram que ia ter gente de grana nesse evento\u201d, contou um dos fornecedores que n\u00e3o sabia o que \u00e9 MBL.<\/p>\n<p>Os carros estacionados ilegalmente na ciclofaixa, que fica na rua do clube, tornavam evidente que os convidados (alguns endinheirados) desprezam a lei e as coisas p\u00fablicas. \u201cEles n\u00e3o gastaram muito, n\u00e3o. Vendi pouco. Isso aqui t\u00e1 muito ruim\u201d, completou o vendedor.<\/p>\n<p><img data-recalc-dims=\"1\" loading=\"lazy\" decoding=\"async\" data-attachment-id=\"2172\" data-permalink=\"http:\/\/blogdalucianaoliveira.com.br\/blog\/2016\/07\/08\/arraial-do-mbl-sanfona-velha-do-fole-furado-so-faz-fum-so-faz-fum\/image-479\/\" data-orig-file=\"https:\/\/i0.wp.com\/blogdalucianaoliveira.com.br\/blog\/wp-content\/uploads\/2016\/07\/image-33.jpeg?fit=678%2C471\" data-orig-size=\"678,471\" data-comments-opened=\"0\" data-image-meta=\"{&quot;aperture&quot;:&quot;0&quot;,&quot;credit&quot;:&quot;&quot;,&quot;camera&quot;:&quot;&quot;,&quot;caption&quot;:&quot;&quot;,&quot;created_timestamp&quot;:&quot;0&quot;,&quot;copyright&quot;:&quot;&quot;,&quot;focal_length&quot;:&quot;0&quot;,&quot;iso&quot;:&quot;0&quot;,&quot;shutter_speed&quot;:&quot;0&quot;,&quot;title&quot;:&quot;&quot;,&quot;orientation&quot;:&quot;1&quot;}\" data-image-title=\"image\" data-image-description=\"\" data-image-caption=\"\" data-medium-file=\"https:\/\/i0.wp.com\/blogdalucianaoliveira.com.br\/blog\/wp-content\/uploads\/2016\/07\/image-33.jpeg?fit=300%2C208\" data-large-file=\"https:\/\/i0.wp.com\/blogdalucianaoliveira.com.br\/blog\/wp-content\/uploads\/2016\/07\/image-33.jpeg?fit=600%2C417\" src=\"https:\/\/i0.wp.com\/blogdalucianaoliveira.com.br\/blog\/wp-content\/uploads\/2016\/07\/image-33.jpeg?resize=600%2C417\" alt=\"image\" width=\"600\" height=\"417\" class=\"alignnone size-full wp-image-2172\" srcset=\"https:\/\/i0.wp.com\/blogdalucianaoliveira.com.br\/blog\/wp-content\/uploads\/2016\/07\/image-33.jpeg?w=678 678w, https:\/\/i0.wp.com\/blogdalucianaoliveira.com.br\/blog\/wp-content\/uploads\/2016\/07\/image-33.jpeg?resize=300%2C208 300w, https:\/\/i0.wp.com\/blogdalucianaoliveira.com.br\/blog\/wp-content\/uploads\/2016\/07\/image-33.jpeg?resize=432%2C300 432w\" sizes=\"auto, (max-width: 600px) 100vw, 600px\" \/><\/p>\n<p>Vinho clandestino na caneca \u201cSomos todos Moro\u201d<\/p>\n<p>Numa tentativa de se infiltrar no rolezinho da direita, dois Jornalistas Livres foram conferir a quermesse. A expectativa era de, ao menos, participar das rodinhas de conversa para saber como comemoram os que se dizem arautos do golpe. Mas nem isso deu.<\/p>\n<p>Depois horas entediantes no evento, a conclus\u00e3o foi uma s\u00f3: assim como o pr\u00f3prio MBL, quase tudo o que se viu naquela festa junina foi de mentira. Da promessa vazia de uma evento animado ao papinho furado de que n\u00e3o teria bebida alco\u00f3lica no convescote, passando pela decora\u00e7\u00e3o gourmetizada de espantalhos limpinhos e estilizados. At\u00e9 a fogueira do MBL era fake, feita de panos esvoa\u00e7antes iluminados com luzes fluorescentes\u2026<\/p>\n<p>Teve \u00e1lcool na festinha, sim, senhor! Vinho quente adocicado de garraf\u00e3o. Circulou no bar por R$ 6. Uma diminuta fila de espera, de n\u00e3o mais do que 10 pessoas, aguardava ansiosa para ser servida. Cada um tinha sua pr\u00f3pria caneca com os dizeres \u201cSomos todos Moro\u201d. Essa, por sua vez, era vendida por R$ 40 na barraquinha do MBL \u2013 \u201cno site custa R$ 50, viu? Leva a sua j\u00e1\u201d, propagandeou a militante que j\u00e1 tem como certa a candidatura do juiz \u00e0 presid\u00eancia.<\/p>\n<p><img data-recalc-dims=\"1\" loading=\"lazy\" decoding=\"async\" data-attachment-id=\"2173\" data-permalink=\"http:\/\/blogdalucianaoliveira.com.br\/blog\/2016\/07\/08\/arraial-do-mbl-sanfona-velha-do-fole-furado-so-faz-fum-so-faz-fum\/image-480\/\" data-orig-file=\"https:\/\/i0.wp.com\/blogdalucianaoliveira.com.br\/blog\/wp-content\/uploads\/2016\/07\/image-34.jpeg?fit=720%2C968\" data-orig-size=\"720,968\" data-comments-opened=\"0\" data-image-meta=\"{&quot;aperture&quot;:&quot;0&quot;,&quot;credit&quot;:&quot;&quot;,&quot;camera&quot;:&quot;&quot;,&quot;caption&quot;:&quot;&quot;,&quot;created_timestamp&quot;:&quot;0&quot;,&quot;copyright&quot;:&quot;&quot;,&quot;focal_length&quot;:&quot;0&quot;,&quot;iso&quot;:&quot;0&quot;,&quot;shutter_speed&quot;:&quot;0&quot;,&quot;title&quot;:&quot;&quot;,&quot;orientation&quot;:&quot;1&quot;}\" data-image-title=\"image\" data-image-description=\"\" data-image-caption=\"\" data-medium-file=\"https:\/\/i0.wp.com\/blogdalucianaoliveira.com.br\/blog\/wp-content\/uploads\/2016\/07\/image-34.jpeg?fit=223%2C300\" data-large-file=\"https:\/\/i0.wp.com\/blogdalucianaoliveira.com.br\/blog\/wp-content\/uploads\/2016\/07\/image-34.jpeg?fit=600%2C807\" src=\"https:\/\/i0.wp.com\/blogdalucianaoliveira.com.br\/blog\/wp-content\/uploads\/2016\/07\/image-34.jpeg?resize=600%2C807\" alt=\"image\" width=\"600\" height=\"807\" class=\"alignnone size-full wp-image-2173\" srcset=\"https:\/\/i0.wp.com\/blogdalucianaoliveira.com.br\/blog\/wp-content\/uploads\/2016\/07\/image-34.jpeg?w=720 720w, https:\/\/i0.wp.com\/blogdalucianaoliveira.com.br\/blog\/wp-content\/uploads\/2016\/07\/image-34.jpeg?resize=223%2C300 223w\" sizes=\"auto, (max-width: 600px) 100vw, 600px\" \/><\/p>\n<p>Mas, ah, por que diabos at\u00e9 o vinho tinha que ser escondido, clandestino, na festa junina do MBL? \u201cHouve um suposto estupro aqui nesse clube e por isso o pessoal da faculdade n\u00e3o deixa vender bebida no bar\u201d, contou outra militante que, com perspic\u00e1cia, fez quest\u00e3o de dar \u00eanfase, muita \u00eanfase, no suposto do estupro. Ela tamb\u00e9m fez o gesto de aspas no ar com dois dedos das m\u00e3os. E logo completou: \u201cMas a gente est\u00e1 comprando vinho e o clube t\u00e1 fazendo vista grossa\u201d, revelou.<\/p>\n<p>Cada um no seu quadrado<\/p>\n<p>O local \u00e9 capaz de recepcionar 500 pessoas. Sendo otimista, contava com no m\u00e1ximo 50 visitantes \u00e0s 19 horas, hor\u00e1rio de pico de qualquer quermesse de condom\u00ednio. At\u00e9 o fim do evento, \u00e0s 22 horas, nenhum sorriso foi retribu\u00eddo e ningu\u00e9m bateu nenhum \u201cpapo legal\u201d com os rep\u00f3rteres que se dispuseram a fazer amigos e conhecer pessoas num verdadeiro esfor\u00e7o de reportagem. O m\u00e1ximo que ganhamos foram olhares ressabiados.<\/p>\n<p><img data-recalc-dims=\"1\" loading=\"lazy\" decoding=\"async\" data-attachment-id=\"2174\" data-permalink=\"http:\/\/blogdalucianaoliveira.com.br\/blog\/2016\/07\/08\/arraial-do-mbl-sanfona-velha-do-fole-furado-so-faz-fum-so-faz-fum\/image-481\/\" data-orig-file=\"https:\/\/i0.wp.com\/blogdalucianaoliveira.com.br\/blog\/wp-content\/uploads\/2016\/07\/image-35.jpeg?fit=1024%2C576\" data-orig-size=\"1024,576\" data-comments-opened=\"0\" data-image-meta=\"{&quot;aperture&quot;:&quot;0&quot;,&quot;credit&quot;:&quot;&quot;,&quot;camera&quot;:&quot;&quot;,&quot;caption&quot;:&quot;&quot;,&quot;created_timestamp&quot;:&quot;0&quot;,&quot;copyright&quot;:&quot;&quot;,&quot;focal_length&quot;:&quot;0&quot;,&quot;iso&quot;:&quot;0&quot;,&quot;shutter_speed&quot;:&quot;0&quot;,&quot;title&quot;:&quot;&quot;,&quot;orientation&quot;:&quot;1&quot;}\" data-image-title=\"image\" data-image-description=\"\" data-image-caption=\"\" data-medium-file=\"https:\/\/i0.wp.com\/blogdalucianaoliveira.com.br\/blog\/wp-content\/uploads\/2016\/07\/image-35.jpeg?fit=300%2C169\" data-large-file=\"https:\/\/i0.wp.com\/blogdalucianaoliveira.com.br\/blog\/wp-content\/uploads\/2016\/07\/image-35.jpeg?fit=600%2C338\" src=\"https:\/\/i0.wp.com\/blogdalucianaoliveira.com.br\/blog\/wp-content\/uploads\/2016\/07\/image-35.jpeg?resize=600%2C338\" alt=\"image\" width=\"600\" height=\"338\" class=\"alignnone size-full wp-image-2174\" srcset=\"https:\/\/i0.wp.com\/blogdalucianaoliveira.com.br\/blog\/wp-content\/uploads\/2016\/07\/image-35.jpeg?w=1024 1024w, https:\/\/i0.wp.com\/blogdalucianaoliveira.com.br\/blog\/wp-content\/uploads\/2016\/07\/image-35.jpeg?resize=300%2C169 300w, https:\/\/i0.wp.com\/blogdalucianaoliveira.com.br\/blog\/wp-content\/uploads\/2016\/07\/image-35.jpeg?resize=768%2C432 768w, https:\/\/i0.wp.com\/blogdalucianaoliveira.com.br\/blog\/wp-content\/uploads\/2016\/07\/image-35.jpeg?resize=533%2C300 533w\" sizes=\"auto, (max-width: 600px) 100vw, 600px\" \/><\/p>\n<p>Um rapaz grand\u00e3o de jaqueta com os dizeres \u201cPOLI USP\u201d em letras garrafais deu uma boa encarada quando passamos a tirar fotos. Foi um vacilo. Aquele cen\u00e1rio, nem de longe, merecia registro. Tamb\u00e9m sentimos desconfian\u00e7a quando nos aproximamos das pessoas. Pudera. As rodinhas de conversa, em geral, estavam separadas por g\u00eanero: de homens ou mulheres. Quanto aos casais, todos h\u00e9teros, era cada um no seu quadrado. Apenas uma dupla desajeitada prestigiou o sanfoneiro Ismar. Ele ficou feliz, at\u00e9 caprichou no forr\u00f3 e o DJ aumentou o som. Mas a estrat\u00e9gia n\u00e3o atraiu mais ningu\u00e9m para o arrasta-p\u00e9.<\/p>\n<p>PARA PIORAR O CLIMA, O SANFONEIRO FOI EMBORA ANTES DO FIM DA FESTA E A CANECA SOMOS TODOS MORO CUSTAVA R$ 40<\/p>\n<p>Nem a quadrilha completa apareceu<\/p>\n<p>Pra piorar, pobre Kim, nem a quadrilha completa de \u201ccelebridades\u201d apareceu no seu arraial. N\u00e3o teve Danilo Gentilli, o humorista que chamou a senadora Regina Souza, mulher negra do Piau\u00ed, de tia do caf\u00e9 e j\u00e1 humilhou uma seguidora do Twitter por ser gorda. O senador ruralista Ronaldo Caiado (DEM), que responde a den\u00fancias de campanhas financiadas pelo bicheiro Carlinhos Cachoeira em Goi\u00e1s, tamb\u00e9m deu o cano.<\/p>\n<p>Das estrelas alardeadas por Kim, o \u00fanico que deu as caras foi padrinho pol\u00edtico do MBL, o deputado Pauderney Avelino (DEM-AM) que apoia o jovem Fernando Silva, ops, Holiday, em sua pr\u00e9-candidatura a vereador pelo DEM. Puxa\u2026 Ele chegou cedo e saiu r\u00e1pidinho. Os Jornalistas Livres perderam.<\/p>\n<p><img data-recalc-dims=\"1\" loading=\"lazy\" decoding=\"async\" data-attachment-id=\"2175\" data-permalink=\"http:\/\/blogdalucianaoliveira.com.br\/blog\/2016\/07\/08\/arraial-do-mbl-sanfona-velha-do-fole-furado-so-faz-fum-so-faz-fum\/image-482\/\" data-orig-file=\"https:\/\/i0.wp.com\/blogdalucianaoliveira.com.br\/blog\/wp-content\/uploads\/2016\/07\/image-36.jpeg?fit=1024%2C672\" data-orig-size=\"1024,672\" data-comments-opened=\"0\" data-image-meta=\"{&quot;aperture&quot;:&quot;0&quot;,&quot;credit&quot;:&quot;&quot;,&quot;camera&quot;:&quot;&quot;,&quot;caption&quot;:&quot;&quot;,&quot;created_timestamp&quot;:&quot;0&quot;,&quot;copyright&quot;:&quot;&quot;,&quot;focal_length&quot;:&quot;0&quot;,&quot;iso&quot;:&quot;0&quot;,&quot;shutter_speed&quot;:&quot;0&quot;,&quot;title&quot;:&quot;&quot;,&quot;orientation&quot;:&quot;1&quot;}\" data-image-title=\"image\" data-image-description=\"\" data-image-caption=\"\" data-medium-file=\"https:\/\/i0.wp.com\/blogdalucianaoliveira.com.br\/blog\/wp-content\/uploads\/2016\/07\/image-36.jpeg?fit=300%2C197\" data-large-file=\"https:\/\/i0.wp.com\/blogdalucianaoliveira.com.br\/blog\/wp-content\/uploads\/2016\/07\/image-36.jpeg?fit=600%2C394\" src=\"https:\/\/i0.wp.com\/blogdalucianaoliveira.com.br\/blog\/wp-content\/uploads\/2016\/07\/image-36.jpeg?resize=600%2C394\" alt=\"image\" width=\"600\" height=\"394\" class=\"alignnone size-full wp-image-2175\" srcset=\"https:\/\/i0.wp.com\/blogdalucianaoliveira.com.br\/blog\/wp-content\/uploads\/2016\/07\/image-36.jpeg?w=1024 1024w, https:\/\/i0.wp.com\/blogdalucianaoliveira.com.br\/blog\/wp-content\/uploads\/2016\/07\/image-36.jpeg?resize=300%2C197 300w, https:\/\/i0.wp.com\/blogdalucianaoliveira.com.br\/blog\/wp-content\/uploads\/2016\/07\/image-36.jpeg?resize=768%2C504 768w, https:\/\/i0.wp.com\/blogdalucianaoliveira.com.br\/blog\/wp-content\/uploads\/2016\/07\/image-36.jpeg?resize=457%2C300 457w\" sizes=\"auto, (max-width: 600px) 100vw, 600px\" \/><\/p>\n<p>O congressista \u00e9 velho conhecido das listas de esc\u00e2ndalos pol\u00edticos e corrup\u00e7\u00e3o. Em mar\u00e7o, foi condenado a devolver cerca de R$ 4,6 milh\u00f5es desviados em contratos ilegais e superfaturados de alugu\u00e9is de im\u00f3veis para escolas quando foi secret\u00e1rio de Educa\u00e7\u00e3o de Manaus. Pauderney ainda foi denunciado pela revista Veja, aquela considerada pelo MBL como excelente fonte de informa\u00e7\u00f5es, como benefici\u00e1rio do recebimento de R$ 250 mil de empresas citadas na Lava Jato para sua campanha de 2014.<\/p>\n<p>Apesar de menos prestigiado \u2013 por nem sequer ser citado como destaque do dia no v\u00eddeo do MBL \u00ad\u2013, outro pol\u00edtico que deu o ar da gra\u00e7a foi o deputado federal Darcisio Perondi do PMDB-RS. Se ficha suja era requisito, ele cumpriu o protocolo. Perondi teve as contas de sua elei\u00e7\u00e3o de 2002 rejeitadas pelo Tribunal Regional Eleitoral do Rio Grande do Sul. M\u00e9dico, ficou conhecido em todo o Brasil por ter cobrado consultas de pacientes pelo Sistema \u00danico de Sa\u00fade (SUS) quando era presidente de um hospital em Iju\u00ed (RS). Em parceria com outros 13 indiciados, foi acusado de enriquecimento il\u00edcito, preju\u00edzo ao er\u00e1rio, atentado contra os princ\u00edpios da administra\u00e7\u00e3o p\u00fablica, estelionato e forma\u00e7\u00e3o de quadrilha. O arraial adorou.<\/p>\n<p><img data-recalc-dims=\"1\" loading=\"lazy\" decoding=\"async\" data-attachment-id=\"2177\" data-permalink=\"http:\/\/blogdalucianaoliveira.com.br\/blog\/2016\/07\/08\/arraial-do-mbl-sanfona-velha-do-fole-furado-so-faz-fum-so-faz-fum\/image-484\/\" data-orig-file=\"https:\/\/i0.wp.com\/blogdalucianaoliveira.com.br\/blog\/wp-content\/uploads\/2016\/07\/image-1.png?fit=506%2C502\" data-orig-size=\"506,502\" data-comments-opened=\"0\" data-image-meta=\"{&quot;aperture&quot;:&quot;0&quot;,&quot;credit&quot;:&quot;&quot;,&quot;camera&quot;:&quot;&quot;,&quot;caption&quot;:&quot;&quot;,&quot;created_timestamp&quot;:&quot;0&quot;,&quot;copyright&quot;:&quot;&quot;,&quot;focal_length&quot;:&quot;0&quot;,&quot;iso&quot;:&quot;0&quot;,&quot;shutter_speed&quot;:&quot;0&quot;,&quot;title&quot;:&quot;&quot;,&quot;orientation&quot;:&quot;0&quot;}\" data-image-title=\"image\" data-image-description=\"\" data-image-caption=\"\" data-medium-file=\"https:\/\/i0.wp.com\/blogdalucianaoliveira.com.br\/blog\/wp-content\/uploads\/2016\/07\/image-1.png?fit=300%2C298\" data-large-file=\"https:\/\/i0.wp.com\/blogdalucianaoliveira.com.br\/blog\/wp-content\/uploads\/2016\/07\/image-1.png?fit=506%2C502\" src=\"https:\/\/i0.wp.com\/blogdalucianaoliveira.com.br\/blog\/wp-content\/uploads\/2016\/07\/image-1.png?resize=506%2C502\" alt=\"image\" width=\"506\" height=\"502\" class=\"alignnone size-full wp-image-2177\" srcset=\"https:\/\/i0.wp.com\/blogdalucianaoliveira.com.br\/blog\/wp-content\/uploads\/2016\/07\/image-1.png?w=506 506w, https:\/\/i0.wp.com\/blogdalucianaoliveira.com.br\/blog\/wp-content\/uploads\/2016\/07\/image-1.png?resize=150%2C150 150w, https:\/\/i0.wp.com\/blogdalucianaoliveira.com.br\/blog\/wp-content\/uploads\/2016\/07\/image-1.png?resize=300%2C298 300w, https:\/\/i0.wp.com\/blogdalucianaoliveira.com.br\/blog\/wp-content\/uploads\/2016\/07\/image-1.png?resize=302%2C300 302w\" sizes=\"auto, (max-width: 506px) 100vw, 506px\" \/><\/p>\n<p>Lider \u201cabafado\u201d do MBL na foto com padrinho pol\u00edtico<\/p>\n<p>Na \u00fanica foto do arraial do MBL que foi divulgada no facebook, Kim e Silva, ops, Holiday, aparecem com Pauderney e um outro integrante do grupelho, Renan Ant\u00f4nio Ferreira dos Santos. O rapaz de 33 anos andava sumido. Apresentado como o terceiro trip\u00e9 de lideran\u00e7a o MBL, a imagem de Renan n\u00e3o \u00e9 mais usada em fotos, v\u00eddeos em materiais de divulga\u00e7\u00e3o desde que ele foi flagrado em \u00e1udio que assume o recebimento de dinheiro do PSDB, PMDB, DEM e Solidariedade para organizar manifesta\u00e7\u00f5es contra Dilma.<\/p>\n<p>Seu nome tamb\u00e9m foi apontado em problemas na Justi\u00e7a. Nome, ali\u00e1s, que ele tentou escamotear. Diretor nacional do MBL, j\u00e1 assinou um artigo na Folha de S.Paulo (sempre ela) como Renan Henrique Ferreira dos Santos. No facebook, era Renan Haas e num pedido de impeachment da presidenta Dilma \u2013 entregue a Eduardo Cunha \u2013 rubricou como Renan Ant\u00f4nio. O despiste n\u00e3o deu certo. Mas tinha motivo.<\/p>\n<p>R\u00e9u em pelo menos 60 processos, Renan \u00e9 acusado em a\u00e7\u00f5es que incluem fechamento fraudulento de empresas, d\u00edvidas fiscais, fraude contra credores, calote em pagamento de d\u00edvidas e fornecedores, a\u00e7\u00f5es de danos morais e trabalhistas, etc. S\u00e3o processos que envolvem R$ 4,9 milh\u00f5es. Suas empresas e de sua fam\u00edlia tem neg\u00f3cios t\u00e3o variados como os relacionados \u00e0 venda de l\u00e2mpadas, distribui\u00e7\u00e3o e log\u00edstica, esquadrias e materiais met\u00e1licos, estamparia, filmagens, panifica\u00e7\u00e3o, engenharia e viagens e turismo.<\/p>\n<p>Uma dessas empresas, investigada numa reportagem da revista \u201cCarta Capital\u201d, cuida de neg\u00f3cios vultosos em com\u00e9rcio de produtos de siderurgia, mas possui sede numa portinhola em Jundia\u00ed (SP) com correspond\u00eancia entregue num modesto bazar onde ningu\u00e9m nunca ouviu falar de Renan e fam\u00edlia. \u00c9 tudo bem estranho.<\/p>\n<p>Mas passa a fazer sentido quando se sabe que Renan \u00e9 de Vinhedo (SP), cidade dos condom\u00ednios fechados que fica na regi\u00e3o de Campinas, e onde o MBL nasceu em meio a grupos pol\u00edticos dominados por investigados em corrup\u00e7\u00e3o. S\u00f3 para se ter uma ideia, foi l\u00e1 que o ex-prefeito Milton Serafim (PTB) renunciou para n\u00e3o ser cassado depois da senten\u00e7a de 32 anos de cadeia por receber propina em troca de facilita\u00e7\u00e3o de licen\u00e7as de loteamentos imobili\u00e1rios. Antes de suas quatro gest\u00f5es, Vinhedo tinha tr\u00eas condom\u00ednios de luxo. Depois de Serafim, quarenta.<\/p>\n<p>Renan, do MBL, j\u00e1 ganhou at\u00e9 homenagem na C\u00e2mara de Vinhedo. Recebeu as honrarias do presidente da casa, Rubens Nunes, pai de outro aguerrido militante do MBL, Rubinho Nunes que \u00e9 o respons\u00e1vel pelos assuntos jur\u00eddicos do MBL. Rubinho virou pr\u00e9-candidato a prefeito de Vinhedo pelo PMDB e \u00e9 bem pr\u00f3ximo de\u2026 A\u00e9cio Neves. Literalmente. Rubinho fez escolta para o senador que \u00e9 campe\u00e3o nas cita\u00e7\u00f5es da Lava Jato em uma das manifesta\u00e7\u00f5es golpistas. Eita, mundo pequeno!<\/p>\n<p>Vendedor de pamonha teve preju\u00edzo e ainda pagou R$42 ao MBL<\/p>\n<p>Mas nem toda essa influ\u00eancia, todas essas teias de rela\u00e7\u00f5es envoltas em poder e tr\u00e1fico de influ\u00eancias mudou o destino melanc\u00f3lico do arraial do MBL. Por volta das 21hs, uma hora antes do fim da festa, o pipoqueiro j\u00e1 tinha ido embora. O vinho clandestino, acabado. O churrasqueiro nem se deu ao trabalho de reacender a brasa \u00famida. Pizza? S\u00f3 se fosse um peda\u00e7o daquela que estava pronta, ainda nem na metade, de mozzarella. Dava para reaquecer na beira do forno.<\/p>\n<p>Tristeza maior, no entanto, veio do carrinho de milho e de pamonha. Pelo acordo com os organizadores da festa, de cada produto vendido a R$ 5, R$ 1 iria para o MBL. Uma mo\u00e7a alta, ent\u00e3o, passou na carrocinha para recolher a parte que lhe cabia. Colocou no bolso R$ 42. \u201c\u00c9\u2026 n\u00e3o vendi nem 50 pamonhas\u201d, disse o micro empres\u00e1rio que chegou a levar um ajudante na expectativa de bom faturamento. \u201cN\u00e3o sei dessa crise aqui, n\u00e3o. Mas se eu tivesse ido na quermesse do meu bairro ia faturar no m\u00ednimo umas 200 vendas. Qualquer festa d\u00e1 isso\u2026 E o pior \u00e9 que pamonha estraga, vai pro lixo\u201d, contou, inconsol\u00e1vel, pouco antes do sanfoneiro Ismar parar de tocar e botar sua sanfona no saco. Um DJ visivelmente entediado, ent\u00e3o, colocou um forrozinho na esperan\u00e7a de protelar o derradeiro fim.<\/p>\n","protected":false},"excerpt":{"rendered":"<p>Festa-mico do MBL: nem a quadrilha apareceu!<\/p>\n","protected":false},"author":1,"featured_media":0,"comment_status":"closed","ping_status":"open","sticky":false,"template":"","format":"standard","meta":{"_exactmetrics_skip_tracking":false,"_exactmetrics_sitenote_active":false,"_exactmetrics_sitenote_note":"","_exactmetrics_sitenote_category":0,"jetpack_post_was_ever_published":false,"_jetpack_newsletter_access":"","_jetpack_dont_email_post_to_subs":false,"_jetpack_newsletter_tier_id":0,"_jetpack_memberships_contains_paywalled_content":false,"_jetpack_memberships_contains_paid_content":false,"footnotes":"","jetpack_publicize_message":"","jetpack_publicize_feature_enabled":true,"jetpack_social_post_already_shared":true,"jetpack_social_options":{"image_generator_settings":{"template":"highway","enabled":false},"version":2}},"categories":[1],"tags":[145,144],"class_list":["post-2169","post","type-post","status-publish","format-standard","hentry","category-notas","tag-arraial","tag-mbl"],"jetpack_publicize_connections":[],"jetpack_sharing_enabled":true,"jetpack_featured_media_url":"","jetpack_shortlink":"https:\/\/wp.me\/p7wKYW-yZ","jetpack-related-posts":[],"_links":{"self":[{"href":"http:\/\/blogdalucianaoliveira.com.br\/blog\/wp-json\/wp\/v2\/posts\/2169","targetHints":{"allow":["GET"]}}],"collection":[{"href":"http:\/\/blogdalucianaoliveira.com.br\/blog\/wp-json\/wp\/v2\/posts"}],"about":[{"href":"http:\/\/blogdalucianaoliveira.com.br\/blog\/wp-json\/wp\/v2\/types\/post"}],"author":[{"embeddable":true,"href":"http:\/\/blogdalucianaoliveira.com.br\/blog\/wp-json\/wp\/v2\/users\/1"}],"replies":[{"embeddable":true,"href":"http:\/\/blogdalucianaoliveira.com.br\/blog\/wp-json\/wp\/v2\/comments?post=2169"}],"version-history":[{"count":2,"href":"http:\/\/blogdalucianaoliveira.com.br\/blog\/wp-json\/wp\/v2\/posts\/2169\/revisions"}],"predecessor-version":[{"id":2179,"href":"http:\/\/blogdalucianaoliveira.com.br\/blog\/wp-json\/wp\/v2\/posts\/2169\/revisions\/2179"}],"wp:attachment":[{"href":"http:\/\/blogdalucianaoliveira.com.br\/blog\/wp-json\/wp\/v2\/media?parent=2169"}],"wp:term":[{"taxonomy":"category","embeddable":true,"href":"http:\/\/blogdalucianaoliveira.com.br\/blog\/wp-json\/wp\/v2\/categories?post=2169"},{"taxonomy":"post_tag","embeddable":true,"href":"http:\/\/blogdalucianaoliveira.com.br\/blog\/wp-json\/wp\/v2\/tags?post=2169"}],"curies":[{"name":"wp","href":"https:\/\/api.w.org\/{rel}","templated":true}]}}