{"id":21828,"date":"2019-05-20T09:32:06","date_gmt":"2019-05-20T13:32:06","guid":{"rendered":"http:\/\/blogdalucianaoliveira.com.br\/blog\/?p=21828"},"modified":"2019-05-20T09:32:06","modified_gmt":"2019-05-20T13:32:06","slug":"bolsonaro-quer-fechar-congresso-e-stf-censurar-a-imprensa-e-perseguir-esquerda","status":"publish","type":"post","link":"http:\/\/blogdalucianaoliveira.com.br\/blog\/2019\/05\/20\/bolsonaro-quer-fechar-congresso-e-stf-censurar-a-imprensa-e-perseguir-esquerda\/","title":{"rendered":"Bolsonaro quer fechar Congresso e STF, censurar a imprensa e perseguir esquerda"},"content":{"rendered":"<p><img data-recalc-dims=\"1\" loading=\"lazy\" decoding=\"async\" data-attachment-id=\"21829\" data-permalink=\"http:\/\/blogdalucianaoliveira.com.br\/blog\/2019\/05\/20\/bolsonaro-quer-fechar-congresso-e-stf-censurar-a-imprensa-e-perseguir-esquerda\/celso-1-696x390\/\" data-orig-file=\"https:\/\/i0.wp.com\/blogdalucianaoliveira.com.br\/blog\/wp-content\/uploads\/2019\/05\/celso-1-696x390.png?fit=696%2C390\" data-orig-size=\"696,390\" data-comments-opened=\"0\" data-image-meta=\"{&quot;aperture&quot;:&quot;0&quot;,&quot;credit&quot;:&quot;&quot;,&quot;camera&quot;:&quot;&quot;,&quot;caption&quot;:&quot;&quot;,&quot;created_timestamp&quot;:&quot;0&quot;,&quot;copyright&quot;:&quot;&quot;,&quot;focal_length&quot;:&quot;0&quot;,&quot;iso&quot;:&quot;0&quot;,&quot;shutter_speed&quot;:&quot;0&quot;,&quot;title&quot;:&quot;&quot;,&quot;orientation&quot;:&quot;0&quot;}\" data-image-title=\"celso-1-696&amp;#215;390\" data-image-description=\"\" data-image-caption=\"\" data-medium-file=\"https:\/\/i0.wp.com\/blogdalucianaoliveira.com.br\/blog\/wp-content\/uploads\/2019\/05\/celso-1-696x390.png?fit=300%2C168\" data-large-file=\"https:\/\/i0.wp.com\/blogdalucianaoliveira.com.br\/blog\/wp-content\/uploads\/2019\/05\/celso-1-696x390.png?fit=600%2C336\" src=\"https:\/\/i0.wp.com\/blogdalucianaoliveira.com.br\/blog\/wp-content\/uploads\/2019\/05\/celso-1-696x390.png?resize=600%2C336\" alt=\"celso-1-696x390\" width=\"600\" height=\"336\" class=\"alignnone size-full wp-image-21829\" srcset=\"https:\/\/i0.wp.com\/blogdalucianaoliveira.com.br\/blog\/wp-content\/uploads\/2019\/05\/celso-1-696x390.png?resize=696%2C390 696w, https:\/\/i0.wp.com\/blogdalucianaoliveira.com.br\/blog\/wp-content\/uploads\/2019\/05\/celso-1-696x390.png?resize=300%2C168 300w, https:\/\/i0.wp.com\/blogdalucianaoliveira.com.br\/blog\/wp-content\/uploads\/2019\/05\/celso-1-696x390.png?resize=535%2C300 535w\" sizes=\"auto, (max-width: 600px) 100vw, 600px\" \/><\/p>\n<p>No Blog Da Cidadania &#8211; Leia a coluna de Celso Rocha de Barros, servidor federal, doutor em sociologia pela Universidade de Oxford (Inglaterra).<!--more--><\/p>\n<p>***<\/p>\n<p>A carta de J\u00e2nio<br \/>\nNa \u00faltima sexta-feira (17) o presidente da Rep\u00fablica compartilhou, em um grupo de WhatsApp de seus apoiadores, um texto de Paulo Portinho, analista de investimentos que foi candidato a vereador no Rio de Janeiro em 2016 pelo Partido Novo.<\/p>\n<p>O texto afirma que o governo fracassou em tudo que tentou at\u00e9 agora e termina recomendando que os investidores desfa\u00e7am suas apostas no sucesso da economia brasileira (\u201cSell\u201d, uma recomenda\u00e7\u00e3o de venda de a\u00e7\u00f5es). At\u00e9 a\u00ed, achei que era uma coluna minha.<\/p>\n<p>Mas o texto atribui o fracasso de Bolsonaro \u00e0 influ\u00eancia de for\u00e7as ocultas, corpora\u00e7\u00f5es que impedem qualquer presidente \u2014inclusive os de esquerda\u2014 de governar.<\/p>\n<p>N\u00e3o \u00e9 muito f\u00e1cil entender que for\u00e7as ocultas seriam essas. Elas estariam impedindo a implementa\u00e7\u00e3o do programa de Paulo Guedes, mas tamb\u00e9m teriam obrigado Dilma Rousseff a nomear Joaquim Levy.<\/p>\n<p>Para mim, n\u00e3o ficou muito claro porque um sistema que obriga Dilma a ser mais ortodoxa e Guedes a ser menos ortodoxo estaria funcionando mal.<\/p>\n<p>Mas a mensagem do texto \u00e9 clara: a \u00fanica coisa que Bolsonaro teria feito de \u00fatil como presidente teria sido provar que n\u00e3o \u00e9 poss\u00edvel governar o Brasil sem fazer conchavos.<\/p>\n<p>Bolsonaro seria \u201cs\u00f3 um \u00f3culos com grau certo, para vermos que o rei sempre esteve nu, e \u00e9 horroroso\u201d.<\/p>\n<p>Essa \u00e9 a vers\u00e3o que Bolsonaro est\u00e1 tentando vender: a de que n\u00e3o conseguiu fazer nada de \u00fatil em cinco meses porque n\u00e3o deixaram. Ele diz isso para que seus apoiadores culpem o Congresso, o STF, a imprensa, e, \u00e9 claro, a esquerda.<\/p>\n<p>A verdade \u00e9 o contr\u00e1rio: Bolsonaro quer fechar o Congresso e o STF, censurar a imprensa e perseguir a esquerda. Por isso, n\u00e3o faz nada e for\u00e7a crises.<\/p>\n<p>N\u00e3o por acaso, enquanto os bolsonaristas divulgavam o texto de Portinho (que n\u00e3o parece ter nada a ver com a coisa toda, coitado), tamb\u00e9m convocavam uma manifesta\u00e7\u00e3o de apoio a Bolsonaro.<\/p>\n<p>N\u00e3o precisa acreditar em mim: pesquise o que a turma que apoia a manifesta\u00e7\u00e3o est\u00e1 dizendo nas redes sociais. A conversa \u00e9 sobre fechar Congresso, expulsar ministros do Supremo e da\u00ed pra baixo. \u00c9 um movimento em defesa de um golpe de estado.<\/p>\n<p>Os movimentos de rua que apoiaram o impeachment, como o MBL e o Vem pra Rua, j\u00e1 declararam que n\u00e3o participar\u00e3o do ato. Entenderam do que se trata.<\/p>\n<p>Tudo indica que a divulga\u00e7\u00e3o do texto de Portinho e a convoca\u00e7\u00e3o da manifesta\u00e7\u00e3o golpista \u00e9 um gesto de desespero do bolsonarismo radical, ocorrido ao final de uma semana em que Olavo de Carvalho admitiu derrota diante dos generais.<\/p>\n<p>Tamb\u00e9m era preciso desviar aten\u00e7\u00e3o das enormes manifesta\u00e7\u00f5es estudantis e, \u00e9 claro, das den\u00fancias contra a fam\u00edlia Bolsonaro.<\/p>\n<p>\u00c9 bom lembrar: nenhum presidente recente venceu em situa\u00e7\u00e3o mais favor\u00e1vel para governar do que Bolsonaro. Ideologicamente, os congressistas s\u00e3o muito mais alinhados a Bolsonaro do que eram aos governos petistas. Tendo sido eleito como cabe\u00e7a de chapa, Bolsonaro tem muito mais for\u00e7a do que Temer. E, se Bolsonaro tivesse problema em conviver com acusados de corrup\u00e7\u00e3o, n\u00e3o teria montado esse minist\u00e9rio.<\/p>\n<p>Alguns analistas viram na publica\u00e7\u00e3o do manifesto \u201cSell\u201d uma esp\u00e9cie de carta de ren\u00fancia, como a de J\u00e2nio. \u00c9 sempre bom lembrar: a ren\u00fancia de J\u00e2nio foi uma tentativa de golpe.<\/p>\n<p>Da FSP<\/p>\n","protected":false},"excerpt":{"rendered":"<p>No Blog Da Cidadania &#8211; Leia a coluna de Celso Rocha de Barros, servidor federal, doutor em sociologia pela Universidade de Oxford (Inglaterra).<\/p>\n","protected":false},"author":1,"featured_media":0,"comment_status":"closed","ping_status":"open","sticky":false,"template":"","format":"standard","meta":{"_exactmetrics_skip_tracking":false,"_exactmetrics_sitenote_active":false,"_exactmetrics_sitenote_note":"","_exactmetrics_sitenote_category":0,"jetpack_post_was_ever_published":false,"_jetpack_newsletter_access":"","_jetpack_dont_email_post_to_subs":false,"_jetpack_newsletter_tier_id":0,"_jetpack_memberships_contains_paywalled_content":false,"_jetpack_memberships_contains_paid_content":false,"footnotes":"","jetpack_publicize_message":"","jetpack_publicize_feature_enabled":true,"jetpack_social_post_already_shared":true,"jetpack_social_options":{"image_generator_settings":{"template":"highway","enabled":false},"version":2}},"categories":[1],"tags":[],"class_list":["post-21828","post","type-post","status-publish","format-standard","hentry","category-notas"],"jetpack_publicize_connections":[],"jetpack_sharing_enabled":true,"jetpack_featured_media_url":"","jetpack_shortlink":"https:\/\/wp.me\/p7wKYW-5G4","jetpack-related-posts":[],"_links":{"self":[{"href":"http:\/\/blogdalucianaoliveira.com.br\/blog\/wp-json\/wp\/v2\/posts\/21828","targetHints":{"allow":["GET"]}}],"collection":[{"href":"http:\/\/blogdalucianaoliveira.com.br\/blog\/wp-json\/wp\/v2\/posts"}],"about":[{"href":"http:\/\/blogdalucianaoliveira.com.br\/blog\/wp-json\/wp\/v2\/types\/post"}],"author":[{"embeddable":true,"href":"http:\/\/blogdalucianaoliveira.com.br\/blog\/wp-json\/wp\/v2\/users\/1"}],"replies":[{"embeddable":true,"href":"http:\/\/blogdalucianaoliveira.com.br\/blog\/wp-json\/wp\/v2\/comments?post=21828"}],"version-history":[{"count":1,"href":"http:\/\/blogdalucianaoliveira.com.br\/blog\/wp-json\/wp\/v2\/posts\/21828\/revisions"}],"predecessor-version":[{"id":21830,"href":"http:\/\/blogdalucianaoliveira.com.br\/blog\/wp-json\/wp\/v2\/posts\/21828\/revisions\/21830"}],"wp:attachment":[{"href":"http:\/\/blogdalucianaoliveira.com.br\/blog\/wp-json\/wp\/v2\/media?parent=21828"}],"wp:term":[{"taxonomy":"category","embeddable":true,"href":"http:\/\/blogdalucianaoliveira.com.br\/blog\/wp-json\/wp\/v2\/categories?post=21828"},{"taxonomy":"post_tag","embeddable":true,"href":"http:\/\/blogdalucianaoliveira.com.br\/blog\/wp-json\/wp\/v2\/tags?post=21828"}],"curies":[{"name":"wp","href":"https:\/\/api.w.org\/{rel}","templated":true}]}}