{"id":2183,"date":"2016-07-08T13:16:59","date_gmt":"2016-07-08T17:16:59","guid":{"rendered":"http:\/\/blogdalucianaoliveira.com.br\/blog\/?p=2183"},"modified":"2016-07-08T13:16:59","modified_gmt":"2016-07-08T17:16:59","slug":"licenca-para-matar","status":"publish","type":"post","link":"http:\/\/blogdalucianaoliveira.com.br\/blog\/2016\/07\/08\/licenca-para-matar\/","title":{"rendered":"Licen\u00e7a para matar"},"content":{"rendered":"<p><img data-recalc-dims=\"1\" loading=\"lazy\" decoding=\"async\" data-attachment-id=\"2184\" data-permalink=\"http:\/\/blogdalucianaoliveira.com.br\/blog\/2016\/07\/08\/licenca-para-matar\/image-486\/\" data-orig-file=\"https:\/\/i0.wp.com\/blogdalucianaoliveira.com.br\/blog\/wp-content\/uploads\/2016\/07\/image-38.jpeg?fit=640%2C402\" data-orig-size=\"640,402\" data-comments-opened=\"0\" data-image-meta=\"{&quot;aperture&quot;:&quot;0&quot;,&quot;credit&quot;:&quot;&quot;,&quot;camera&quot;:&quot;&quot;,&quot;caption&quot;:&quot;&quot;,&quot;created_timestamp&quot;:&quot;0&quot;,&quot;copyright&quot;:&quot;&quot;,&quot;focal_length&quot;:&quot;0&quot;,&quot;iso&quot;:&quot;0&quot;,&quot;shutter_speed&quot;:&quot;0&quot;,&quot;title&quot;:&quot;&quot;,&quot;orientation&quot;:&quot;0&quot;}\" data-image-title=\"image\" data-image-description=\"\" data-image-caption=\"\" data-medium-file=\"https:\/\/i0.wp.com\/blogdalucianaoliveira.com.br\/blog\/wp-content\/uploads\/2016\/07\/image-38.jpeg?fit=300%2C188\" data-large-file=\"https:\/\/i0.wp.com\/blogdalucianaoliveira.com.br\/blog\/wp-content\/uploads\/2016\/07\/image-38.jpeg?fit=600%2C377\" src=\"https:\/\/i0.wp.com\/blogdalucianaoliveira.com.br\/blog\/wp-content\/uploads\/2016\/07\/image-38.jpeg?resize=600%2C377\" alt=\"image\" width=\"600\" height=\"377\" class=\"alignnone size-full wp-image-2184\" srcset=\"https:\/\/i0.wp.com\/blogdalucianaoliveira.com.br\/blog\/wp-content\/uploads\/2016\/07\/image-38.jpeg?w=640 640w, https:\/\/i0.wp.com\/blogdalucianaoliveira.com.br\/blog\/wp-content\/uploads\/2016\/07\/image-38.jpeg?resize=300%2C188 300w, https:\/\/i0.wp.com\/blogdalucianaoliveira.com.br\/blog\/wp-content\/uploads\/2016\/07\/image-38.jpeg?resize=478%2C300 478w\" sizes=\"auto, (max-width: 600px) 100vw, 600px\" \/><\/p>\n<p>Crimes de militares contra civis ser\u00e3o julgados por militares durante a Olimp\u00edada<!--more--><\/p>\n<p>Projeto n\u00e3o passou por nenhuma comiss\u00e3o da Casa e foi colocado em vota\u00e7\u00e3o ap\u00f3s aprova\u00e7\u00e3o de requerimento de urg\u00eancia<\/p>\n<p>Reda\u00e7\u00e3o<br \/>\nRede Brasil Atual<\/p>\n<p>A C\u00e2mara aprovou na noite de quinta-feira (6) o Projeto de Lei 5.768\/2016, do deputado Esperidi\u00e3o Amin (PP\/SC), que cria um foro especial para militares das For\u00e7as Armadas que pratiquem crimes dolosos \u2013 quando h\u00e1 inten\u00e7\u00e3o \u2013 contra a vida, durante a Olimp\u00edada no Rio de Janeiro, no m\u00eas que vem. Segundo o texto, nesse caso, os militares passar\u00e3o a ser julgados por um tribunal militar e n\u00e3o mais pelo Tribunal do J\u00fari (civil) como determina a lei atual. Para o deputado Ivan Valente (Psol-SP), \u201cessa proposta \u00e9 uma esp\u00e9cie de licen\u00e7a para matar\u201d.<\/p>\n<p>Na justificativa do projeto, Amin defende que \u00e9 preciso garantir seguran\u00e7a jur\u00eddica aos militares que atuam nessas opera\u00e7\u00f5es, algo que n\u00e3o estaria garantido pelo Decreto-Lei 1001, de 1969. \u201cEstando cada vez mais recorrente a atua\u00e7\u00e3o do militar em tais opera\u00e7\u00f5es, nas quais, inclusive, ele se encontra mais exposto \u00e0 pr\u00e1tica da conduta delituosa em quest\u00e3o, nada mais correto do que buscar-se deixar de forma clarividente o seu amparo no projeto de lei\u201d.<\/p>\n<p>Valente discorda. \u201cO agente p\u00fablico est\u00e1 no estrito dever legal dele. Se for doloso, continua sendo um assassinato. Por que, ent\u00e3o, vai ser julgado pela corpora\u00e7\u00e3o?\u201d, questionou. O deputado ressaltou que em outros grandes eventos, como a ECO92 e a Rio+20, os militares estiveram nas ruas, houve manifesta\u00e7\u00f5es, e n\u00e3o foi preciso um tribunal especial para garantir a atua\u00e7\u00e3o das For\u00e7as Armadas.<\/p>\n<p>O projeto n\u00e3o passou por nenhuma comiss\u00e3o da Casa e foi colocado em vota\u00e7\u00e3o ap\u00f3s aprova\u00e7\u00e3o de requerimento de urg\u00eancia feito pela chamada \u201cbancada da bala\u201d, que re\u00fane parlamentares ligados \u00e0 for\u00e7as de seguran\u00e7a. \u00danico parecer emitido, na pr\u00f3pria vota\u00e7\u00e3o, foi do deputado Julio Lopes (PP-RJ) pela Comiss\u00e3o de Constitui\u00e7\u00e3o e Justi\u00e7a, que determinou validade ao projeto: 31 de dezembro deste ano. \u201cEssa situa\u00e7\u00e3o \u00e9 transit\u00f3ria em fun\u00e7\u00e3o da realiza\u00e7\u00e3o das Olimp\u00edadas e Paraolimp\u00edadas, e do maior deslocamento militar j\u00e1 feito no Brasil\u201d, argumentou.<\/p>\n<p>Pelo projeto, ser\u00e1 julgado por tribunal militar qualquer crime doloso praticado contra civil, por um militar do Ex\u00e9rcito, da Marinha ou da Aeron\u00e1utica, no cumprimento \u201cde atribui\u00e7\u00e3o que lhe forem estabelecidas pelo Presidente da Rep\u00fablica ou pelo Ministro de Estado da Defesa\u201d, ou em a\u00e7\u00e3o que envolva a seguran\u00e7a de institui\u00e7\u00e3o, miss\u00e3o ou atividade militar. Nesse pacote se inclui a seguran\u00e7a da Olimp\u00edada no Rio, tanto no enfrentamento a um ato terrorista como a manifesta\u00e7\u00f5es sociais (dist\u00farbios civis).<\/p>\n<p>Ser\u00e3o deslocados 23 mil militares ao Rio de Janeiro durante a Olimp\u00edada. O projeto que remete para a Justi\u00e7a Militar o julgamento dos crimes dolosos contra a vida cometidos por militares contra civis durante as Olimp\u00edadas segue para an\u00e1lise do Senado.<\/p>\n","protected":false},"excerpt":{"rendered":"<p>Crimes de militares contra civis ser\u00e3o julgados por militares durante a Olimp\u00edada<\/p>\n","protected":false},"author":1,"featured_media":0,"comment_status":"closed","ping_status":"open","sticky":false,"template":"","format":"standard","meta":{"_exactmetrics_skip_tracking":false,"_exactmetrics_sitenote_active":false,"_exactmetrics_sitenote_note":"","_exactmetrics_sitenote_category":0,"jetpack_post_was_ever_published":false,"_jetpack_newsletter_access":"","_jetpack_dont_email_post_to_subs":false,"_jetpack_newsletter_tier_id":0,"_jetpack_memberships_contains_paywalled_content":false,"_jetpack_memberships_contains_paid_content":false,"footnotes":"","jetpack_publicize_message":"","jetpack_publicize_feature_enabled":true,"jetpack_social_post_already_shared":true,"jetpack_social_options":{"image_generator_settings":{"template":"highway","enabled":false},"version":2}},"categories":[1],"tags":[],"class_list":["post-2183","post","type-post","status-publish","format-standard","hentry","category-notas"],"jetpack_publicize_connections":[],"jetpack_sharing_enabled":true,"jetpack_featured_media_url":"","jetpack_shortlink":"https:\/\/wp.me\/p7wKYW-zd","jetpack-related-posts":[],"_links":{"self":[{"href":"http:\/\/blogdalucianaoliveira.com.br\/blog\/wp-json\/wp\/v2\/posts\/2183","targetHints":{"allow":["GET"]}}],"collection":[{"href":"http:\/\/blogdalucianaoliveira.com.br\/blog\/wp-json\/wp\/v2\/posts"}],"about":[{"href":"http:\/\/blogdalucianaoliveira.com.br\/blog\/wp-json\/wp\/v2\/types\/post"}],"author":[{"embeddable":true,"href":"http:\/\/blogdalucianaoliveira.com.br\/blog\/wp-json\/wp\/v2\/users\/1"}],"replies":[{"embeddable":true,"href":"http:\/\/blogdalucianaoliveira.com.br\/blog\/wp-json\/wp\/v2\/comments?post=2183"}],"version-history":[{"count":1,"href":"http:\/\/blogdalucianaoliveira.com.br\/blog\/wp-json\/wp\/v2\/posts\/2183\/revisions"}],"predecessor-version":[{"id":2185,"href":"http:\/\/blogdalucianaoliveira.com.br\/blog\/wp-json\/wp\/v2\/posts\/2183\/revisions\/2185"}],"wp:attachment":[{"href":"http:\/\/blogdalucianaoliveira.com.br\/blog\/wp-json\/wp\/v2\/media?parent=2183"}],"wp:term":[{"taxonomy":"category","embeddable":true,"href":"http:\/\/blogdalucianaoliveira.com.br\/blog\/wp-json\/wp\/v2\/categories?post=2183"},{"taxonomy":"post_tag","embeddable":true,"href":"http:\/\/blogdalucianaoliveira.com.br\/blog\/wp-json\/wp\/v2\/tags?post=2183"}],"curies":[{"name":"wp","href":"https:\/\/api.w.org\/{rel}","templated":true}]}}