{"id":21831,"date":"2019-05-20T09:44:47","date_gmt":"2019-05-20T13:44:47","guid":{"rendered":"http:\/\/blogdalucianaoliveira.com.br\/blog\/?p=21831"},"modified":"2019-05-20T09:44:47","modified_gmt":"2019-05-20T13:44:47","slug":"pl-do-excludente-de-ilicitude-bala-lama-e-sangue-nas-maos-do-agronegocio","status":"publish","type":"post","link":"http:\/\/blogdalucianaoliveira.com.br\/blog\/2019\/05\/20\/pl-do-excludente-de-ilicitude-bala-lama-e-sangue-nas-maos-do-agronegocio\/","title":{"rendered":"PL do excludente de ilicitude: bala, lama e sangue nas m\u00e3os do agroneg\u00f3cio"},"content":{"rendered":"<p><img data-recalc-dims=\"1\" loading=\"lazy\" decoding=\"async\" data-attachment-id=\"21832\" data-permalink=\"http:\/\/blogdalucianaoliveira.com.br\/blog\/2019\/05\/20\/pl-do-excludente-de-ilicitude-bala-lama-e-sangue-nas-maos-do-agronegocio\/bala-4\/\" data-orig-file=\"https:\/\/i0.wp.com\/blogdalucianaoliveira.com.br\/blog\/wp-content\/uploads\/2019\/05\/bala.jpg?fit=640%2C350\" data-orig-size=\"640,350\" data-comments-opened=\"0\" data-image-meta=\"{&quot;aperture&quot;:&quot;0&quot;,&quot;credit&quot;:&quot;&quot;,&quot;camera&quot;:&quot;&quot;,&quot;caption&quot;:&quot;&quot;,&quot;created_timestamp&quot;:&quot;0&quot;,&quot;copyright&quot;:&quot;&quot;,&quot;focal_length&quot;:&quot;0&quot;,&quot;iso&quot;:&quot;0&quot;,&quot;shutter_speed&quot;:&quot;0&quot;,&quot;title&quot;:&quot;&quot;,&quot;orientation&quot;:&quot;0&quot;}\" data-image-title=\"bala\" data-image-description=\"\" data-image-caption=\"\" data-medium-file=\"https:\/\/i0.wp.com\/blogdalucianaoliveira.com.br\/blog\/wp-content\/uploads\/2019\/05\/bala.jpg?fit=300%2C164\" data-large-file=\"https:\/\/i0.wp.com\/blogdalucianaoliveira.com.br\/blog\/wp-content\/uploads\/2019\/05\/bala.jpg?fit=600%2C328\" src=\"https:\/\/i0.wp.com\/blogdalucianaoliveira.com.br\/blog\/wp-content\/uploads\/2019\/05\/bala.jpg?resize=600%2C328\" alt=\"bala\" width=\"600\" height=\"328\" class=\"alignnone size-full wp-image-21832\" srcset=\"https:\/\/i0.wp.com\/blogdalucianaoliveira.com.br\/blog\/wp-content\/uploads\/2019\/05\/bala.jpg?w=640 640w, https:\/\/i0.wp.com\/blogdalucianaoliveira.com.br\/blog\/wp-content\/uploads\/2019\/05\/bala.jpg?resize=300%2C164 300w, https:\/\/i0.wp.com\/blogdalucianaoliveira.com.br\/blog\/wp-content\/uploads\/2019\/05\/bala.jpg?resize=549%2C300 549w\" sizes=\"auto, (max-width: 600px) 100vw, 600px\" \/><\/p>\n<p>Brasil de Fato &#8211; A abertura de uma das maiores feiras do agroneg\u00f3cio, a Agrishow em Ribeir\u00e3o Preto (SP), contou com a participa\u00e7\u00e3o do presidente Jair Bolsonaro, que na manh\u00e3 daquele 29 de abril, anunciou a libera\u00e7\u00e3o de R$ 1 bilh\u00e3o de reais para o seguro rural do Plano Safra; defendeu juros menores para o setor \u2014 conclamando Rubens Novaes, presidente do Banco do Brasil, a atuar como um \u201ccrist\u00e3o de verdade\u201d; criticou as multas ambientais, prometendo um \u201climpa\u201d no IBAMA e ICMBio e tamb\u00e9m anunciou um PL (Projeto de Lei) que libera de puni\u00e7\u00e3o os propriet\u00e1rios rurais que atirarem ou matarem \u201cinvasores\u201d em toda a extens\u00e3o de sua propriedade, numa expl\u00edcita supremacia da propriedade privada sobre a vida humana e que fere de morte a Constitui\u00e7\u00e3o Federal t\u00e3o atacada, principalmente em seu elemento mais fundamental que s\u00e3o os princ\u00edpios que instituem o Estado Democr\u00e1tico de Direito como a soberania, o exerc\u00edcio da cidadania, a dignidade da pessoa humana, os valores do trabalho, o pluralismo pol\u00edtico etc.<!--more--><\/p>\n<p>As efusivas palmas ao discurso do presidente de extrema direita na Agrishow, vieram de uma plat\u00e9ia lotada de chapeludos, engomados, gerentes e empres\u00e1rios que n\u00e3o se importaram em associar a imagem do \u201cmoderno\u201d agroneg\u00f3cio da agricultura 4.0, \u00e0 destrui\u00e7\u00e3o ambiental, ao privil\u00e9gio fiscal das mamatas ruralistas e \u00e0 licen\u00e7a para matar \u201cinvasores\u201d. Talvez n\u00e3o se importaram porque suas palmas ostentam m\u00e3os cada vez mais marcadas pelo sangue dos povos do campo, pela lama que virou cimento sobre os corpos dos trabalhadores da Vale em Brumadinho (MG) e pelas balas disparadas por m\u00e1quinas de um massacre silencioso que se abastece da impunidade.<\/p>\n<p>O termo excludente de ilicitude ganhou fama por integrar o pacote anticrime do ministro da Justi\u00e7a, Sergio Moro, que libera militares e policiais de puni\u00e7\u00e3o em exerc\u00edcio profissional \u2013 o recente caso dos 80 tiros de militares contra uma fam\u00edlia negra no RJ, demonstra o absurdo de tal medida (neste revoltante epis\u00f3dio morreram Evaldo Rosa que dirigia o ve\u00edculo e Luciano Macedo, catador de recicl\u00e1veis que por acaso estava no local e se colocou como escudo humano, al\u00e9m dos ferimentos e traumas deixados na vida daquelas pessoas).<\/p>\n<p>A amplia\u00e7\u00e3o do sentido da excludente de ilicitude, artigo 23 do C\u00f3digo Penal Brasileiro, \u00e9 uma proposta que j\u00e1 se arrasta a alguns anos dentro da C\u00e2mara dos Deputados, tendo a Bancada da Bala como principal lobista por sua aprova\u00e7\u00e3o. A altera\u00e7\u00e3o legal \u00e9 equivalente ou ainda pior do que a oficializa\u00e7\u00e3o dos chamados \u201cAutos de Resist\u00eancia\u201d ou \u201cmorte decorrente da a\u00e7\u00e3o policial\u201d que vigora na pr\u00e1tica policial e culpabiliza a v\u00edtima por sua execu\u00e7\u00e3o, via de regra, jovens pobres e pretos que s\u00e3o suspeitos em potencial, ainda que n\u00e3o se tenha estabelecido o crime.<\/p>\n<p>O auto de resist\u00eancia n\u00e3o possui amparo legal, mas isenta o policial autor do homic\u00eddio de ser preso em flagrante sob a justificativa da leg\u00edtima defesa. A proposta de altera\u00e7\u00e3o contida nos projetos apresentados por Bolsonaro e de Onyx Lorenzoni quando atuavam como deputados e que agora volta \u00e0 tona, insere dois elementos novos no C\u00f3digo: primeiro a extens\u00e3o do direito de \u201cleg\u00edtima defesa\u201d sob o patrim\u00f4nio (leia-se licen\u00e7a para matar em defesa da propriedade) e, ao mesmo tempo, a n\u00e3o possibilidade de investiga\u00e7\u00e3o ou mesmo de abertura de inqu\u00e9rito para apurar os casos de abusos ou viol\u00eancia policial desmedida contra o cidad\u00e3o comum.<\/p>\n<p>Alguns formalistas poder\u00e3o dizer que por enquanto isso \u00e9 s\u00f3 um projeto e tal como todo PL, deve ainda tramitar pelo Congresso Nacional e dificilmente seria aprovado pelo absurdo da dubiedade que o tema sugere (ind\u00edgenas poderiam utilizar o argumento do excludente de ilicitude para defenderem suas reservas dos madeireiros ou os trabalhadores sem terra poderiam expulsar das terras p\u00fablicas da Uni\u00e3o a invasora empresa Cutrale, not\u00f3ria grileira de terras no estado de SP, etc). Mas obviamente n\u00e3o \u00e9 disso que se trata, pois independente do PL virar lei, ele j\u00e1 virou incentivo \u00e0s persegui\u00e7\u00f5es e assassinatos no campo.<\/p>\n<p>Outros ainda poder\u00e3o dizer que o PL se direciona mais ao combate \u00e0 roubos e furtos nas propriedades rurais. Notem o absurdo deste pensamento que institucionaliza a pena de morte num pa\u00eds onde ela \u00e9 proibida perante a lei (apesar de ocorrer em larga escala) e abdica da responsabilidade sobre a seguran\u00e7a p\u00fablica por parte do Estado, outorgando-a ao indiv\u00edduo comum sem nenhum preparo t\u00e9cnico ou emocional.<\/p>\n<p>Vale lembrar que o C\u00f3digo Penal Brasileiro que foi concebido no in\u00edcio da d\u00e9cada de 1940 e que se mant\u00e9m at\u00e9 os dias de hoje, apesar dos remendos, foi diretamente inspirado no C\u00f3digo de Processo Penal Italiano que entrou em vigor em pleno governo fascista (1930) que instituiu na pr\u00e1tica a l\u00f3gica de exce\u00e7\u00e3o, o sistema punitivo dos crimes cometidos contra o Estado e as formas de repress\u00e3o e controle sobre os indiv\u00edduos. Quando Alfredo Rocco apresentou o projeto de lei para o novo c\u00f3digo, disse que ele tinha como bandeira principal o combate \u00e0 \u201ccriminalidade e a delinqu\u00eancia habituais\u201d, alicer\u00e7ando as \u201cbases legais\u201d para o que se viu na sequ\u00eancia: a dissolu\u00e7\u00e3o da C\u00e2mara dos Deputados, a suspens\u00e3o dos direitos e a persegui\u00e7\u00e3o pol\u00edtica aos opositores do regime fascista de Mussolini.<\/p>\n<p>A vocifera\u00e7\u00e3o bolsonarista na feira do agroneg\u00f3cio exp\u00f4s mais uma vez o \u201cshow de horrores\u201d que caracteriza o atual governo: entreguista, subserviente aos EUA, violento, arrogante, autorit\u00e1rio e radicalmente destruidor dos direitos dos pobres, negros, ind\u00edgenas, sem-terras, mulheres, LGBT&#8217;s e educadores em geral. Mas seu discurso tamb\u00e9m revela medo e pavor daqueles que efetivamente podem se organizar, lutar e derrubar o seu governo, soterrando suas velharias fascist\u00f3ides.<\/p>\n<p>*Gerson Oliveira \u00e9 ge\u00f3grafo, Kelli Mafort pedagoga e ambos s\u00e3o dirigentes do Movimento dos Trabalhadores Rurais Sem Terra (MST)<\/p>\n<p>Edi\u00e7\u00e3o: Pedro Ribeiro Nogueira<\/p>\n","protected":false},"excerpt":{"rendered":"<p>Brasil de Fato &#8211; A abertura de uma das maiores feiras do agroneg\u00f3cio, a Agrishow em Ribeir\u00e3o Preto (SP), contou com a participa\u00e7\u00e3o do presidente Jair Bolsonaro, que na manh\u00e3 daquele 29 de abril, anunciou a libera\u00e7\u00e3o de R$ 1 bilh\u00e3o de reais para o seguro rural do Plano Safra; defendeu juros menores para o&#8230;<a class=\"more-link\" href=\"http:\/\/blogdalucianaoliveira.com.br\/blog\/2019\/05\/20\/pl-do-excludente-de-ilicitude-bala-lama-e-sangue-nas-maos-do-agronegocio\/\">Continue a leitura <span class=\"meta-nav\">&raquo;<\/span><\/a><\/p>\n","protected":false},"author":1,"featured_media":0,"comment_status":"closed","ping_status":"open","sticky":false,"template":"","format":"standard","meta":{"_exactmetrics_skip_tracking":false,"_exactmetrics_sitenote_active":false,"_exactmetrics_sitenote_note":"","_exactmetrics_sitenote_category":0,"jetpack_post_was_ever_published":false,"_jetpack_newsletter_access":"","_jetpack_dont_email_post_to_subs":false,"_jetpack_newsletter_tier_id":0,"_jetpack_memberships_contains_paywalled_content":false,"_jetpack_memberships_contains_paid_content":false,"footnotes":"","jetpack_publicize_message":"","jetpack_publicize_feature_enabled":true,"jetpack_social_post_already_shared":true,"jetpack_social_options":{"image_generator_settings":{"template":"highway","enabled":false},"version":2}},"categories":[1],"tags":[],"class_list":["post-21831","post","type-post","status-publish","format-standard","hentry","category-notas"],"jetpack_publicize_connections":[],"jetpack_sharing_enabled":true,"jetpack_featured_media_url":"","jetpack_shortlink":"https:\/\/wp.me\/p7wKYW-5G7","jetpack-related-posts":[],"_links":{"self":[{"href":"http:\/\/blogdalucianaoliveira.com.br\/blog\/wp-json\/wp\/v2\/posts\/21831","targetHints":{"allow":["GET"]}}],"collection":[{"href":"http:\/\/blogdalucianaoliveira.com.br\/blog\/wp-json\/wp\/v2\/posts"}],"about":[{"href":"http:\/\/blogdalucianaoliveira.com.br\/blog\/wp-json\/wp\/v2\/types\/post"}],"author":[{"embeddable":true,"href":"http:\/\/blogdalucianaoliveira.com.br\/blog\/wp-json\/wp\/v2\/users\/1"}],"replies":[{"embeddable":true,"href":"http:\/\/blogdalucianaoliveira.com.br\/blog\/wp-json\/wp\/v2\/comments?post=21831"}],"version-history":[{"count":1,"href":"http:\/\/blogdalucianaoliveira.com.br\/blog\/wp-json\/wp\/v2\/posts\/21831\/revisions"}],"predecessor-version":[{"id":21833,"href":"http:\/\/blogdalucianaoliveira.com.br\/blog\/wp-json\/wp\/v2\/posts\/21831\/revisions\/21833"}],"wp:attachment":[{"href":"http:\/\/blogdalucianaoliveira.com.br\/blog\/wp-json\/wp\/v2\/media?parent=21831"}],"wp:term":[{"taxonomy":"category","embeddable":true,"href":"http:\/\/blogdalucianaoliveira.com.br\/blog\/wp-json\/wp\/v2\/categories?post=21831"},{"taxonomy":"post_tag","embeddable":true,"href":"http:\/\/blogdalucianaoliveira.com.br\/blog\/wp-json\/wp\/v2\/tags?post=21831"}],"curies":[{"name":"wp","href":"https:\/\/api.w.org\/{rel}","templated":true}]}}