{"id":21841,"date":"2019-05-21T16:12:48","date_gmt":"2019-05-21T20:12:48","guid":{"rendered":"http:\/\/blogdalucianaoliveira.com.br\/blog\/?p=21841"},"modified":"2019-05-21T16:12:48","modified_gmt":"2019-05-21T20:12:48","slug":"cortes-do-mec-podem-deixar-estudantes-de-baixa-renda-fora-da-universidade-publica","status":"publish","type":"post","link":"http:\/\/blogdalucianaoliveira.com.br\/blog\/2019\/05\/21\/cortes-do-mec-podem-deixar-estudantes-de-baixa-renda-fora-da-universidade-publica\/","title":{"rendered":"Cortes do MEC podem deixar estudantes de baixa renda fora da universidade p\u00fablica"},"content":{"rendered":"<p><img data-recalc-dims=\"1\" loading=\"lazy\" decoding=\"async\" data-attachment-id=\"21842\" data-permalink=\"http:\/\/blogdalucianaoliveira.com.br\/blog\/2019\/05\/21\/cortes-do-mec-podem-deixar-estudantes-de-baixa-renda-fora-da-universidade-publica\/brazil-education-budget-protest\/\" data-orig-file=\"https:\/\/i0.wp.com\/blogdalucianaoliveira.com.br\/blog\/wp-content\/uploads\/2019\/05\/6152E9B8-494C-49BA-B85E-975FD35CD77B.jpeg?fit=640%2C427\" data-orig-size=\"640,427\" data-comments-opened=\"0\" data-image-meta=\"{&quot;aperture&quot;:&quot;0&quot;,&quot;credit&quot;:&quot;AFP&quot;,&quot;camera&quot;:&quot;&quot;,&quot;caption&quot;:&quot;People demonstrate during a strike organized by the National Students Union (UNE) in Sao Paulo, Brazil on May 15, 2019. - Students and teachers from hundreds of universities and colleges across Brazil began a nationwide demonstration on Wednesday in &#039;defense of education&#039; following a raft of budget cuts announced by President Jair Bolsonaro&#039;s government. (Photo by NELSON ALMEIDA \\\/ AFP)&quot;,&quot;created_timestamp&quot;:&quot;1557941303&quot;,&quot;copyright&quot;:&quot;AFP or licensors&quot;,&quot;focal_length&quot;:&quot;0&quot;,&quot;iso&quot;:&quot;0&quot;,&quot;shutter_speed&quot;:&quot;0&quot;,&quot;title&quot;:&quot;BRAZIL-EDUCATION-BUDGET-PROTEST&quot;,&quot;orientation&quot;:&quot;0&quot;}\" data-image-title=\"BRAZIL-EDUCATION-BUDGET-PROTEST\" data-image-description=\"\" data-image-caption=\"\" data-medium-file=\"https:\/\/i0.wp.com\/blogdalucianaoliveira.com.br\/blog\/wp-content\/uploads\/2019\/05\/6152E9B8-494C-49BA-B85E-975FD35CD77B.jpeg?fit=300%2C200\" data-large-file=\"https:\/\/i0.wp.com\/blogdalucianaoliveira.com.br\/blog\/wp-content\/uploads\/2019\/05\/6152E9B8-494C-49BA-B85E-975FD35CD77B.jpeg?fit=600%2C400\" src=\"https:\/\/i0.wp.com\/blogdalucianaoliveira.com.br\/blog\/wp-content\/uploads\/2019\/05\/6152E9B8-494C-49BA-B85E-975FD35CD77B.jpeg?resize=600%2C400\" alt=\" \" width=\"600\" height=\"400\" class=\"alignnone size-full wp-image-21842\" srcset=\"https:\/\/i0.wp.com\/blogdalucianaoliveira.com.br\/blog\/wp-content\/uploads\/2019\/05\/6152E9B8-494C-49BA-B85E-975FD35CD77B.jpeg?w=640 640w, https:\/\/i0.wp.com\/blogdalucianaoliveira.com.br\/blog\/wp-content\/uploads\/2019\/05\/6152E9B8-494C-49BA-B85E-975FD35CD77B.jpeg?resize=300%2C200 300w, https:\/\/i0.wp.com\/blogdalucianaoliveira.com.br\/blog\/wp-content\/uploads\/2019\/05\/6152E9B8-494C-49BA-B85E-975FD35CD77B.jpeg?resize=450%2C300 450w\" sizes=\"auto, (max-width: 600px) 100vw, 600px\" \/><\/p>\n<p>Redu\u00e7\u00e3o do or\u00e7amento pode atingir Plano Nacional de Assist\u00eancia Estudantil (Pnaes); estudantes da UFF avaliam impactos<!--more--><\/p>\n<p>Cl\u00edvia Mesquita<br \/>\nBrasil de Fato<\/p>\n<p>Natural de Cabo Frio, na Regi\u00e3o dos Lagos, Tha\u00eds Marques, de 19 anos, se mudou para Niter\u00f3i, na regi\u00e3o metropolitana do Rio de Janeiro, para estudar Jornalismo na Universidade Federal Fluminense (UFF). Para se manter na universidade e ajudar a irm\u00e3, que \u00e9 estudante do curso de Biomedicina, ela compartilha seu \u00fanico ganho: uma bolsa do Programa Institucional de Bolsas de Inicia\u00e7\u00e3o Cient\u00edfica (PIBIC), financiado pelo CNPq, no valor de 400 reais.  <\/p>\n<p>\u201cEntramos numa fase bem dif\u00edcil financeiramente porque meu pai ficou desempregado. Em 2018, come\u00e7amos a fazer \u2018coisas por fora\u2019, vender bolo, fazer tran\u00e7a. J\u00e1 aconteceu de a gente pegar o dinheiro e ir direto para o mercado comprar o que comer. Foram os tempos mais dif\u00edceis que a gente passou\u201d, conta destacando que, junto com a irm\u00e3, aguarda na lista de espera a renova\u00e7\u00e3o do aux\u00edlio moradia, no valor de 300 reais, e planeja se candidatar \u00e0 bolsa de apoio emergencial, que \u00e9 concedida aos estudantes ap\u00f3s uma avalia\u00e7\u00e3o da Divis\u00e3o de Servi\u00e7o Social da universidade.  <\/p>\n<p>Recorrer aos \u201cbicos\u201d para se manter na universidade \u00e9 um caminho comum de muitos estudantes da gradua\u00e7\u00e3o. No campus da UFF em Campos dos Goytacazes, no Norte Fluminense, por exemplo, a aus\u00eancia de alojamentos disponibilizados pela universidade faz com que estudantes troquem servi\u00e7os dom\u00e9sticos por moradia, segundo Cassiana Sim\u00f5es, coordenadora de assist\u00eancia estudantil.  <\/p>\n<p>&#8220;E essa situa\u00e7\u00e3o pode piorar. O corte de verba anunciado pelo Minist\u00e9rio da Educa\u00e7\u00e3o (MEC) traz a perspectiva de que o or\u00e7amento do Plano Nacional de Assist\u00eancia Estudantil (Pnaes) n\u00e3o avance. A verba disponibilizada esse ano \u00e9 a mesma do ano passado. Sem contar que o Pnaes \u00e9 um decreto, ainda n\u00e3o \u00e9 uma lei, e pode ser revogado a qualquer momento pelo presidente\u201d, alerta. Para Cassiana, o perfil socioecon\u00f4mico ainda \u00e9 determinante para perman\u00eancia na universidade. <\/p>\n<p>Ainda que n\u00e3o acompanhe a crescente demanda e n\u00e3o d\u00ea conta das despesas di\u00e1rias dos alunos da gradua\u00e7\u00e3o, a assist\u00eancia estudantil ajuda a manter grande parte dos estudantes de baixa renda na universidade p\u00fablica. A estudante de Hist\u00f3ria Nath\u00e1lia Silv\u00e9rio, de 23 anos, acrescenta que al\u00e9m de garantir perman\u00eancia, as bolsas ajudam no melhor desempenho acad\u00eamico.  <\/p>\n<p>\u201cAntes me preocupava se ia ter dinheiro para passagem, para xerox e para comer no bandej\u00e3o. Com a bolsa, consegui afastar um pouco essas preocupa\u00e7\u00f5es e melhorar muito meu rendimento\u201d, conta a jovem que sempre estudou em escola p\u00fablica e recebe a bolsa de Desenvolvimento Acad\u00eamico, no valor de 400 reais. Na UFF, de 2015 a 2016, ao menos 82 bolsas foram oferecidas nesta modalidade. <\/p>\n<p>Segundo Nath\u00e1lia, que \u00e9 a primeira integrante da fam\u00edlia a ingressar na universidade p\u00fablica, h\u00e1 impactos vis\u00edveis na educa\u00e7\u00e3o desde a elei\u00e7\u00e3o de Jair Bolsonaro. \u201cA primeira coisa \u00e9 a desmotiva\u00e7\u00e3o no rosto dos nossos colegas. Tamb\u00e9m o abandono dos estudos porque muitos tem que trabalhar por n\u00e3o conseguem bolsa\u201d, completa. <\/p>\n<p>Cortes <\/p>\n<p>Na mira do corte de 30% do or\u00e7amento das universidades federais de todo pa\u00eds, a UFF ter\u00e1 26,44% a menos de verba de custeio e investimentos neste ano, segundo o mapa feito pela Associa\u00e7\u00e3o Nacional dos Dirigentes das Institui\u00e7\u00f5es Federais de Ensino Superior no Brasil (Andifes) com base nos dados do Sistema de Administra\u00e7\u00e3o Financeira do Governo Federal (Siaf).  <\/p>\n<p>A redu\u00e7\u00e3o equivale a 54.550 milh\u00f5es de reais e atinge o maior n\u00famero de alunos matriculados na gradua\u00e7\u00e3o entre todas as universidades federais do pa\u00eds &#8211; mais de 55 mil estudantes, espalhados em 10 munic\u00edpios do interior do estado do Rio de Janeiro onde ficam os campi da UFF.  <\/p>\n<p>Ainda que tenha impacto direto nas verbas que s\u00e3o destinadas a pagar contas de \u00e1gua, luz e servi\u00e7os terceirizados, o corte tamb\u00e9m poder\u00e1 atingir os alunos que fazem parte do Plano Nacional de Assist\u00eancia Estudantil (Pnaes). O programa, criado em 2008 pelo governo Lula, apoia a perman\u00eancia de estudantes de baixa renda matriculados em cursos de gradua\u00e7\u00e3o das institui\u00e7\u00f5es federais de ensino superior com aux\u00edlio moradia, alimenta\u00e7\u00e3o, transporte e creche.  <\/p>\n<p>\u201cMuitos alunos dependem da assist\u00eancia, seja por terem ingressado por vagas reservadas a estudantes de baixa renda, seja por dependerem de uma economia local que funciona pela distribui\u00e7\u00e3o de bolsas e de servi\u00e7os como a moradia estudantil\u201d, destaca Douglas Leite, da diretoria da Associa\u00e7\u00e3o dos Docentes da UFF (Aduff) e professor da Faculdade de Direito. <\/p>\n<p>Estrutura  <\/p>\n<p>Antes do an\u00fancio do corte de verba para este ano em todas as universidades federais, a UFF j\u00e1 sofria com d\u00edvidas e obras inacabadas no interior do estado. Em Campos, tr\u00eas cont\u00eaineres alugados usados como salas de aula, laborat\u00f3rio e secretaria, est\u00e3o sob amea\u00e7a de serem retirados at\u00e9 dezembro.  <\/p>\n<p>\u201c\u00c9 uma situa\u00e7\u00e3o prec\u00e1ria em Campos, e agora a gente est\u00e1 na imin\u00eancia de fechar. Sem verba, os pr\u00e9dios alugados possivelmente tamb\u00e9m n\u00e3o v\u00e3o ser mantidos. A gente n\u00e3o tem espa\u00e7o pra trabalhar\u201d, diz a professora Elis Miranda do Programa de P\u00f3s-Gradua\u00e7\u00e3o em Desenvolvimento Regional, Ambiente e Pol\u00edticas P\u00fablicas. A precariedade das instala\u00e7\u00f5es e os novos cortes colocam em risco a continuidade das aulas.<\/p>\n<p>Edi\u00e7\u00e3o: Mariana Pitasse<\/p>\n","protected":false},"excerpt":{"rendered":"<p>Redu\u00e7\u00e3o do or\u00e7amento pode atingir Plano Nacional de Assist\u00eancia Estudantil (Pnaes); estudantes da UFF avaliam impactos<\/p>\n","protected":false},"author":1,"featured_media":0,"comment_status":"closed","ping_status":"open","sticky":false,"template":"","format":"standard","meta":{"_exactmetrics_skip_tracking":false,"_exactmetrics_sitenote_active":false,"_exactmetrics_sitenote_note":"","_exactmetrics_sitenote_category":0,"jetpack_post_was_ever_published":false,"_jetpack_newsletter_access":"","_jetpack_dont_email_post_to_subs":false,"_jetpack_newsletter_tier_id":0,"_jetpack_memberships_contains_paywalled_content":false,"_jetpack_memberships_contains_paid_content":false,"footnotes":"","jetpack_publicize_message":"","jetpack_publicize_feature_enabled":true,"jetpack_social_post_already_shared":true,"jetpack_social_options":{"image_generator_settings":{"template":"highway","enabled":false},"version":2}},"categories":[1],"tags":[],"class_list":["post-21841","post","type-post","status-publish","format-standard","hentry","category-notas"],"jetpack_publicize_connections":[],"jetpack_sharing_enabled":true,"jetpack_featured_media_url":"","jetpack_shortlink":"https:\/\/wp.me\/p7wKYW-5Gh","jetpack-related-posts":[],"_links":{"self":[{"href":"http:\/\/blogdalucianaoliveira.com.br\/blog\/wp-json\/wp\/v2\/posts\/21841","targetHints":{"allow":["GET"]}}],"collection":[{"href":"http:\/\/blogdalucianaoliveira.com.br\/blog\/wp-json\/wp\/v2\/posts"}],"about":[{"href":"http:\/\/blogdalucianaoliveira.com.br\/blog\/wp-json\/wp\/v2\/types\/post"}],"author":[{"embeddable":true,"href":"http:\/\/blogdalucianaoliveira.com.br\/blog\/wp-json\/wp\/v2\/users\/1"}],"replies":[{"embeddable":true,"href":"http:\/\/blogdalucianaoliveira.com.br\/blog\/wp-json\/wp\/v2\/comments?post=21841"}],"version-history":[{"count":1,"href":"http:\/\/blogdalucianaoliveira.com.br\/blog\/wp-json\/wp\/v2\/posts\/21841\/revisions"}],"predecessor-version":[{"id":21843,"href":"http:\/\/blogdalucianaoliveira.com.br\/blog\/wp-json\/wp\/v2\/posts\/21841\/revisions\/21843"}],"wp:attachment":[{"href":"http:\/\/blogdalucianaoliveira.com.br\/blog\/wp-json\/wp\/v2\/media?parent=21841"}],"wp:term":[{"taxonomy":"category","embeddable":true,"href":"http:\/\/blogdalucianaoliveira.com.br\/blog\/wp-json\/wp\/v2\/categories?post=21841"},{"taxonomy":"post_tag","embeddable":true,"href":"http:\/\/blogdalucianaoliveira.com.br\/blog\/wp-json\/wp\/v2\/tags?post=21841"}],"curies":[{"name":"wp","href":"https:\/\/api.w.org\/{rel}","templated":true}]}}