{"id":21847,"date":"2019-05-22T11:47:57","date_gmt":"2019-05-22T15:47:57","guid":{"rendered":"http:\/\/blogdalucianaoliveira.com.br\/blog\/?p=21847"},"modified":"2019-05-22T11:47:57","modified_gmt":"2019-05-22T15:47:57","slug":"criancas-sao-expostas-em-desfile-de-adocao-em-cuiaba","status":"publish","type":"post","link":"http:\/\/blogdalucianaoliveira.com.br\/blog\/2019\/05\/22\/criancas-sao-expostas-em-desfile-de-adocao-em-cuiaba\/","title":{"rendered":"CRIAN\u00c7AS S\u00c3O EXPOSTAS EM &#8216;DESFILE&#8217; DE ADO\u00c7\u00c3O EM CUIAB\u00c1"},"content":{"rendered":"<p><img data-recalc-dims=\"1\" loading=\"lazy\" decoding=\"async\" data-attachment-id=\"21848\" data-permalink=\"http:\/\/blogdalucianaoliveira.com.br\/blog\/2019\/05\/22\/criancas-sao-expostas-em-desfile-de-adocao-em-cuiaba\/10b283f6-1cf4-4093-93b7-f0b1f7dd7ea9\/\" data-orig-file=\"https:\/\/i0.wp.com\/blogdalucianaoliveira.com.br\/blog\/wp-content\/uploads\/2019\/05\/10B283F6-1CF4-4093-93B7-F0B1F7DD7EA9.jpeg?fit=480%2C240\" data-orig-size=\"480,240\" data-comments-opened=\"0\" data-image-meta=\"{&quot;aperture&quot;:&quot;0&quot;,&quot;credit&quot;:&quot;&quot;,&quot;camera&quot;:&quot;&quot;,&quot;caption&quot;:&quot;&quot;,&quot;created_timestamp&quot;:&quot;0&quot;,&quot;copyright&quot;:&quot;&quot;,&quot;focal_length&quot;:&quot;0&quot;,&quot;iso&quot;:&quot;0&quot;,&quot;shutter_speed&quot;:&quot;0&quot;,&quot;title&quot;:&quot;&quot;,&quot;orientation&quot;:&quot;0&quot;}\" data-image-title=\"10B283F6-1CF4-4093-93B7-F0B1F7DD7EA9\" data-image-description=\"\" data-image-caption=\"\" data-medium-file=\"https:\/\/i0.wp.com\/blogdalucianaoliveira.com.br\/blog\/wp-content\/uploads\/2019\/05\/10B283F6-1CF4-4093-93B7-F0B1F7DD7EA9.jpeg?fit=300%2C150\" data-large-file=\"https:\/\/i0.wp.com\/blogdalucianaoliveira.com.br\/blog\/wp-content\/uploads\/2019\/05\/10B283F6-1CF4-4093-93B7-F0B1F7DD7EA9.jpeg?fit=480%2C240\" src=\"https:\/\/i0.wp.com\/blogdalucianaoliveira.com.br\/blog\/wp-content\/uploads\/2019\/05\/10B283F6-1CF4-4093-93B7-F0B1F7DD7EA9.jpeg?resize=480%2C240\" alt=\"10B283F6-1CF4-4093-93B7-F0B1F7DD7EA9\" width=\"480\" height=\"240\" class=\"alignnone size-full wp-image-21848\" srcset=\"https:\/\/i0.wp.com\/blogdalucianaoliveira.com.br\/blog\/wp-content\/uploads\/2019\/05\/10B283F6-1CF4-4093-93B7-F0B1F7DD7EA9.jpeg?w=480 480w, https:\/\/i0.wp.com\/blogdalucianaoliveira.com.br\/blog\/wp-content\/uploads\/2019\/05\/10B283F6-1CF4-4093-93B7-F0B1F7DD7EA9.jpeg?resize=300%2C150 300w\" sizes=\"auto, (max-width: 480px) 100vw, 480px\" \/><\/p>\n<p>247 &#8211; Um desfile realizado com a parceria entre a Associa\u00e7\u00e3o Mato-grossense de Pesquisa e Apoio \u00e0 Ado\u00e7\u00e3o (AMPARA) com a Comiss\u00e3o de Inf\u00e2ncia e Juventude (CIJ) da Ordem dos Advogados do Brasil \u2013 Seccional Mato Grosso (OAB-MT) e o Pantanal Shopping tem gerado uma onda de indigna\u00e7\u00e3o nas redes sociais. <!--more--><\/p>\n<p>No evento, menores de 4 a 17 anos, em situa\u00e7\u00e3o de ado\u00e7\u00e3o, s\u00e3o expostas em uma passarela, enquanto poss\u00edveis adotantes podem escolher qual a crian\u00e7a mais agrada ao seu gosto. <\/p>\n<p>O coordenador do MTST, Guilherme Boulos, usou sua conta no Twitter para criticar a a\u00e7\u00e3o. <\/p>\n","protected":false},"excerpt":{"rendered":"<p>247 &#8211; Um desfile realizado com a parceria entre a Associa\u00e7\u00e3o Mato-grossense de Pesquisa e Apoio \u00e0 Ado\u00e7\u00e3o (AMPARA) com a Comiss\u00e3o de Inf\u00e2ncia e Juventude (CIJ) da Ordem dos Advogados do Brasil \u2013 Seccional Mato Grosso (OAB-MT) e o Pantanal Shopping tem gerado uma onda de indigna\u00e7\u00e3o nas redes sociais.<\/p>\n","protected":false},"author":1,"featured_media":0,"comment_status":"closed","ping_status":"open","sticky":false,"template":"","format":"standard","meta":{"_exactmetrics_skip_tracking":false,"_exactmetrics_sitenote_active":false,"_exactmetrics_sitenote_note":"","_exactmetrics_sitenote_category":0,"jetpack_post_was_ever_published":false,"_jetpack_newsletter_access":"","_jetpack_dont_email_post_to_subs":false,"_jetpack_newsletter_tier_id":0,"_jetpack_memberships_contains_paywalled_content":false,"_jetpack_memberships_contains_paid_content":false,"footnotes":"","jetpack_publicize_message":"","jetpack_publicize_feature_enabled":true,"jetpack_social_post_already_shared":true,"jetpack_social_options":{"image_generator_settings":{"template":"highway","enabled":false},"version":2}},"categories":[1],"tags":[],"class_list":["post-21847","post","type-post","status-publish","format-standard","hentry","category-notas"],"jetpack_publicize_connections":[],"jetpack_sharing_enabled":true,"jetpack_featured_media_url":"","jetpack_shortlink":"https:\/\/wp.me\/p7wKYW-5Gn","jetpack-related-posts":[],"_links":{"self":[{"href":"http:\/\/blogdalucianaoliveira.com.br\/blog\/wp-json\/wp\/v2\/posts\/21847","targetHints":{"allow":["GET"]}}],"collection":[{"href":"http:\/\/blogdalucianaoliveira.com.br\/blog\/wp-json\/wp\/v2\/posts"}],"about":[{"href":"http:\/\/blogdalucianaoliveira.com.br\/blog\/wp-json\/wp\/v2\/types\/post"}],"author":[{"embeddable":true,"href":"http:\/\/blogdalucianaoliveira.com.br\/blog\/wp-json\/wp\/v2\/users\/1"}],"replies":[{"embeddable":true,"href":"http:\/\/blogdalucianaoliveira.com.br\/blog\/wp-json\/wp\/v2\/comments?post=21847"}],"version-history":[{"count":1,"href":"http:\/\/blogdalucianaoliveira.com.br\/blog\/wp-json\/wp\/v2\/posts\/21847\/revisions"}],"predecessor-version":[{"id":21849,"href":"http:\/\/blogdalucianaoliveira.com.br\/blog\/wp-json\/wp\/v2\/posts\/21847\/revisions\/21849"}],"wp:attachment":[{"href":"http:\/\/blogdalucianaoliveira.com.br\/blog\/wp-json\/wp\/v2\/media?parent=21847"}],"wp:term":[{"taxonomy":"category","embeddable":true,"href":"http:\/\/blogdalucianaoliveira.com.br\/blog\/wp-json\/wp\/v2\/categories?post=21847"},{"taxonomy":"post_tag","embeddable":true,"href":"http:\/\/blogdalucianaoliveira.com.br\/blog\/wp-json\/wp\/v2\/tags?post=21847"}],"curies":[{"name":"wp","href":"https:\/\/api.w.org\/{rel}","templated":true}]}}