{"id":21852,"date":"2019-05-22T11:59:08","date_gmt":"2019-05-22T15:59:08","guid":{"rendered":"http:\/\/blogdalucianaoliveira.com.br\/blog\/?p=21852"},"modified":"2019-05-22T11:59:08","modified_gmt":"2019-05-22T15:59:08","slug":"treze-capitais-ja-confirmaram-atos-pela-educacao-no-dia-30","status":"publish","type":"post","link":"http:\/\/blogdalucianaoliveira.com.br\/blog\/2019\/05\/22\/treze-capitais-ja-confirmaram-atos-pela-educacao-no-dia-30\/","title":{"rendered":"TREZE CAPITAIS J\u00c1 CONFIRMARAM ATOS PELA EDUCA\u00c7\u00c3O NO DIA 30"},"content":{"rendered":"<p><img data-recalc-dims=\"1\" loading=\"lazy\" decoding=\"async\" data-attachment-id=\"21853\" data-permalink=\"http:\/\/blogdalucianaoliveira.com.br\/blog\/2019\/05\/22\/treze-capitais-ja-confirmaram-atos-pela-educacao-no-dia-30\/6921837a-3859-409d-b511-9e4758b44c9f\/\" data-orig-file=\"https:\/\/i0.wp.com\/blogdalucianaoliveira.com.br\/blog\/wp-content\/uploads\/2019\/05\/6921837A-3859-409D-B511-9E4758B44C9F.jpeg?fit=480%2C240\" data-orig-size=\"480,240\" data-comments-opened=\"0\" data-image-meta=\"{&quot;aperture&quot;:&quot;0&quot;,&quot;credit&quot;:&quot;&quot;,&quot;camera&quot;:&quot;&quot;,&quot;caption&quot;:&quot;&quot;,&quot;created_timestamp&quot;:&quot;0&quot;,&quot;copyright&quot;:&quot;&quot;,&quot;focal_length&quot;:&quot;0&quot;,&quot;iso&quot;:&quot;0&quot;,&quot;shutter_speed&quot;:&quot;0&quot;,&quot;title&quot;:&quot;&quot;,&quot;orientation&quot;:&quot;0&quot;}\" data-image-title=\"6921837A-3859-409D-B511-9E4758B44C9F\" data-image-description=\"\" data-image-caption=\"\" data-medium-file=\"https:\/\/i0.wp.com\/blogdalucianaoliveira.com.br\/blog\/wp-content\/uploads\/2019\/05\/6921837A-3859-409D-B511-9E4758B44C9F.jpeg?fit=300%2C150\" data-large-file=\"https:\/\/i0.wp.com\/blogdalucianaoliveira.com.br\/blog\/wp-content\/uploads\/2019\/05\/6921837A-3859-409D-B511-9E4758B44C9F.jpeg?fit=480%2C240\" src=\"https:\/\/i0.wp.com\/blogdalucianaoliveira.com.br\/blog\/wp-content\/uploads\/2019\/05\/6921837A-3859-409D-B511-9E4758B44C9F.jpeg?resize=480%2C240\" alt=\"6921837A-3859-409D-B511-9E4758B44C9F\" width=\"480\" height=\"240\" class=\"alignnone size-full wp-image-21853\" srcset=\"https:\/\/i0.wp.com\/blogdalucianaoliveira.com.br\/blog\/wp-content\/uploads\/2019\/05\/6921837A-3859-409D-B511-9E4758B44C9F.jpeg?w=480 480w, https:\/\/i0.wp.com\/blogdalucianaoliveira.com.br\/blog\/wp-content\/uploads\/2019\/05\/6921837A-3859-409D-B511-9E4758B44C9F.jpeg?resize=300%2C150 300w\" sizes=\"auto, (max-width: 480px) 100vw, 480px\" \/><\/p>\n<p>Brasil de Fato &#8211; Ap\u00f3s o sucesso do Dia Nacional Em Defesa da Educa\u00e7\u00e3o, ocorrido em quinze de maio, estudantes e professores convocam os brasileiros para mais um dia de luta e refor\u00e7o da defesa da educa\u00e7\u00e3o p\u00fablica, gratuita e de qualidade, e tamb\u00e9m contra os cortes de 30% da verba destinada \u00e0s universidades federais anunciados pelo ministro da Educa\u00e7\u00e3o, Abraham Weintraub. O Segundo Dia Nacional Em Defesa da Educa\u00e7\u00e3o acontece no dia 30 de maio com atos em todas as regi\u00f5es do pa\u00eds.<!--more--><\/p>\n<p>De acordo com a Confedera\u00e7\u00e3o Nacional de Trabalhadores da Educa\u00e7\u00e3o (CNTE), mais de um milh\u00e3o de pessoas participaram das manifesta\u00e7\u00f5es do dia 15 de maio em 200 munic\u00edpios de todos os estados brasileiros. A mobiliza\u00e7\u00e3o do dia 30 promete ser ainda maior, segundo os organizadores. O novo ato tamb\u00e9m \u00e9 um &#8220;esquenta&#8221; para a Greve Geral contra a reforma da Previd\u00eancia que ocorre no dia 14 de junho.<\/p>\n<p>At\u00e9 o momento, treze capitais brasileiras divulgaram hor\u00e1rio e local das mobiliza\u00e7\u00f5es no dia 30. <\/p>\n","protected":false},"excerpt":{"rendered":"<p>Brasil de Fato &#8211; Ap\u00f3s o sucesso do Dia Nacional Em Defesa da Educa\u00e7\u00e3o, ocorrido em quinze de maio, estudantes e professores convocam os brasileiros para mais um dia de luta e refor\u00e7o da defesa da educa\u00e7\u00e3o p\u00fablica, gratuita e de qualidade, e tamb\u00e9m contra os cortes de 30% da verba destinada \u00e0s universidades federais&#8230;<a class=\"more-link\" href=\"http:\/\/blogdalucianaoliveira.com.br\/blog\/2019\/05\/22\/treze-capitais-ja-confirmaram-atos-pela-educacao-no-dia-30\/\">Continue a leitura <span class=\"meta-nav\">&raquo;<\/span><\/a><\/p>\n","protected":false},"author":1,"featured_media":0,"comment_status":"closed","ping_status":"open","sticky":false,"template":"","format":"standard","meta":{"_exactmetrics_skip_tracking":false,"_exactmetrics_sitenote_active":false,"_exactmetrics_sitenote_note":"","_exactmetrics_sitenote_category":0,"jetpack_post_was_ever_published":false,"_jetpack_newsletter_access":"","_jetpack_dont_email_post_to_subs":false,"_jetpack_newsletter_tier_id":0,"_jetpack_memberships_contains_paywalled_content":false,"_jetpack_memberships_contains_paid_content":false,"footnotes":"","jetpack_publicize_message":"","jetpack_publicize_feature_enabled":true,"jetpack_social_post_already_shared":true,"jetpack_social_options":{"image_generator_settings":{"template":"highway","enabled":false},"version":2}},"categories":[1],"tags":[],"class_list":["post-21852","post","type-post","status-publish","format-standard","hentry","category-notas"],"jetpack_publicize_connections":[],"jetpack_sharing_enabled":true,"jetpack_featured_media_url":"","jetpack_shortlink":"https:\/\/wp.me\/p7wKYW-5Gs","jetpack-related-posts":[],"_links":{"self":[{"href":"http:\/\/blogdalucianaoliveira.com.br\/blog\/wp-json\/wp\/v2\/posts\/21852","targetHints":{"allow":["GET"]}}],"collection":[{"href":"http:\/\/blogdalucianaoliveira.com.br\/blog\/wp-json\/wp\/v2\/posts"}],"about":[{"href":"http:\/\/blogdalucianaoliveira.com.br\/blog\/wp-json\/wp\/v2\/types\/post"}],"author":[{"embeddable":true,"href":"http:\/\/blogdalucianaoliveira.com.br\/blog\/wp-json\/wp\/v2\/users\/1"}],"replies":[{"embeddable":true,"href":"http:\/\/blogdalucianaoliveira.com.br\/blog\/wp-json\/wp\/v2\/comments?post=21852"}],"version-history":[{"count":1,"href":"http:\/\/blogdalucianaoliveira.com.br\/blog\/wp-json\/wp\/v2\/posts\/21852\/revisions"}],"predecessor-version":[{"id":21854,"href":"http:\/\/blogdalucianaoliveira.com.br\/blog\/wp-json\/wp\/v2\/posts\/21852\/revisions\/21854"}],"wp:attachment":[{"href":"http:\/\/blogdalucianaoliveira.com.br\/blog\/wp-json\/wp\/v2\/media?parent=21852"}],"wp:term":[{"taxonomy":"category","embeddable":true,"href":"http:\/\/blogdalucianaoliveira.com.br\/blog\/wp-json\/wp\/v2\/categories?post=21852"},{"taxonomy":"post_tag","embeddable":true,"href":"http:\/\/blogdalucianaoliveira.com.br\/blog\/wp-json\/wp\/v2\/tags?post=21852"}],"curies":[{"name":"wp","href":"https:\/\/api.w.org\/{rel}","templated":true}]}}