{"id":21860,"date":"2019-05-23T10:55:46","date_gmt":"2019-05-23T14:55:46","guid":{"rendered":"http:\/\/blogdalucianaoliveira.com.br\/blog\/?p=21860"},"modified":"2019-05-23T10:55:46","modified_gmt":"2019-05-23T14:55:46","slug":"bando-de-fanaticos-no-poder-seita-do-capitao-doido-e-que-deixa-brasil-ingovernavel","status":"publish","type":"post","link":"http:\/\/blogdalucianaoliveira.com.br\/blog\/2019\/05\/23\/bando-de-fanaticos-no-poder-seita-do-capitao-doido-e-que-deixa-brasil-ingovernavel\/","title":{"rendered":"Bando de fan\u00e1ticos no poder: seita do capit\u00e3o doido \u00e9 que deixa Brasil ingovern\u00e1vel"},"content":{"rendered":"<p><img data-recalc-dims=\"1\" loading=\"lazy\" decoding=\"async\" data-attachment-id=\"21862\" data-permalink=\"http:\/\/blogdalucianaoliveira.com.br\/blog\/2019\/05\/23\/bando-de-fanaticos-no-poder-seita-do-capitao-doido-e-que-deixa-brasil-ingovernavel\/lo-2\/\" data-orig-file=\"https:\/\/i0.wp.com\/blogdalucianaoliveira.com.br\/blog\/wp-content\/uploads\/2019\/05\/lo.jpg?fit=1280%2C720\" data-orig-size=\"1280,720\" data-comments-opened=\"0\" data-image-meta=\"{&quot;aperture&quot;:&quot;0&quot;,&quot;credit&quot;:&quot;&quot;,&quot;camera&quot;:&quot;&quot;,&quot;caption&quot;:&quot;&quot;,&quot;created_timestamp&quot;:&quot;0&quot;,&quot;copyright&quot;:&quot;&quot;,&quot;focal_length&quot;:&quot;0&quot;,&quot;iso&quot;:&quot;0&quot;,&quot;shutter_speed&quot;:&quot;0&quot;,&quot;title&quot;:&quot;&quot;,&quot;orientation&quot;:&quot;0&quot;}\" data-image-title=\"lo\" data-image-description=\"\" data-image-caption=\"\" data-medium-file=\"https:\/\/i0.wp.com\/blogdalucianaoliveira.com.br\/blog\/wp-content\/uploads\/2019\/05\/lo.jpg?fit=300%2C169\" data-large-file=\"https:\/\/i0.wp.com\/blogdalucianaoliveira.com.br\/blog\/wp-content\/uploads\/2019\/05\/lo.jpg?fit=600%2C338\" src=\"https:\/\/i0.wp.com\/blogdalucianaoliveira.com.br\/blog\/wp-content\/uploads\/2019\/05\/lo.jpg?resize=600%2C338\" alt=\"lo\" width=\"600\" height=\"338\" class=\"alignnone size-full wp-image-21862\" srcset=\"https:\/\/i0.wp.com\/blogdalucianaoliveira.com.br\/blog\/wp-content\/uploads\/2019\/05\/lo.jpg?w=1280 1280w, https:\/\/i0.wp.com\/blogdalucianaoliveira.com.br\/blog\/wp-content\/uploads\/2019\/05\/lo.jpg?resize=300%2C169 300w, https:\/\/i0.wp.com\/blogdalucianaoliveira.com.br\/blog\/wp-content\/uploads\/2019\/05\/lo.jpg?resize=768%2C432 768w, https:\/\/i0.wp.com\/blogdalucianaoliveira.com.br\/blog\/wp-content\/uploads\/2019\/05\/lo.jpg?resize=1024%2C576 1024w, https:\/\/i0.wp.com\/blogdalucianaoliveira.com.br\/blog\/wp-content\/uploads\/2019\/05\/lo.jpg?resize=533%2C300 533w, https:\/\/i0.wp.com\/blogdalucianaoliveira.com.br\/blog\/wp-content\/uploads\/2019\/05\/lo.jpg?w=1200 1200w\" sizes=\"auto, (max-width: 600px) 100vw, 600px\" \/><\/p>\n<p>As imagens dos deputados do PSL alucinados com seus celulares, fazendo lives no celular enquanto a C\u00e2mara votava medida provis\u00f3ria de interesse do governo, mostra a irresponsabilidade n\u00e3o s\u00f3 dos parlamentares da \u201cnova pol\u00edtica\u201d, mas tamb\u00e9m de quem votou neles, sem saber quem eram, na onda conservadora bolsonarista.<!--more--><\/p>\n<p>No Balaio do Kotscho<\/p>\n<p>S\u00e3o eles, figuras folcl\u00f3ricas ou ilustres desconhecidos, pastores, policiais e militares em profus\u00e3o, que alimentam as redes sociais dos fan\u00e1ticos seguidores da seita bolsonarista, sob a alta dire\u00e7\u00e3o dos filhos do capit\u00e3o e dos \u201colavetes\u201d espalhados pelo governo.<\/p>\n<p>\u00c9 uma comunica\u00e7\u00e3o em duas vias que se retroalimentam.<\/p>\n<p>Afinal, foi tamb\u00e9m por meio destas mesmas redes, movidas pelas fakenews do kit gay e da mamadeira de piroca, com graves e falsas acusa\u00e7\u00f5es contra os advers\u00e1rios que eles, o capit\u00e3o Jair Bolsonaro e o general Mour\u00e3o se elegeram em 2018.<\/p>\n<p>S\u00f3 agora, aqueles ilustres ministros do TSE, Luiz Fux e Rosa Weber \u00e0 frente, os mesmos que nada fizeram contra as fakenews criminosas durante a campanha, resolveram promover um semin\u00e1rio em Bras\u00edlia com \u201cespecialistas\u201d para discutir o que fazer nas pr\u00f3ximas elei\u00e7\u00f5es.<\/p>\n<p>Que fim levaram todas as den\u00fancias feitas durante a campanha pelos outros candidatos? At\u00e9 hoje, o TSE n\u00e3o conseguiu dar uma \u00fanica resposta jur\u00eddica \u00e0 engrenagem de rob\u00f4s e outros bichos, daqui e de fora do pa\u00eds, que foi decisiva na vit\u00f3ria de Bolsonaro, como ele mesmo reconhece e agradece ao filho Carlucho 02.<\/p>\n<p>Quem bancou essa blitzkrieg intern\u00e9tica que assolou o pa\u00eds?<\/p>\n<p>Com o governo do bando de fan\u00e1ticos levados ao poder fazendo \u00e1gua por todos os lados, apenas cinco meses ap\u00f3s a posse, agora os mesmos personagens e financiadores se mobilizam para a convoca\u00e7\u00e3o dos atos pr\u00f3-governo no pr\u00f3ximo domingo.<\/p>\n<p>Nas mensagens ufanistas dos protestos a favor (que beleeeeeeza, como diria o Milton Leite), misturam apelos patri\u00f3ticos com as vis\u00f5es messi\u00e2nicas dos \u201cideol\u00f3gos\u201d, que fazem do capit\u00e3o um boneco de ventr\u00edloquo gaguejante e dos generais de pijama coadjuvantes da \u00f3pera bufa encenada no Pal\u00e1cio do Planalto.<\/p>\n<p>Como \u00e9 que um pa\u00eds pode ser governado com tantas maluquices e cenas expl\u00edcitas de dem\u00eancia, em que o plen\u00e1rio da C\u00e2mara serve apenas de cen\u00e1rio para o circo de horrores das lives dos parlamentares bolsonaristas nas redes sociais?<\/p>\n<p>Para justificar sua manifesta incompet\u00eancia e inapet\u00eancia na gest\u00e3o do governo, eles culpam genericamente o \u201cSistema\u201d, quer dizer,  a \u201cvelha pol\u00edtica\u201d, representada pelos outros poderes, atacando o Congresso e o Judici\u00e1rio, que n\u00e3o deixariam Bolsonaro salvar o pa\u00eds dos malfeitores.<\/p>\n<p>Aonde isso pode nos levar?<\/p>\n<p>Quem tiver estomago e paci\u00eancia pode encontrar as respostas nas redes dos deputados do PSL e dos movimentos de extrema direita que est\u00e3o convocando as manifesta\u00e7\u00f5es de domingo.<\/p>\n<p>N\u00e3o posso reproduzir esse material aqui, em respeito \u00e0s fam\u00edlias, que o capit\u00e3o tanto defende _ defende tanto, que teve v\u00e1rias.<\/p>\n<p>Mas confesso que estou muito assustado.<\/p>\n<p>Bolsonaro n\u00e3o inventou nada de novo. Apenas soltou as feras escondidas nos arm\u00e1rios por tanto tempo e deu voz a quem s\u00f3 sabe destruir e agredir os outros, os \u201cinimigos\u201d dessa gente que agora est\u00e1 em guerra permanente contra a democracia e as institui\u00e7\u00f5es.<\/p>\n<p>Qualquer que seja o resultado das manifesta\u00e7\u00f5es do dia 26, o Brasil continuar\u00e1 rachado e paralisado por um governo que tornou o pa\u00eds invi\u00e1vel a curto e a m\u00e9dio prazo, sem saber o que far\u00e1 no p\u00f3s-Bolsonaro.<\/p>\n<p>\u00c9 isso, meus amigos, n\u00e3o d\u00e1 mais para esconder a triste realidade que estamos vivendo.<\/p>\n<p>Vida que segue.<\/p>\n","protected":false},"excerpt":{"rendered":"<p>As imagens dos deputados do PSL alucinados com seus celulares, fazendo lives no celular enquanto a C\u00e2mara votava medida provis\u00f3ria de interesse do governo, mostra a irresponsabilidade n\u00e3o s\u00f3 dos parlamentares da \u201cnova pol\u00edtica\u201d, mas tamb\u00e9m de quem votou neles, sem saber quem eram, na onda conservadora bolsonarista.<\/p>\n","protected":false},"author":1,"featured_media":0,"comment_status":"closed","ping_status":"open","sticky":false,"template":"","format":"standard","meta":{"_exactmetrics_skip_tracking":false,"_exactmetrics_sitenote_active":false,"_exactmetrics_sitenote_note":"","_exactmetrics_sitenote_category":0,"jetpack_post_was_ever_published":false,"_jetpack_newsletter_access":"","_jetpack_dont_email_post_to_subs":false,"_jetpack_newsletter_tier_id":0,"_jetpack_memberships_contains_paywalled_content":false,"_jetpack_memberships_contains_paid_content":false,"footnotes":"","jetpack_publicize_message":"","jetpack_publicize_feature_enabled":true,"jetpack_social_post_already_shared":true,"jetpack_social_options":{"image_generator_settings":{"template":"highway","enabled":false},"version":2}},"categories":[1],"tags":[],"class_list":["post-21860","post","type-post","status-publish","format-standard","hentry","category-notas"],"jetpack_publicize_connections":[],"jetpack_sharing_enabled":true,"jetpack_featured_media_url":"","jetpack_shortlink":"https:\/\/wp.me\/p7wKYW-5GA","jetpack-related-posts":[],"_links":{"self":[{"href":"http:\/\/blogdalucianaoliveira.com.br\/blog\/wp-json\/wp\/v2\/posts\/21860","targetHints":{"allow":["GET"]}}],"collection":[{"href":"http:\/\/blogdalucianaoliveira.com.br\/blog\/wp-json\/wp\/v2\/posts"}],"about":[{"href":"http:\/\/blogdalucianaoliveira.com.br\/blog\/wp-json\/wp\/v2\/types\/post"}],"author":[{"embeddable":true,"href":"http:\/\/blogdalucianaoliveira.com.br\/blog\/wp-json\/wp\/v2\/users\/1"}],"replies":[{"embeddable":true,"href":"http:\/\/blogdalucianaoliveira.com.br\/blog\/wp-json\/wp\/v2\/comments?post=21860"}],"version-history":[{"count":1,"href":"http:\/\/blogdalucianaoliveira.com.br\/blog\/wp-json\/wp\/v2\/posts\/21860\/revisions"}],"predecessor-version":[{"id":21863,"href":"http:\/\/blogdalucianaoliveira.com.br\/blog\/wp-json\/wp\/v2\/posts\/21860\/revisions\/21863"}],"wp:attachment":[{"href":"http:\/\/blogdalucianaoliveira.com.br\/blog\/wp-json\/wp\/v2\/media?parent=21860"}],"wp:term":[{"taxonomy":"category","embeddable":true,"href":"http:\/\/blogdalucianaoliveira.com.br\/blog\/wp-json\/wp\/v2\/categories?post=21860"},{"taxonomy":"post_tag","embeddable":true,"href":"http:\/\/blogdalucianaoliveira.com.br\/blog\/wp-json\/wp\/v2\/tags?post=21860"}],"curies":[{"name":"wp","href":"https:\/\/api.w.org\/{rel}","templated":true}]}}