{"id":21864,"date":"2019-05-23T11:14:18","date_gmt":"2019-05-23T15:14:18","guid":{"rendered":"http:\/\/blogdalucianaoliveira.com.br\/blog\/?p=21864"},"modified":"2019-05-23T11:14:18","modified_gmt":"2019-05-23T15:14:18","slug":"com-bolsonaro-no-comando-confianca-do-consumidor-e-a-menor-desde-outubro","status":"publish","type":"post","link":"http:\/\/blogdalucianaoliveira.com.br\/blog\/2019\/05\/23\/com-bolsonaro-no-comando-confianca-do-consumidor-e-a-menor-desde-outubro\/","title":{"rendered":"COM BOLSONARO NO COMANDO, CONFIAN\u00c7A DO CONSUMIDOR \u00c9 A MENOR DESDE OUTUBRO"},"content":{"rendered":"<p><img data-recalc-dims=\"1\" loading=\"lazy\" decoding=\"async\" data-attachment-id=\"21865\" data-permalink=\"http:\/\/blogdalucianaoliveira.com.br\/blog\/2019\/05\/23\/com-bolsonaro-no-comando-confianca-do-consumidor-e-a-menor-desde-outubro\/cn-2\/\" data-orig-file=\"https:\/\/i0.wp.com\/blogdalucianaoliveira.com.br\/blog\/wp-content\/uploads\/2019\/05\/cn.jpg?fit=1000%2C357\" data-orig-size=\"1000,357\" data-comments-opened=\"0\" data-image-meta=\"{&quot;aperture&quot;:&quot;0&quot;,&quot;credit&quot;:&quot;&quot;,&quot;camera&quot;:&quot;&quot;,&quot;caption&quot;:&quot;&quot;,&quot;created_timestamp&quot;:&quot;0&quot;,&quot;copyright&quot;:&quot;&quot;,&quot;focal_length&quot;:&quot;0&quot;,&quot;iso&quot;:&quot;0&quot;,&quot;shutter_speed&quot;:&quot;0&quot;,&quot;title&quot;:&quot;&quot;,&quot;orientation&quot;:&quot;0&quot;}\" data-image-title=\"cn\" data-image-description=\"\" data-image-caption=\"\" data-medium-file=\"https:\/\/i0.wp.com\/blogdalucianaoliveira.com.br\/blog\/wp-content\/uploads\/2019\/05\/cn.jpg?fit=300%2C107\" data-large-file=\"https:\/\/i0.wp.com\/blogdalucianaoliveira.com.br\/blog\/wp-content\/uploads\/2019\/05\/cn.jpg?fit=600%2C214\" class=\"alignnone size-full wp-image-21865\" src=\"https:\/\/i0.wp.com\/blogdalucianaoliveira.com.br\/blog\/wp-content\/uploads\/2019\/05\/cn.jpg?resize=600%2C214\" alt=\"cn\" width=\"600\" height=\"214\" srcset=\"https:\/\/i0.wp.com\/blogdalucianaoliveira.com.br\/blog\/wp-content\/uploads\/2019\/05\/cn.jpg?w=1000 1000w, https:\/\/i0.wp.com\/blogdalucianaoliveira.com.br\/blog\/wp-content\/uploads\/2019\/05\/cn.jpg?resize=300%2C107 300w, https:\/\/i0.wp.com\/blogdalucianaoliveira.com.br\/blog\/wp-content\/uploads\/2019\/05\/cn.jpg?resize=768%2C274 768w, https:\/\/i0.wp.com\/blogdalucianaoliveira.com.br\/blog\/wp-content\/uploads\/2019\/05\/cn.jpg?resize=800%2C286 800w\" sizes=\"auto, (max-width: 600px) 100vw, 600px\" \/><\/p>\n<p><strong>No 247<\/strong>\u00a0&#8211;\u00a0<strong>Vitor Abdala, rep\u00f3rter da Ag\u00eancia Brasil<\/strong>\u00a0&#8211;\u00a0O \u00cdndice de Confian\u00e7a do Consumidor, da Funda\u00e7\u00e3o Getulio Vargas (FGV), recuou 2,9 pontos na passagem de abril para maio.<\/p>\n<p>Depois de quatro quedas consecutivas, o indicador acumula perda de 10 pontos e atingiu 86,6 pontos em uma escala de zero a 200. Esse \u00e9 o menor patamar desde outubro do ano passado (85,4 pontos).<!--more--><\/p>\n<p>Vit\u00f3ria (ES) &#8211; Supermercados lotados com filas nos caixas e na entrada funcionam com hor\u00e1rio reduzido (T\u00e2nia R\u00eago\/Ag\u00eancia Brasil)<br \/>\nConsumidores se mostram mais cautelosos quando v\u00e3o ao com\u00e9rcio (Arquivo\/T\u00e2nia R\u00eago\/Ag\u00eancia Brasil)<br \/>\nDe abril para maio, a confian\u00e7a dos consumidores caiu em rela\u00e7\u00e3o tanto ao presente quanto ao futuro. O \u00cdndice de Situa\u00e7\u00e3o Atual (ISA) diminuiu 3,7 pontos, indo para 73,4. Houve queda de 3 pontos em rela\u00e7\u00e3o ao otimismo em rela\u00e7\u00e3o \u00e0 economia e de 4,4 pontos sobre a satisfa\u00e7\u00e3o com as finan\u00e7as familiares.<\/p>\n<p>O \u00cdndice de Expectativas (IE) recuou 2,2 pontos, para 96,5 devido a quedas de 7,4 pontos em rela\u00e7\u00e3o \u00e0 evolu\u00e7\u00e3o da economia e de 5,9 pontos no otimismo sobre a situa\u00e7\u00e3o financeira familiar.<\/p>\n<p>De acordo com a pesquisadora da FGV Viviane Seda Bittencourt, entre fevereiro e abril a queda da confian\u00e7a tinha sido associada \u00e0 frustra\u00e7\u00e3o de expectativas com o ritmo da recupera\u00e7\u00e3o econ\u00f4mica e com os reflexos disso no mercado de trabalho e na situa\u00e7\u00e3o financeira das fam\u00edlias.<\/p>\n<p>Em maio, segundo ela, o resultado mostra um aumento expressivo da insatisfa\u00e7\u00e3o dos consumidores com a situa\u00e7\u00e3o atual, principalmente entre as fam\u00edlias com renda mais baixa.<\/p>\n","protected":false},"excerpt":{"rendered":"<p>No 247\u00a0&#8211;\u00a0Vitor Abdala, rep\u00f3rter da Ag\u00eancia Brasil\u00a0&#8211;\u00a0O \u00cdndice de Confian\u00e7a do Consumidor, da Funda\u00e7\u00e3o Getulio Vargas (FGV), recuou 2,9 pontos na passagem de abril para maio. Depois de quatro quedas consecutivas, o indicador acumula perda de 10 pontos e atingiu 86,6 pontos em uma escala de zero a 200. Esse \u00e9 o menor patamar desde&#8230;<a class=\"more-link\" href=\"http:\/\/blogdalucianaoliveira.com.br\/blog\/2019\/05\/23\/com-bolsonaro-no-comando-confianca-do-consumidor-e-a-menor-desde-outubro\/\">Continue a leitura <span class=\"meta-nav\">&raquo;<\/span><\/a><\/p>\n","protected":false},"author":1,"featured_media":0,"comment_status":"closed","ping_status":"open","sticky":false,"template":"","format":"standard","meta":{"_exactmetrics_skip_tracking":false,"_exactmetrics_sitenote_active":false,"_exactmetrics_sitenote_note":"","_exactmetrics_sitenote_category":0,"jetpack_post_was_ever_published":false,"_jetpack_newsletter_access":"","_jetpack_dont_email_post_to_subs":false,"_jetpack_newsletter_tier_id":0,"_jetpack_memberships_contains_paywalled_content":false,"_jetpack_memberships_contains_paid_content":false,"footnotes":"","jetpack_publicize_message":"","jetpack_publicize_feature_enabled":true,"jetpack_social_post_already_shared":true,"jetpack_social_options":{"image_generator_settings":{"template":"highway","enabled":false},"version":2}},"categories":[1],"tags":[],"class_list":["post-21864","post","type-post","status-publish","format-standard","hentry","category-notas"],"jetpack_publicize_connections":[],"jetpack_sharing_enabled":true,"jetpack_featured_media_url":"","jetpack_shortlink":"https:\/\/wp.me\/p7wKYW-5GE","jetpack-related-posts":[],"_links":{"self":[{"href":"http:\/\/blogdalucianaoliveira.com.br\/blog\/wp-json\/wp\/v2\/posts\/21864","targetHints":{"allow":["GET"]}}],"collection":[{"href":"http:\/\/blogdalucianaoliveira.com.br\/blog\/wp-json\/wp\/v2\/posts"}],"about":[{"href":"http:\/\/blogdalucianaoliveira.com.br\/blog\/wp-json\/wp\/v2\/types\/post"}],"author":[{"embeddable":true,"href":"http:\/\/blogdalucianaoliveira.com.br\/blog\/wp-json\/wp\/v2\/users\/1"}],"replies":[{"embeddable":true,"href":"http:\/\/blogdalucianaoliveira.com.br\/blog\/wp-json\/wp\/v2\/comments?post=21864"}],"version-history":[{"count":1,"href":"http:\/\/blogdalucianaoliveira.com.br\/blog\/wp-json\/wp\/v2\/posts\/21864\/revisions"}],"predecessor-version":[{"id":21866,"href":"http:\/\/blogdalucianaoliveira.com.br\/blog\/wp-json\/wp\/v2\/posts\/21864\/revisions\/21866"}],"wp:attachment":[{"href":"http:\/\/blogdalucianaoliveira.com.br\/blog\/wp-json\/wp\/v2\/media?parent=21864"}],"wp:term":[{"taxonomy":"category","embeddable":true,"href":"http:\/\/blogdalucianaoliveira.com.br\/blog\/wp-json\/wp\/v2\/categories?post=21864"},{"taxonomy":"post_tag","embeddable":true,"href":"http:\/\/blogdalucianaoliveira.com.br\/blog\/wp-json\/wp\/v2\/tags?post=21864"}],"curies":[{"name":"wp","href":"https:\/\/api.w.org\/{rel}","templated":true}]}}