{"id":2187,"date":"2016-07-08T17:33:03","date_gmt":"2016-07-08T21:33:03","guid":{"rendered":"http:\/\/blogdalucianaoliveira.com.br\/blog\/?p=2187"},"modified":"2016-07-08T17:33:03","modified_gmt":"2016-07-08T21:33:03","slug":"a-elite-nao-odeia-os-pobres-ela-tem-uma-indiferenca-blase-quer-o-dinheiro-dela-e-pronto","status":"publish","type":"post","link":"http:\/\/blogdalucianaoliveira.com.br\/blog\/2016\/07\/08\/a-elite-nao-odeia-os-pobres-ela-tem-uma-indiferenca-blase-quer-o-dinheiro-dela-e-pronto\/","title":{"rendered":"A elite n\u00e3o odeia os pobres, ela tem uma indiferen\u00e7a blas\u00e9, quer o dinheiro dela e pronto"},"content":{"rendered":"<p><img data-recalc-dims=\"1\" loading=\"lazy\" decoding=\"async\" data-attachment-id=\"2188\" data-permalink=\"http:\/\/blogdalucianaoliveira.com.br\/blog\/2016\/07\/08\/a-elite-nao-odeia-os-pobres-ela-tem-uma-indiferenca-blase-quer-o-dinheiro-dela-e-pronto\/escravo\/\" data-orig-file=\"https:\/\/i0.wp.com\/blogdalucianaoliveira.com.br\/blog\/wp-content\/uploads\/2016\/07\/escravo.jpg?fit=373%2C259\" data-orig-size=\"373,259\" data-comments-opened=\"0\" data-image-meta=\"{&quot;aperture&quot;:&quot;0&quot;,&quot;credit&quot;:&quot;&quot;,&quot;camera&quot;:&quot;&quot;,&quot;caption&quot;:&quot;&quot;,&quot;created_timestamp&quot;:&quot;0&quot;,&quot;copyright&quot;:&quot;&quot;,&quot;focal_length&quot;:&quot;0&quot;,&quot;iso&quot;:&quot;0&quot;,&quot;shutter_speed&quot;:&quot;0&quot;,&quot;title&quot;:&quot;&quot;,&quot;orientation&quot;:&quot;0&quot;}\" data-image-title=\"escravo\" data-image-description=\"\" data-image-caption=\"\" data-medium-file=\"https:\/\/i0.wp.com\/blogdalucianaoliveira.com.br\/blog\/wp-content\/uploads\/2016\/07\/escravo.jpg?fit=300%2C208\" data-large-file=\"https:\/\/i0.wp.com\/blogdalucianaoliveira.com.br\/blog\/wp-content\/uploads\/2016\/07\/escravo.jpg?fit=373%2C259\" src=\"https:\/\/i0.wp.com\/blogdalucianaoliveira.com.br\/blog\/wp-content\/uploads\/2016\/07\/escravo.jpg?resize=373%2C259\" alt=\"escravo\" width=\"373\" height=\"259\" class=\"alignnone size-full wp-image-2188\" srcset=\"https:\/\/i0.wp.com\/blogdalucianaoliveira.com.br\/blog\/wp-content\/uploads\/2016\/07\/escravo.jpg?w=373 373w, https:\/\/i0.wp.com\/blogdalucianaoliveira.com.br\/blog\/wp-content\/uploads\/2016\/07\/escravo.jpg?resize=300%2C208 300w\" sizes=\"auto, (max-width: 373px) 100vw, 373px\" \/><\/p>\n<p>Como os brasileiros v\u00e3o reagir caso o governo acate a proposta da Confedera\u00e7\u00e3o Nacional da Ind\u00fastria de elevar de 10 para 12 horas a jornada di\u00e1ria de trabalho?<!--more--><\/p>\n<p>O presidente da CNI, Robson Andrade, sugeriu que o Brasil imite a Fran\u00e7a que decretou reformas, passando por cima do parlamento. <\/p>\n<p>O cara que representa o chicote, que certamente n\u00e3o pega no pesado por 80 horas semanais, afirmou que o governo deve promover &#8220;medidas muito duras na Previd\u00eancia Social e nas leis trabalhistas para equilibrar as contas p\u00fablicas&#8221; <\/p>\n<p>Pior, a reforma sugerida pela Ind\u00fastria prev\u00ea ainda a diminui\u00e7\u00e3o do pagamento de horas-extras, que atualmente pagas a 25%, passariam a ter apenas valor m\u00ednimo de 10%; flexibiliza\u00e7\u00e3o dos acordos coletivos de acordo com os resultados da empresa; cria\u00e7\u00e3o da \u201cdemiss\u00e3o econ\u00f4mica\u201d, que pode ser invocada pela empresa em caso de problemas financeiros; e, por fim, a diminui\u00e7\u00e3o do seguro-desemprego para trabalhadores h\u00e1 mais de 15 anos no mesmo emprego.<\/p>\n<p>As &#8216;dicas&#8217; pra fortalecer a competitividades da ind\u00fastria sacrificando o trabalhador foram repassadas ao presidente interino, Michel Temer, numa reuni\u00e3o com cerca de  100 empres\u00e1rios do Comit\u00ea de L\u00edderes da MEI (Mobiliza\u00e7\u00e3o Empresarial pela Inova\u00e7\u00e3o.<\/p>\n<p>Robson Andrade  disse que o empresariado est\u00e1 \u201cansioso\u201d para que essas mudan\u00e7as sejam apresentadas \u201cno menor tempo poss\u00edvel\u201d.<\/p>\n<p>Na Fran\u00e7a, houve v\u00e1rios protestos que resultaram em atos de vandalismo e confronto com a pol\u00edcia. Isso o presidente da CNI n\u00e3o falou. <\/p>\n<p><img data-recalc-dims=\"1\" loading=\"lazy\" decoding=\"async\" data-attachment-id=\"2189\" data-permalink=\"http:\/\/blogdalucianaoliveira.com.br\/blog\/2016\/07\/08\/a-elite-nao-odeia-os-pobres-ela-tem-uma-indiferenca-blase-quer-o-dinheiro-dela-e-pronto\/franca\/\" data-orig-file=\"https:\/\/i0.wp.com\/blogdalucianaoliveira.com.br\/blog\/wp-content\/uploads\/2016\/07\/franca.jpeg?fit=970%2C600\" data-orig-size=\"970,600\" data-comments-opened=\"0\" data-image-meta=\"{&quot;aperture&quot;:&quot;0&quot;,&quot;credit&quot;:&quot;&quot;,&quot;camera&quot;:&quot;&quot;,&quot;caption&quot;:&quot;&quot;,&quot;created_timestamp&quot;:&quot;0&quot;,&quot;copyright&quot;:&quot;&quot;,&quot;focal_length&quot;:&quot;0&quot;,&quot;iso&quot;:&quot;0&quot;,&quot;shutter_speed&quot;:&quot;0&quot;,&quot;title&quot;:&quot;&quot;,&quot;orientation&quot;:&quot;0&quot;}\" data-image-title=\"franca\" data-image-description=\"\" data-image-caption=\"\" data-medium-file=\"https:\/\/i0.wp.com\/blogdalucianaoliveira.com.br\/blog\/wp-content\/uploads\/2016\/07\/franca.jpeg?fit=300%2C186\" data-large-file=\"https:\/\/i0.wp.com\/blogdalucianaoliveira.com.br\/blog\/wp-content\/uploads\/2016\/07\/franca.jpeg?fit=600%2C371\" src=\"https:\/\/i0.wp.com\/blogdalucianaoliveira.com.br\/blog\/wp-content\/uploads\/2016\/07\/franca.jpeg?resize=600%2C371\" alt=\"franca\" width=\"600\" height=\"371\" class=\"alignnone size-full wp-image-2189\" srcset=\"https:\/\/i0.wp.com\/blogdalucianaoliveira.com.br\/blog\/wp-content\/uploads\/2016\/07\/franca.jpeg?w=970 970w, https:\/\/i0.wp.com\/blogdalucianaoliveira.com.br\/blog\/wp-content\/uploads\/2016\/07\/franca.jpeg?resize=300%2C186 300w, https:\/\/i0.wp.com\/blogdalucianaoliveira.com.br\/blog\/wp-content\/uploads\/2016\/07\/franca.jpeg?resize=485%2C300 485w\" sizes=\"auto, (max-width: 600px) 100vw, 600px\" \/><\/p>\n<p>Como os brasileiros ir\u00e3o reagir a essa &#8216;parceria&#8217; sugerida pela CNI pra salvar a economia, em que o empregado entrega \u00e0s costas a um chicote mais grosso, ningu\u00e9m pode prever.<\/p>\n<p>Pode ser muito pior do que na Fran\u00e7a.<\/p>\n<p>Cai como uma luva aquela do soci\u00f3logo Jess\u00e9 Souza: &#8220;A elite n\u00e3o odeia os pobres, ela tem uma indiferen\u00e7a blas\u00e9, quer o dinheiro dela e pronto.&#8221;<\/p>\n","protected":false},"excerpt":{"rendered":"<p>Como os brasileiros v\u00e3o reagir caso o governo acate a proposta da Confedera\u00e7\u00e3o Nacional da Ind\u00fastria de elevar de 10 para 12 horas a jornada di\u00e1ria de trabalho?<\/p>\n","protected":false},"author":1,"featured_media":0,"comment_status":"closed","ping_status":"open","sticky":false,"template":"","format":"standard","meta":{"_exactmetrics_skip_tracking":false,"_exactmetrics_sitenote_active":false,"_exactmetrics_sitenote_note":"","_exactmetrics_sitenote_category":0,"jetpack_post_was_ever_published":false,"_jetpack_newsletter_access":"","_jetpack_dont_email_post_to_subs":false,"_jetpack_newsletter_tier_id":0,"_jetpack_memberships_contains_paywalled_content":false,"_jetpack_memberships_contains_paid_content":false,"footnotes":"","jetpack_publicize_message":"","jetpack_publicize_feature_enabled":true,"jetpack_social_post_already_shared":true,"jetpack_social_options":{"image_generator_settings":{"template":"highway","enabled":false},"version":2}},"categories":[1],"tags":[146,148,147,45],"class_list":["post-2187","post","type-post","status-publish","format-standard","hentry","category-notas","tag-cni","tag-escravidao","tag-reforma-trabalhista","tag-temer"],"jetpack_publicize_connections":[],"jetpack_sharing_enabled":true,"jetpack_featured_media_url":"","jetpack_shortlink":"https:\/\/wp.me\/p7wKYW-zh","jetpack-related-posts":[],"_links":{"self":[{"href":"http:\/\/blogdalucianaoliveira.com.br\/blog\/wp-json\/wp\/v2\/posts\/2187","targetHints":{"allow":["GET"]}}],"collection":[{"href":"http:\/\/blogdalucianaoliveira.com.br\/blog\/wp-json\/wp\/v2\/posts"}],"about":[{"href":"http:\/\/blogdalucianaoliveira.com.br\/blog\/wp-json\/wp\/v2\/types\/post"}],"author":[{"embeddable":true,"href":"http:\/\/blogdalucianaoliveira.com.br\/blog\/wp-json\/wp\/v2\/users\/1"}],"replies":[{"embeddable":true,"href":"http:\/\/blogdalucianaoliveira.com.br\/blog\/wp-json\/wp\/v2\/comments?post=2187"}],"version-history":[{"count":2,"href":"http:\/\/blogdalucianaoliveira.com.br\/blog\/wp-json\/wp\/v2\/posts\/2187\/revisions"}],"predecessor-version":[{"id":2191,"href":"http:\/\/blogdalucianaoliveira.com.br\/blog\/wp-json\/wp\/v2\/posts\/2187\/revisions\/2191"}],"wp:attachment":[{"href":"http:\/\/blogdalucianaoliveira.com.br\/blog\/wp-json\/wp\/v2\/media?parent=2187"}],"wp:term":[{"taxonomy":"category","embeddable":true,"href":"http:\/\/blogdalucianaoliveira.com.br\/blog\/wp-json\/wp\/v2\/categories?post=2187"},{"taxonomy":"post_tag","embeddable":true,"href":"http:\/\/blogdalucianaoliveira.com.br\/blog\/wp-json\/wp\/v2\/tags?post=2187"}],"curies":[{"name":"wp","href":"https:\/\/api.w.org\/{rel}","templated":true}]}}