{"id":21871,"date":"2019-05-23T11:35:05","date_gmt":"2019-05-23T15:35:05","guid":{"rendered":"http:\/\/blogdalucianaoliveira.com.br\/blog\/?p=21871"},"modified":"2019-05-23T11:35:05","modified_gmt":"2019-05-23T15:35:05","slug":"sob-governo-bolsonaro-desmatamento-na-amazonia-bate-recorde-em-maio","status":"publish","type":"post","link":"http:\/\/blogdalucianaoliveira.com.br\/blog\/2019\/05\/23\/sob-governo-bolsonaro-desmatamento-na-amazonia-bate-recorde-em-maio\/","title":{"rendered":"Sob governo Bolsonaro, desmatamento na Amaz\u00f4nia bate recorde em maio"},"content":{"rendered":"<p><img data-recalc-dims=\"1\" loading=\"lazy\" decoding=\"async\" data-attachment-id=\"21872\" data-permalink=\"http:\/\/blogdalucianaoliveira.com.br\/blog\/2019\/05\/23\/sob-governo-bolsonaro-desmatamento-na-amazonia-bate-recorde-em-maio\/mata-3\/\" data-orig-file=\"https:\/\/i0.wp.com\/blogdalucianaoliveira.com.br\/blog\/wp-content\/uploads\/2019\/05\/mata.png?fit=696%2C387\" data-orig-size=\"696,387\" data-comments-opened=\"0\" data-image-meta=\"{&quot;aperture&quot;:&quot;0&quot;,&quot;credit&quot;:&quot;&quot;,&quot;camera&quot;:&quot;&quot;,&quot;caption&quot;:&quot;&quot;,&quot;created_timestamp&quot;:&quot;0&quot;,&quot;copyright&quot;:&quot;&quot;,&quot;focal_length&quot;:&quot;0&quot;,&quot;iso&quot;:&quot;0&quot;,&quot;shutter_speed&quot;:&quot;0&quot;,&quot;title&quot;:&quot;&quot;,&quot;orientation&quot;:&quot;0&quot;}\" data-image-title=\"mata\" data-image-description=\"\" data-image-caption=\"\" data-medium-file=\"https:\/\/i0.wp.com\/blogdalucianaoliveira.com.br\/blog\/wp-content\/uploads\/2019\/05\/mata.png?fit=300%2C167\" data-large-file=\"https:\/\/i0.wp.com\/blogdalucianaoliveira.com.br\/blog\/wp-content\/uploads\/2019\/05\/mata.png?fit=600%2C334\" class=\"alignnone size-full wp-image-21872\" src=\"https:\/\/i0.wp.com\/blogdalucianaoliveira.com.br\/blog\/wp-content\/uploads\/2019\/05\/mata.png?resize=600%2C334\" alt=\"mata\" width=\"600\" height=\"334\" srcset=\"https:\/\/i0.wp.com\/blogdalucianaoliveira.com.br\/blog\/wp-content\/uploads\/2019\/05\/mata.png?w=696 696w, https:\/\/i0.wp.com\/blogdalucianaoliveira.com.br\/blog\/wp-content\/uploads\/2019\/05\/mata.png?resize=300%2C167 300w, https:\/\/i0.wp.com\/blogdalucianaoliveira.com.br\/blog\/wp-content\/uploads\/2019\/05\/mata.png?resize=540%2C300 540w\" sizes=\"auto, (max-width: 600px) 100vw, 600px\" \/><\/p>\n<p>No Blog Da Cidadania &#8211; Quest\u00e3o fundamental para a soberania nacional, a\u00a0Amaz\u00f4nia est\u00e1 sendo destru\u00edda\u00a0com maior velocidade j\u00e1 nos primeiros meses do desgoverno Bolsonaro. E a situa\u00e7\u00e3o tende a piorar. De acordo com reportagem do jornal\u00a0O Estado de S. Paulo, nos primeiros 15 dias de maio a floresta perdeu, em m\u00e9dia, 19 hectares por hora. O n\u00famero \u00e9 o dobro do registrado no mesmo per\u00edodo do ano passado e \u00e9 tamb\u00e9m o maior valor mensal para esse m\u00eas em dez anos.<!--more--><\/p>\n<p>Em uma quinzena, de acordo com reportagem, foram desmatados 6.880 hectares da\u00a0Amaz\u00f4nia, valor que equivale a quase 7 mil campos de futebol. Esse n\u00famero se aproxima do valor da soma dos nove meses anteriores \u2013 per\u00edodo de agosto de 2018 a abril de 2019 \u2013 que foi de 8.200 hectares.<\/p>\n<p>Enquanto o desmatamento segue em velocidade recorde, a fiscaliza\u00e7\u00e3o est\u00e1 fazendo \u2018vista grossa\u2019. Os dados obtidos pelo Estad\u00e3o demonstram que o\u00a0n\u00famero de multas\u00a0aplicadas pela Instituto Brasileiro do\u00a0Meio Ambiente\u00a0e dos Recursos Naturais Renov\u00e1veis (Ibama) caiu 35% em rela\u00e7\u00e3o ao mesmo per\u00edodo do ano passado.<\/p>\n<div class=\"code-block code-block-2\">A diminui\u00e7\u00e3o se alinha ao pensamento de\u00a0Jair Bolsonaro\u00a0que j\u00e1 chegou a criticar o que ele chama de \u201c\u00a0ind\u00fastriadas multas\u201d e parece estar determinado a ajudar na diminui\u00e7\u00e3o da fiscaliza\u00e7\u00e3o que protege a Amaz\u00f4nia e a biodiversidade brasileira.<\/div>\n<p>Ao contr\u00e1rio do aumento visto agora, os governos petistas conseguiram reduzir o desmatamento no pa\u00eds. Em reportagem do\u00a0G1, uma s\u00e9rie hist\u00f3ria comprovou que a\u00a0taxa anual de desmatamento\u00a0da Amaz\u00f4nia Legal (abrange os estados do Acre, Amazonas, Amap\u00e1, Maranh\u00e3o, Mato Grosso, Par\u00e1, Rond\u00f4nia, Roraima e Tocantins) caiu 82% em 10 anos, de 2004 a 2014. Entre agosto de 2003 e julho de 2004, a \u00e1rea desmatada foi de 27.772 km\u00b2, j\u00e1 nos mesmos meses de 2013 a 2014, a \u00e1rea desmatada caiu para 5.012 km\u00b2.<\/p>\n<p>Em\u00a0entrevista ao The Intercept Brasil\u00a0nesta ter\u00e7a-feira (21), o ex-presidente\u00a0Lula\u00a0afirmou que acredita que a Amaz\u00f4nia est\u00e1 em perigo com o governo Bolsonaro. \u201cEles n\u00e3o t\u00eam limites. Como eles s\u00f3 sabem destruir, a biodiversidade e o ecossistema dos biomas brasileiros valem muito pouco. Eu me preocupo, porque a sustentabilidade e a defesa da Amaz\u00f4nia est\u00e3o dentro de uma\u00a0pol\u00edtica\u00a0de soberania nacional\u201d, alertou\u00a0Lula.<\/p>\n<div class=\"code-block code-block-3\">Para o ex-presidente, o Brasil precisa tomar cuidado com o que est\u00e1 sendo feito em rela\u00e7\u00e3o ao meio ambiente: \u201cO Brasil precisa colocar nossas fronteiras, nosso povo, nossa floresta, nossa fauna e nossa biodiversidade como se fosse um patrim\u00f4nio da humanidade, mas subordinado \u00e0 administra\u00e7\u00e3o e aos interesses do Brasil.\u201d<\/div>\n<p>Do\u00a0<a href=\"https:\/\/pt.org.br\/sob-governo-bolsonaro-desmatamento-na-amazonia-bate-recorde-em-maio\/\" target=\"_blank\" rel=\"noopener noreferrer\">PT<\/a><\/p>\n<div class=\"addtoany_share_save_container addtoany_content addtoany_content_bottom\"><\/div>\n","protected":false},"excerpt":{"rendered":"<p>No Blog Da Cidadania &#8211; Quest\u00e3o fundamental para a soberania nacional, a\u00a0Amaz\u00f4nia est\u00e1 sendo destru\u00edda\u00a0com maior velocidade j\u00e1 nos primeiros meses do desgoverno Bolsonaro. E a situa\u00e7\u00e3o tende a piorar. De acordo com reportagem do jornal\u00a0O Estado de S. Paulo, nos primeiros 15 dias de maio a floresta perdeu, em m\u00e9dia, 19 hectares por hora&#8230;.<a class=\"more-link\" href=\"http:\/\/blogdalucianaoliveira.com.br\/blog\/2019\/05\/23\/sob-governo-bolsonaro-desmatamento-na-amazonia-bate-recorde-em-maio\/\">Continue a leitura <span class=\"meta-nav\">&raquo;<\/span><\/a><\/p>\n","protected":false},"author":1,"featured_media":0,"comment_status":"closed","ping_status":"open","sticky":false,"template":"","format":"standard","meta":{"_exactmetrics_skip_tracking":false,"_exactmetrics_sitenote_active":false,"_exactmetrics_sitenote_note":"","_exactmetrics_sitenote_category":0,"jetpack_post_was_ever_published":false,"_jetpack_newsletter_access":"","_jetpack_dont_email_post_to_subs":false,"_jetpack_newsletter_tier_id":0,"_jetpack_memberships_contains_paywalled_content":false,"_jetpack_memberships_contains_paid_content":false,"footnotes":"","jetpack_publicize_message":"","jetpack_publicize_feature_enabled":true,"jetpack_social_post_already_shared":true,"jetpack_social_options":{"image_generator_settings":{"template":"highway","enabled":false},"version":2}},"categories":[1],"tags":[],"class_list":["post-21871","post","type-post","status-publish","format-standard","hentry","category-notas"],"jetpack_publicize_connections":[],"jetpack_sharing_enabled":true,"jetpack_featured_media_url":"","jetpack_shortlink":"https:\/\/wp.me\/p7wKYW-5GL","jetpack-related-posts":[],"_links":{"self":[{"href":"http:\/\/blogdalucianaoliveira.com.br\/blog\/wp-json\/wp\/v2\/posts\/21871","targetHints":{"allow":["GET"]}}],"collection":[{"href":"http:\/\/blogdalucianaoliveira.com.br\/blog\/wp-json\/wp\/v2\/posts"}],"about":[{"href":"http:\/\/blogdalucianaoliveira.com.br\/blog\/wp-json\/wp\/v2\/types\/post"}],"author":[{"embeddable":true,"href":"http:\/\/blogdalucianaoliveira.com.br\/blog\/wp-json\/wp\/v2\/users\/1"}],"replies":[{"embeddable":true,"href":"http:\/\/blogdalucianaoliveira.com.br\/blog\/wp-json\/wp\/v2\/comments?post=21871"}],"version-history":[{"count":1,"href":"http:\/\/blogdalucianaoliveira.com.br\/blog\/wp-json\/wp\/v2\/posts\/21871\/revisions"}],"predecessor-version":[{"id":21873,"href":"http:\/\/blogdalucianaoliveira.com.br\/blog\/wp-json\/wp\/v2\/posts\/21871\/revisions\/21873"}],"wp:attachment":[{"href":"http:\/\/blogdalucianaoliveira.com.br\/blog\/wp-json\/wp\/v2\/media?parent=21871"}],"wp:term":[{"taxonomy":"category","embeddable":true,"href":"http:\/\/blogdalucianaoliveira.com.br\/blog\/wp-json\/wp\/v2\/categories?post=21871"},{"taxonomy":"post_tag","embeddable":true,"href":"http:\/\/blogdalucianaoliveira.com.br\/blog\/wp-json\/wp\/v2\/tags?post=21871"}],"curies":[{"name":"wp","href":"https:\/\/api.w.org\/{rel}","templated":true}]}}