{"id":21889,"date":"2019-05-24T10:55:08","date_gmt":"2019-05-24T14:55:08","guid":{"rendered":"http:\/\/blogdalucianaoliveira.com.br\/blog\/?p=21889"},"modified":"2019-05-24T10:55:08","modified_gmt":"2019-05-24T14:55:08","slug":"garoto-propaganda-da-reforma-da-previdencia-ratinho-deve-r-76-milhoes-a-uniao","status":"publish","type":"post","link":"http:\/\/blogdalucianaoliveira.com.br\/blog\/2019\/05\/24\/garoto-propaganda-da-reforma-da-previdencia-ratinho-deve-r-76-milhoes-a-uniao\/","title":{"rendered":"Garoto-propaganda da reforma da Previd\u00eancia, Ratinho deve R$ 76 milh\u00f5es \u00e0 Uni\u00e3o"},"content":{"rendered":"<p><img data-recalc-dims=\"1\" loading=\"lazy\" decoding=\"async\" data-attachment-id=\"21890\" data-permalink=\"http:\/\/blogdalucianaoliveira.com.br\/blog\/2019\/05\/24\/garoto-propaganda-da-reforma-da-previdencia-ratinho-deve-r-76-milhoes-a-uniao\/0e89a3f4-f20e-4711-8200-177c3657ac10\/\" data-orig-file=\"https:\/\/i0.wp.com\/blogdalucianaoliveira.com.br\/blog\/wp-content\/uploads\/2019\/05\/0E89A3F4-F20E-4711-8200-177C3657AC10.jpeg?fit=600%2C380\" data-orig-size=\"600,380\" data-comments-opened=\"0\" data-image-meta=\"{&quot;aperture&quot;:&quot;0&quot;,&quot;credit&quot;:&quot;&quot;,&quot;camera&quot;:&quot;&quot;,&quot;caption&quot;:&quot;&quot;,&quot;created_timestamp&quot;:&quot;0&quot;,&quot;copyright&quot;:&quot;&quot;,&quot;focal_length&quot;:&quot;0&quot;,&quot;iso&quot;:&quot;0&quot;,&quot;shutter_speed&quot;:&quot;0&quot;,&quot;title&quot;:&quot;&quot;,&quot;orientation&quot;:&quot;0&quot;}\" data-image-title=\"0E89A3F4-F20E-4711-8200-177C3657AC10\" data-image-description=\"\" data-image-caption=\"\" data-medium-file=\"https:\/\/i0.wp.com\/blogdalucianaoliveira.com.br\/blog\/wp-content\/uploads\/2019\/05\/0E89A3F4-F20E-4711-8200-177C3657AC10.jpeg?fit=300%2C190\" data-large-file=\"https:\/\/i0.wp.com\/blogdalucianaoliveira.com.br\/blog\/wp-content\/uploads\/2019\/05\/0E89A3F4-F20E-4711-8200-177C3657AC10.jpeg?fit=600%2C380\" class=\"alignnone size-full wp-image-21890\" src=\"https:\/\/i0.wp.com\/blogdalucianaoliveira.com.br\/blog\/wp-content\/uploads\/2019\/05\/0E89A3F4-F20E-4711-8200-177C3657AC10.jpeg?resize=600%2C380\" alt=\"0E89A3F4-F20E-4711-8200-177C3657AC10\" width=\"600\" height=\"380\" srcset=\"https:\/\/i0.wp.com\/blogdalucianaoliveira.com.br\/blog\/wp-content\/uploads\/2019\/05\/0E89A3F4-F20E-4711-8200-177C3657AC10.jpeg?w=600 600w, https:\/\/i0.wp.com\/blogdalucianaoliveira.com.br\/blog\/wp-content\/uploads\/2019\/05\/0E89A3F4-F20E-4711-8200-177C3657AC10.jpeg?resize=300%2C190 300w, https:\/\/i0.wp.com\/blogdalucianaoliveira.com.br\/blog\/wp-content\/uploads\/2019\/05\/0E89A3F4-F20E-4711-8200-177C3657AC10.jpeg?resize=474%2C300 474w\" sizes=\"auto, (max-width: 600px) 100vw, 600px\" \/><\/p>\n<p>Apresentador e seu filho, o governador Ratinho Jr, s\u00e3o s\u00f3cios em empresa familiar que deu calote no fisco brasileiro<!--more--><\/p>\n<p>Igor Carvalho<br \/>\nBrasil de Fato<\/p>\n<p>Contratado pelo governo federal para ser garoto-propaganda da Reforma da Previd\u00eancia, o apresentador Carlos Roberto Massa, conhecido como Ratinho, deve R$ 76,4 milh\u00f5es em impostos \u00e0 Uni\u00e3o. Os d\u00e9bitos, quando isolados, revelam que do montante, R$ 38 mil s\u00e3o d\u00edvidas com a Previd\u00eancia. Os dados est\u00e3o dispon\u00edveis no banco de dados de d\u00edvidas ativas da Procuradoria-Geral da Fazenda Nacional (PGFN), vinculada ao Minist\u00e9rio da Economia.<\/p>\n<p>As d\u00edvidas fiscais foram acumuladas por uma das empresas de Ratinho, a Agropastoril Caf\u00e9 no Bule Ltda, com sede em Apucarana, no Paran\u00e1, e que \u00e9 respons\u00e1vel por administrar as fazendas da fam\u00edlia Massa.<\/p>\n<p><span style=\"font-family: Cambria, serif;\"><img data-recalc-dims=\"1\" decoding=\"async\" src=\"https:\/\/i0.wp.com\/podcast.brasildefato.com.br\/wp-content\/uploads\/2019\/05\/agropastoril.jpg?w=600&#038;ssl=1\" alt=\"\" \/><\/span><\/p>\n<p class=\"ckeditor-subtitle\">D\u00edvida da Agropastoril<\/p>\n<p>A sociedade da Agropastoril Caf\u00e9 no Bule \u00e9 familiar. Al\u00e9m do apresentador do SBT, integram o quadro societ\u00e1rio a sua esposa, Solange Martinez Massa, e os tr\u00eas filhos, Gabriel Martinez Massa, Rafael Martinez Massa e Carlos Roberto Massa Jr, o Ratinho Jr (PSD), governador do Paran\u00e1.<\/p>\n<p>Em janeiro deste ano, em entrevista \u00e0 Folha de S\u00e3o Paulo, Ratinho Jr defendeu a Reforma da Previd\u00eancia. \u201cOs governadores t\u00eam que estar nessa pauta e apoiar. A Previd\u00eancia n\u00e3o \u00e9 um problema do governo, \u00e9 um problema do pa\u00eds. Se n\u00e3o resolver, n\u00f3s vamos ficar rastejando. Se n\u00e3o fizer agora, vai ter que fazer daqui a dois, tr\u00eas anos, estamos perdendo tempo. Agora, a previd\u00eancia come\u00e7a acabando com privil\u00e9gios\u201d, afirmou o governador, devedor de R$ 76,4 milh\u00f5es ao fisco brasileiro.<\/p>\n<p>Recentemente, o governo federal contratou um grupo de apresentadores para que defendam a Reforma da Previd\u00eancia em seus programas. Al\u00e9m de Ratinho, Luciana Gimenez, Rodrigo Faro, Milton Neves, Ana Hickmann e Jos\u00e9 Luiz Datena passaram a fazer propaganda do projeto.<\/p>\n<p>No dia 19 de abril deste ano, Ratinho recebeu o folcl\u00f3rico Luciano Hang, dono da Havan, para debater a Reforma da Previd\u00eancia. Aliado de Bolsonaro, o empres\u00e1rio tem feito campanha para a aprova\u00e7\u00e3o do projeto em suas redes sociais e entre os trabalhadores de sua empresa.<\/p>\n<p>Na pr\u00f3xima segunda-feira (27), Ratinho entrevistar\u00e1 Jair Bolsonaro no \u201cPrograma do Ratinho\u201d, que vai ao ar diariamente no SBT. Luciana Gimenez e Datena j\u00e1 receberam o presidente em seus programas, na RedeTV e Bandeirantes, respectivamente.<\/p>\n<p class=\"ckeditor-subtitle\">Perd\u00e3o de d\u00edvida<\/p>\n<p>Importante base do governo no Congresso, a bancada ruralista manifestou apoio \u00e0 candidatura de Bolsonaro ainda antes do primeiro turno da elei\u00e7\u00e3o presidencial. <a href=\"https:\/\/www.brasildefato.com.br\/2019\/04\/12\/previdencia-governo-propoe-reforma-mas-quer-perdoar-divida-bilionaria-de-ruralistas\/\">Pelos corredores da C\u00e2mara dos Deputados e do Senado, o setor tem cobrado o Pal\u00e1cio do Planalto para que envie \u00e0s Casas o projeto que prev\u00ea o perd\u00e3o de at\u00e9 R$ 15 milh\u00f5es do agroneg\u00f3cio brasileiro em impostos com o Fundo de Assist\u00eancia ao Trabalhador Rural (Funrural).<\/a><\/p>\n<p>O <strong>Brasil de Fato<\/strong> manteve contato com a assessoria de imprensa do Grupo Massa. Por\u00e9m, at\u00e9 o fechamento desta mat\u00e9ria, n\u00e3o obteve uma resposta do apresentador sobre o calote no fisco.<\/p>\n<p class=\"editor\">Edi\u00e7\u00e3o: Rodrigo Chagas<\/p>\n<div class=\"content-footer\"><\/div>\n","protected":false},"excerpt":{"rendered":"<p>Apresentador e seu filho, o governador Ratinho Jr, s\u00e3o s\u00f3cios em empresa familiar que deu calote no fisco brasileiro<\/p>\n","protected":false},"author":1,"featured_media":0,"comment_status":"closed","ping_status":"open","sticky":false,"template":"","format":"standard","meta":{"_exactmetrics_skip_tracking":false,"_exactmetrics_sitenote_active":false,"_exactmetrics_sitenote_note":"","_exactmetrics_sitenote_category":0,"jetpack_post_was_ever_published":false,"_jetpack_newsletter_access":"","_jetpack_dont_email_post_to_subs":false,"_jetpack_newsletter_tier_id":0,"_jetpack_memberships_contains_paywalled_content":false,"_jetpack_memberships_contains_paid_content":false,"footnotes":"","jetpack_publicize_message":"","jetpack_publicize_feature_enabled":true,"jetpack_social_post_already_shared":true,"jetpack_social_options":{"image_generator_settings":{"template":"highway","enabled":false},"version":2}},"categories":[1],"tags":[],"class_list":["post-21889","post","type-post","status-publish","format-standard","hentry","category-notas"],"jetpack_publicize_connections":[],"jetpack_sharing_enabled":true,"jetpack_featured_media_url":"","jetpack_shortlink":"https:\/\/wp.me\/p7wKYW-5H3","jetpack-related-posts":[],"_links":{"self":[{"href":"http:\/\/blogdalucianaoliveira.com.br\/blog\/wp-json\/wp\/v2\/posts\/21889","targetHints":{"allow":["GET"]}}],"collection":[{"href":"http:\/\/blogdalucianaoliveira.com.br\/blog\/wp-json\/wp\/v2\/posts"}],"about":[{"href":"http:\/\/blogdalucianaoliveira.com.br\/blog\/wp-json\/wp\/v2\/types\/post"}],"author":[{"embeddable":true,"href":"http:\/\/blogdalucianaoliveira.com.br\/blog\/wp-json\/wp\/v2\/users\/1"}],"replies":[{"embeddable":true,"href":"http:\/\/blogdalucianaoliveira.com.br\/blog\/wp-json\/wp\/v2\/comments?post=21889"}],"version-history":[{"count":1,"href":"http:\/\/blogdalucianaoliveira.com.br\/blog\/wp-json\/wp\/v2\/posts\/21889\/revisions"}],"predecessor-version":[{"id":21891,"href":"http:\/\/blogdalucianaoliveira.com.br\/blog\/wp-json\/wp\/v2\/posts\/21889\/revisions\/21891"}],"wp:attachment":[{"href":"http:\/\/blogdalucianaoliveira.com.br\/blog\/wp-json\/wp\/v2\/media?parent=21889"}],"wp:term":[{"taxonomy":"category","embeddable":true,"href":"http:\/\/blogdalucianaoliveira.com.br\/blog\/wp-json\/wp\/v2\/categories?post=21889"},{"taxonomy":"post_tag","embeddable":true,"href":"http:\/\/blogdalucianaoliveira.com.br\/blog\/wp-json\/wp\/v2\/tags?post=21889"}],"curies":[{"name":"wp","href":"https:\/\/api.w.org\/{rel}","templated":true}]}}