{"id":21892,"date":"2019-05-24T11:03:03","date_gmt":"2019-05-24T15:03:03","guid":{"rendered":"http:\/\/blogdalucianaoliveira.com.br\/blog\/?p=21892"},"modified":"2019-05-24T11:03:03","modified_gmt":"2019-05-24T15:03:03","slug":"sergio-moro-de-cacador-de-corruptos-a-figura-folclorica-em-brasilia","status":"publish","type":"post","link":"http:\/\/blogdalucianaoliveira.com.br\/blog\/2019\/05\/24\/sergio-moro-de-cacador-de-corruptos-a-figura-folclorica-em-brasilia\/","title":{"rendered":"Sergio Moro, de ca\u00e7ador de corruptos \u00e0 figura folcl\u00f3rica em Bras\u00edlia"},"content":{"rendered":"<p><img data-recalc-dims=\"1\" loading=\"lazy\" decoding=\"async\" data-attachment-id=\"21893\" data-permalink=\"http:\/\/blogdalucianaoliveira.com.br\/blog\/2019\/05\/24\/sergio-moro-de-cacador-de-corruptos-a-figura-folclorica-em-brasilia\/b5cfc9cc-dbeb-4b28-a2eb-14003565689e\/\" data-orig-file=\"https:\/\/i0.wp.com\/blogdalucianaoliveira.com.br\/blog\/wp-content\/uploads\/2019\/05\/B5CFC9CC-DBEB-4B28-A2EB-14003565689E.jpeg?fit=600%2C400\" data-orig-size=\"600,400\" data-comments-opened=\"0\" data-image-meta=\"{&quot;aperture&quot;:&quot;0&quot;,&quot;credit&quot;:&quot;&quot;,&quot;camera&quot;:&quot;&quot;,&quot;caption&quot;:&quot;&quot;,&quot;created_timestamp&quot;:&quot;0&quot;,&quot;copyright&quot;:&quot;&quot;,&quot;focal_length&quot;:&quot;0&quot;,&quot;iso&quot;:&quot;0&quot;,&quot;shutter_speed&quot;:&quot;0&quot;,&quot;title&quot;:&quot;&quot;,&quot;orientation&quot;:&quot;0&quot;}\" data-image-title=\"B5CFC9CC-DBEB-4B28-A2EB-14003565689E\" data-image-description=\"\" data-image-caption=\"\" data-medium-file=\"https:\/\/i0.wp.com\/blogdalucianaoliveira.com.br\/blog\/wp-content\/uploads\/2019\/05\/B5CFC9CC-DBEB-4B28-A2EB-14003565689E.jpeg?fit=300%2C200\" data-large-file=\"https:\/\/i0.wp.com\/blogdalucianaoliveira.com.br\/blog\/wp-content\/uploads\/2019\/05\/B5CFC9CC-DBEB-4B28-A2EB-14003565689E.jpeg?fit=600%2C400\" class=\"alignnone size-full wp-image-21893 aligncenter\" src=\"https:\/\/i0.wp.com\/blogdalucianaoliveira.com.br\/blog\/wp-content\/uploads\/2019\/05\/B5CFC9CC-DBEB-4B28-A2EB-14003565689E.jpeg?resize=600%2C400\" alt=\"B5CFC9CC-DBEB-4B28-A2EB-14003565689E\" width=\"600\" height=\"400\" srcset=\"https:\/\/i0.wp.com\/blogdalucianaoliveira.com.br\/blog\/wp-content\/uploads\/2019\/05\/B5CFC9CC-DBEB-4B28-A2EB-14003565689E.jpeg?w=600 600w, https:\/\/i0.wp.com\/blogdalucianaoliveira.com.br\/blog\/wp-content\/uploads\/2019\/05\/B5CFC9CC-DBEB-4B28-A2EB-14003565689E.jpeg?resize=300%2C200 300w, https:\/\/i0.wp.com\/blogdalucianaoliveira.com.br\/blog\/wp-content\/uploads\/2019\/05\/B5CFC9CC-DBEB-4B28-A2EB-14003565689E.jpeg?resize=450%2C300 450w\" sizes=\"auto, (max-width: 600px) 100vw, 600px\" \/><\/p>\n<p>No DCM, por Mois\u00e9s Mendes &#8211; Um juiz de alta Corte, apenas um, tentou enfrentar o poder de Sergio Moro. O ministro Teori Zavascki repreendeu publicamente o ent\u00e3o chefe da Lava-Jato quando o magistrado cometeu o delito de grampear Dilma e Lula em 2016. Mas Teori est\u00e1 morto.<!--more--><\/p>\n<p>Os outros ministros vivos do Supremo sempre ficaram quietos diante dos desvios de conduta do ex-juiz. Ningu\u00e9m disse nada contra Sergio Moro, nem o Conselho Nacional de Justi\u00e7a. Ningu\u00e9m. S\u00f3 Teori, o relator da Lava-Jato no STF.<\/p>\n<p>N\u00e3o diziam nada porque Sergio Moro parecia ser mais poderoso do que os ju\u00edzes do Supremo. Moro tinha uma equipe s\u00f3 dele numa vara especial de Curitiba para ca\u00e7ar Lula e os corruptos que teriam se aliado ao PT.  Era forte e tinha tudo o que queria para fazer o que bem entendia. Mas n\u00e3o tem mais nada.<\/p>\n<p>Em tr\u00eas anos em Curitiba, trabalhando com dedica\u00e7\u00e3o especial na ca\u00e7ada moralista da Lava-Jato, Moro condenou 169 r\u00e9us, incluindo Lula. E manteve 155 investigados em pris\u00e3o preventiva, alguns por tempo nunca visto na Justi\u00e7a brasileira.<\/p>\n<p>Foi assim, visto por juristas como um justiceiro medieval, que obteve confiss\u00f5es e dela\u00e7\u00f5es. Assim tamb\u00e9m a imprensa teve acesso a vazamentos de deduragens, que alguns diziam sair do Minist\u00e9rio P\u00fablico e outros asseguravam ser obra do pr\u00f3prio Moro.<\/p>\n<p>A Justi\u00e7a especial da Lava-Jato autorizou 227 condu\u00e7\u00f5es coercitivas, algo que o Brasil nem sabia que existia. Muitos que nunca se negaram a depor foram conduzidos \u00e0 for\u00e7a a interrogat\u00f3rios, incluindo Lula.<\/p>\n<p>Depois, a Lava-Jato liberou delatores no atacado, como o maior e o mais famoso deles, o sujeito que motivou a opera\u00e7\u00e3o, o doleiro Alberto Youssef.<\/p>\n<p>Youssef denunciou comparsas, devolveu mais de R$ 50 milh\u00f5es, foi anistiado e libertado e n\u00e3o tem um m\u00eas, um m\u00eas sequer, de pena a cumprir. Nem um dia. Nem uma hora de pena. Youssef est\u00e1 zerado, perdoado por tudo o que fez.<\/p>\n<p>Pois Sergio Morro perdeu todo esse poder, inclusive o de perdoar corruptos delatores, depois de ser chamado por Bolsonaro para, entre outras coisas, chefiar o Coaf, o organismo de controle das movimenta\u00e7\u00f5es financeiras.<\/p>\n<p>A ordem era tirar o Coaf da \u00e1rea da Fazenda para que ficasse com Sergio Moro e seus investigadores. Por coincid\u00eancia, quando Moro recebeu do presidente a tarefa especial, um filho de Bolsonaro, o senador Flavio Bolsonaro, era envolvido pelo mesmo Coaf nas suspeitas de que um ex-assessor comandava uma quadrilha em seu gabinete.<\/p>\n<p>Investigavam Fabr\u00edcio Queiroz e chegaram a Flavio. Tudo come\u00e7ando pelo Coaf. Pois Bolsonaro decidiu, para que o \u00f3rg\u00e3o fosse \u201cfortalecido\u201d, que o Coaf (que havia descoberto as rela\u00e7\u00f5es de Queiroz com Flavio, com milicianos e at\u00e9 com a mulher de Bolsonaro) ficasse com o ex-juiz.<\/p>\n<p>Mas n\u00e3o deu certo. Moro perdeu o Coaf por decis\u00e3o de parte da direita que apoia Bolsonaro na C\u00e2mara. \u00c9 um agravamento da perda de poder. Antes, Moro j\u00e1 havia perdido at\u00e9 o direito de nomear conselheiros de seguran\u00e7a.<\/p>\n<p>Com a perda do Coaf, Moro caiu na real. O mundo da pol\u00edtica n\u00e3o \u00e9 o mundinho confort\u00e1vel de Curitiba. O ex-juiz enfrenta o constrangimento de se obrigar a apoiar os planos do governo que iriam liberar a posse de fuzis para pessoas comuns. E de endossar a tese bolsonarista de que policiais com medo ou emocionados t\u00eam licen\u00e7a para atirar em quem enxergam como amea\u00e7a.<\/p>\n<p>A pol\u00edtica tirou de Sergio Moro, em menos de cinco meses, o que a imprensa havia oferecido em tr\u00eas anos de Lava-Jato. O ca\u00e7ador de corruptos ficou fraco e j\u00e1 \u00e9 parte da galeria de figuras folcl\u00f3ricas do governo.<\/p>\n<p>Ainda h\u00e1, no horizonte do ministro, a grande ambi\u00e7\u00e3o, que teria sido negociada com Bolsonaro, de chegar ao Supremo. Mas esse horizonte se estende a novembro do ano que vem, quando ser\u00e1 aberta vaga no STF com a aposentadoria do ministro Celso de Mello.<\/p>\n<p>At\u00e9 l\u00e1, Moro continuar\u00e1 convivendo nos p\u00e2ntanos de Bras\u00edlia com recebedores de caixa dois, com o baixo clero, com corruptos variados, com chefes de laranjas e com amigos de milicianos.<\/p>\n<p>\u00c9 essa a pol\u00edtica f\u00e9tida que Moro dizia combater em Curitiba quando falava da \u201ccorrup\u00e7\u00e3o end\u00eamica\u201d. O ex-juiz circula agora nesse ambiente e faz parte dele, por mais que tente ser diferente.<\/p>\n<p>\u00c9 o que estar\u00e1 na sua biografia, que muitos ir\u00e3o ler e os que tiverem boa mem\u00f3ria jamais esquecer\u00e3o.<\/p>\n","protected":false},"excerpt":{"rendered":"<p>No DCM, por Mois\u00e9s Mendes &#8211; Um juiz de alta Corte, apenas um, tentou enfrentar o poder de Sergio Moro. O ministro Teori Zavascki repreendeu publicamente o ent\u00e3o chefe da Lava-Jato quando o magistrado cometeu o delito de grampear Dilma e Lula em 2016. Mas Teori est\u00e1 morto.<\/p>\n","protected":false},"author":1,"featured_media":0,"comment_status":"closed","ping_status":"open","sticky":false,"template":"","format":"standard","meta":{"_exactmetrics_skip_tracking":false,"_exactmetrics_sitenote_active":false,"_exactmetrics_sitenote_note":"","_exactmetrics_sitenote_category":0,"jetpack_post_was_ever_published":false,"_jetpack_newsletter_access":"","_jetpack_dont_email_post_to_subs":false,"_jetpack_newsletter_tier_id":0,"_jetpack_memberships_contains_paywalled_content":false,"_jetpack_memberships_contains_paid_content":false,"footnotes":"","jetpack_publicize_message":"","jetpack_publicize_feature_enabled":true,"jetpack_social_post_already_shared":true,"jetpack_social_options":{"image_generator_settings":{"template":"highway","enabled":false},"version":2}},"categories":[1],"tags":[],"class_list":["post-21892","post","type-post","status-publish","format-standard","hentry","category-notas"],"jetpack_publicize_connections":[],"jetpack_sharing_enabled":true,"jetpack_featured_media_url":"","jetpack_shortlink":"https:\/\/wp.me\/p7wKYW-5H6","jetpack-related-posts":[],"_links":{"self":[{"href":"http:\/\/blogdalucianaoliveira.com.br\/blog\/wp-json\/wp\/v2\/posts\/21892","targetHints":{"allow":["GET"]}}],"collection":[{"href":"http:\/\/blogdalucianaoliveira.com.br\/blog\/wp-json\/wp\/v2\/posts"}],"about":[{"href":"http:\/\/blogdalucianaoliveira.com.br\/blog\/wp-json\/wp\/v2\/types\/post"}],"author":[{"embeddable":true,"href":"http:\/\/blogdalucianaoliveira.com.br\/blog\/wp-json\/wp\/v2\/users\/1"}],"replies":[{"embeddable":true,"href":"http:\/\/blogdalucianaoliveira.com.br\/blog\/wp-json\/wp\/v2\/comments?post=21892"}],"version-history":[{"count":1,"href":"http:\/\/blogdalucianaoliveira.com.br\/blog\/wp-json\/wp\/v2\/posts\/21892\/revisions"}],"predecessor-version":[{"id":21894,"href":"http:\/\/blogdalucianaoliveira.com.br\/blog\/wp-json\/wp\/v2\/posts\/21892\/revisions\/21894"}],"wp:attachment":[{"href":"http:\/\/blogdalucianaoliveira.com.br\/blog\/wp-json\/wp\/v2\/media?parent=21892"}],"wp:term":[{"taxonomy":"category","embeddable":true,"href":"http:\/\/blogdalucianaoliveira.com.br\/blog\/wp-json\/wp\/v2\/categories?post=21892"},{"taxonomy":"post_tag","embeddable":true,"href":"http:\/\/blogdalucianaoliveira.com.br\/blog\/wp-json\/wp\/v2\/tags?post=21892"}],"curies":[{"name":"wp","href":"https:\/\/api.w.org\/{rel}","templated":true}]}}