{"id":21895,"date":"2019-05-24T12:40:41","date_gmt":"2019-05-24T16:40:41","guid":{"rendered":"http:\/\/blogdalucianaoliveira.com.br\/blog\/?p=21895"},"modified":"2019-05-24T12:40:41","modified_gmt":"2019-05-24T16:40:41","slug":"novo-comando-da-cnbb-abre-oposicao-a-bolsonaro","status":"publish","type":"post","link":"http:\/\/blogdalucianaoliveira.com.br\/blog\/2019\/05\/24\/novo-comando-da-cnbb-abre-oposicao-a-bolsonaro\/","title":{"rendered":"NOVO COMANDO DA CNBB ABRE OPOSI\u00c7\u00c3O A BOLSONARO"},"content":{"rendered":"<p><img data-recalc-dims=\"1\" loading=\"lazy\" decoding=\"async\" data-attachment-id=\"21896\" data-permalink=\"http:\/\/blogdalucianaoliveira.com.br\/blog\/2019\/05\/24\/novo-comando-da-cnbb-abre-oposicao-a-bolsonaro\/03d9e574-cb50-434d-a545-8ddaef19d4bc\/\" data-orig-file=\"https:\/\/i0.wp.com\/blogdalucianaoliveira.com.br\/blog\/wp-content\/uploads\/2019\/05\/03D9E574-CB50-434D-A545-8DDAEF19D4BC.png?fit=480%2C240\" data-orig-size=\"480,240\" data-comments-opened=\"0\" data-image-meta=\"{&quot;aperture&quot;:&quot;0&quot;,&quot;credit&quot;:&quot;&quot;,&quot;camera&quot;:&quot;&quot;,&quot;caption&quot;:&quot;&quot;,&quot;created_timestamp&quot;:&quot;0&quot;,&quot;copyright&quot;:&quot;&quot;,&quot;focal_length&quot;:&quot;0&quot;,&quot;iso&quot;:&quot;0&quot;,&quot;shutter_speed&quot;:&quot;0&quot;,&quot;title&quot;:&quot;&quot;,&quot;orientation&quot;:&quot;0&quot;}\" data-image-title=\"03D9E574-CB50-434D-A545-8DDAEF19D4BC\" data-image-description=\"\" data-image-caption=\"\" data-medium-file=\"https:\/\/i0.wp.com\/blogdalucianaoliveira.com.br\/blog\/wp-content\/uploads\/2019\/05\/03D9E574-CB50-434D-A545-8DDAEF19D4BC.png?fit=300%2C150\" data-large-file=\"https:\/\/i0.wp.com\/blogdalucianaoliveira.com.br\/blog\/wp-content\/uploads\/2019\/05\/03D9E574-CB50-434D-A545-8DDAEF19D4BC.png?fit=480%2C240\" src=\"https:\/\/i0.wp.com\/blogdalucianaoliveira.com.br\/blog\/wp-content\/uploads\/2019\/05\/03D9E574-CB50-434D-A545-8DDAEF19D4BC.png?resize=480%2C240\" alt=\"03D9E574-CB50-434D-A545-8DDAEF19D4BC\" width=\"480\" height=\"240\" class=\"alignnone size-full wp-image-21896\" srcset=\"https:\/\/i0.wp.com\/blogdalucianaoliveira.com.br\/blog\/wp-content\/uploads\/2019\/05\/03D9E574-CB50-434D-A545-8DDAEF19D4BC.png?w=480 480w, https:\/\/i0.wp.com\/blogdalucianaoliveira.com.br\/blog\/wp-content\/uploads\/2019\/05\/03D9E574-CB50-434D-A545-8DDAEF19D4BC.png?resize=300%2C150 300w\" sizes=\"auto, (max-width: 480px) 100vw, 480px\" \/><\/p>\n<p>247 &#8211; O novo presidente da Confer\u00eancia Nacional dos Bispos do Brasil (CNBB), o arcebispo de Belo Horizonte, d. Walmor Oliveira de Azevedo, alinhado ao Papa Francisco, deve adotar uma postura cr\u00edtica em rela\u00e7\u00e3o ao governo de extrema-direita de Jair Bolsonaro. <!--more--><\/p>\n<p>Ele posicionou-se firmemente contra a decreto de libera\u00e7\u00e3o das armas de Bolsonaro, contra os cortes na educa\u00e7\u00e3o, e o desemprego resultante da pol\u00edtica econ\u00f4mica desde o golpe de 2015-16.<\/p>\n<p>Dom Walmor foi eleito presidente da CNBB durante a 57.\u00aa Assembleia-Geral da entidade, em Aparecida (SP), em 6 de maio passado. Sua elei\u00e7\u00e3o foi resultado da alian\u00e7a entre os setores moderados e progressista do episcopado brasileiro, isolando os bispos de direita, que pretendiam tomar o poder na CNBB.<\/p>\n<p>Em entrevista ao jornalista Pablo Pereira, em O Estado de S.Paulo, o novo presidente afirmou que o &#8220;caminho da paz&#8221; n\u00e3o ser\u00e1 constru\u00eddo &#8220;pela for\u00e7a das armas&#8221;, mas pelo di\u00e1logo e pela educa\u00e7\u00e3o. &#8220;N\u00e3o existe para n\u00f3s a op\u00e7\u00e3o de dizer que vamos trabalhar mais a paz exatamente com uso de armas. Pelo contr\u00e1rio&#8221;, disse.<\/p>\n<p>Quanto aos cortes na educa\u00e7\u00e3o promovidos pelo governo Bolsonaro, dom Walmor criticou: &#8220;A justificativa dada \u00e9 de otimiza\u00e7\u00e3o de recursos. Mas a Educa\u00e7\u00e3o n\u00e3o pode sofrer cortes de modo que, por exemplo, a pesquisa pare. N\u00e3o se pode cortar de modo que a educa\u00e7\u00e3o de base n\u00e3o seja qualificada. \u00c9 preciso de muito discernimento para se cortar para n\u00e3o se ter preju\u00edzos n\u00e3o s\u00f3 hoje, mas nas gera\u00e7\u00f5es futuras.&#8221;<\/p>\n<p>Quanto ao desemprego, o presidente da CNBB disse que \u00e9 situa\u00e7\u00e3o que &#8220;deve nos envergonhar&#8221;. Sua reflex\u00e3o: &#8220;Este \u00e9 tema muito importante. Particularmente, quando se constatam cen\u00e1rios de pobreza e mis\u00e9ria. Isso nos aflige e inclusive deve nos envergonhar, exigindo de n\u00f3s que encontremos novos caminhos. Compreendendo e conscientes de que estamos num contexto de crise econ\u00f4mica, n\u00e3o s\u00f3 no Brasil, mas num contexto mais amplo. Por\u00e9m, h\u00e1 exig\u00eancia e urg\u00eancia de novas respostas. H\u00e1 gente passando necessidade, sem moradia, sem sa\u00fade&#8221;.<\/p>\n","protected":false},"excerpt":{"rendered":"<p>247 &#8211; O novo presidente da Confer\u00eancia Nacional dos Bispos do Brasil (CNBB), o arcebispo de Belo Horizonte, d. Walmor Oliveira de Azevedo, alinhado ao Papa Francisco, deve adotar uma postura cr\u00edtica em rela\u00e7\u00e3o ao governo de extrema-direita de Jair Bolsonaro.<\/p>\n","protected":false},"author":1,"featured_media":0,"comment_status":"closed","ping_status":"open","sticky":false,"template":"","format":"standard","meta":{"_exactmetrics_skip_tracking":false,"_exactmetrics_sitenote_active":false,"_exactmetrics_sitenote_note":"","_exactmetrics_sitenote_category":0,"jetpack_post_was_ever_published":false,"_jetpack_newsletter_access":"","_jetpack_dont_email_post_to_subs":false,"_jetpack_newsletter_tier_id":0,"_jetpack_memberships_contains_paywalled_content":false,"_jetpack_memberships_contains_paid_content":false,"footnotes":"","jetpack_publicize_message":"","jetpack_publicize_feature_enabled":true,"jetpack_social_post_already_shared":true,"jetpack_social_options":{"image_generator_settings":{"template":"highway","enabled":false},"version":2}},"categories":[1],"tags":[],"class_list":["post-21895","post","type-post","status-publish","format-standard","hentry","category-notas"],"jetpack_publicize_connections":[],"jetpack_sharing_enabled":true,"jetpack_featured_media_url":"","jetpack_shortlink":"https:\/\/wp.me\/p7wKYW-5H9","jetpack-related-posts":[],"_links":{"self":[{"href":"http:\/\/blogdalucianaoliveira.com.br\/blog\/wp-json\/wp\/v2\/posts\/21895","targetHints":{"allow":["GET"]}}],"collection":[{"href":"http:\/\/blogdalucianaoliveira.com.br\/blog\/wp-json\/wp\/v2\/posts"}],"about":[{"href":"http:\/\/blogdalucianaoliveira.com.br\/blog\/wp-json\/wp\/v2\/types\/post"}],"author":[{"embeddable":true,"href":"http:\/\/blogdalucianaoliveira.com.br\/blog\/wp-json\/wp\/v2\/users\/1"}],"replies":[{"embeddable":true,"href":"http:\/\/blogdalucianaoliveira.com.br\/blog\/wp-json\/wp\/v2\/comments?post=21895"}],"version-history":[{"count":1,"href":"http:\/\/blogdalucianaoliveira.com.br\/blog\/wp-json\/wp\/v2\/posts\/21895\/revisions"}],"predecessor-version":[{"id":21897,"href":"http:\/\/blogdalucianaoliveira.com.br\/blog\/wp-json\/wp\/v2\/posts\/21895\/revisions\/21897"}],"wp:attachment":[{"href":"http:\/\/blogdalucianaoliveira.com.br\/blog\/wp-json\/wp\/v2\/media?parent=21895"}],"wp:term":[{"taxonomy":"category","embeddable":true,"href":"http:\/\/blogdalucianaoliveira.com.br\/blog\/wp-json\/wp\/v2\/categories?post=21895"},{"taxonomy":"post_tag","embeddable":true,"href":"http:\/\/blogdalucianaoliveira.com.br\/blog\/wp-json\/wp\/v2\/tags?post=21895"}],"curies":[{"name":"wp","href":"https:\/\/api.w.org\/{rel}","templated":true}]}}