{"id":21898,"date":"2019-05-24T14:29:13","date_gmt":"2019-05-24T18:29:13","guid":{"rendered":"http:\/\/blogdalucianaoliveira.com.br\/blog\/?p=21898"},"modified":"2019-05-24T14:29:13","modified_gmt":"2019-05-24T18:29:13","slug":"banksy-ataca-novamente-dessa-vez-na-bienal-de-arte-de-veneza","status":"publish","type":"post","link":"http:\/\/blogdalucianaoliveira.com.br\/blog\/2019\/05\/24\/banksy-ataca-novamente-dessa-vez-na-bienal-de-arte-de-veneza\/","title":{"rendered":"Banksy ataca novamente, dessa vez na Bienal de arte de Veneza"},"content":{"rendered":"<p><img data-recalc-dims=\"1\" loading=\"lazy\" decoding=\"async\" data-attachment-id=\"21899\" data-permalink=\"http:\/\/blogdalucianaoliveira.com.br\/blog\/2019\/05\/24\/banksy-ataca-novamente-dessa-vez-na-bienal-de-arte-de-veneza\/7ccbe0f1-19e5-458d-b3af-bec6050ab5a7\/\" data-orig-file=\"https:\/\/i0.wp.com\/blogdalucianaoliveira.com.br\/blog\/wp-content\/uploads\/2019\/05\/7CCBE0F1-19E5-458D-B3AF-BEC6050AB5A7.jpeg?fit=720%2C505\" data-orig-size=\"720,505\" data-comments-opened=\"0\" data-image-meta=\"{&quot;aperture&quot;:&quot;0&quot;,&quot;credit&quot;:&quot;&quot;,&quot;camera&quot;:&quot;&quot;,&quot;caption&quot;:&quot;&quot;,&quot;created_timestamp&quot;:&quot;0&quot;,&quot;copyright&quot;:&quot;&quot;,&quot;focal_length&quot;:&quot;0&quot;,&quot;iso&quot;:&quot;0&quot;,&quot;shutter_speed&quot;:&quot;0&quot;,&quot;title&quot;:&quot;&quot;,&quot;orientation&quot;:&quot;1&quot;}\" data-image-title=\"7CCBE0F1-19E5-458D-B3AF-BEC6050AB5A7\" data-image-description=\"\" data-image-caption=\"\" data-medium-file=\"https:\/\/i0.wp.com\/blogdalucianaoliveira.com.br\/blog\/wp-content\/uploads\/2019\/05\/7CCBE0F1-19E5-458D-B3AF-BEC6050AB5A7.jpeg?fit=300%2C210\" data-large-file=\"https:\/\/i0.wp.com\/blogdalucianaoliveira.com.br\/blog\/wp-content\/uploads\/2019\/05\/7CCBE0F1-19E5-458D-B3AF-BEC6050AB5A7.jpeg?fit=600%2C421\" src=\"https:\/\/i0.wp.com\/blogdalucianaoliveira.com.br\/blog\/wp-content\/uploads\/2019\/05\/7CCBE0F1-19E5-458D-B3AF-BEC6050AB5A7.jpeg?resize=600%2C421\" alt=\"7CCBE0F1-19E5-458D-B3AF-BEC6050AB5A7\" width=\"600\" height=\"421\" class=\"alignnone size-full wp-image-21899\" srcset=\"https:\/\/i0.wp.com\/blogdalucianaoliveira.com.br\/blog\/wp-content\/uploads\/2019\/05\/7CCBE0F1-19E5-458D-B3AF-BEC6050AB5A7.jpeg?w=720 720w, https:\/\/i0.wp.com\/blogdalucianaoliveira.com.br\/blog\/wp-content\/uploads\/2019\/05\/7CCBE0F1-19E5-458D-B3AF-BEC6050AB5A7.jpeg?resize=300%2C210 300w, https:\/\/i0.wp.com\/blogdalucianaoliveira.com.br\/blog\/wp-content\/uploads\/2019\/05\/7CCBE0F1-19E5-458D-B3AF-BEC6050AB5A7.jpeg?resize=428%2C300 428w\" sizes=\"auto, (max-width: 600px) 100vw, 600px\" \/><\/p>\n<p>Novo stencil do artista misterioso surgiu na fachada de um constru\u00e7\u00e3o hist\u00f3rica em Veneza, que recebe desde o \u00faltimo s\u00e1bado (11) a Bienal de Arte.<!--more--><\/p>\n<p>A arte apresenta um menino segurando um sinalizador rosa na m\u00e3o direita &#8211; esse tipo de artefato normalmente \u00e9 usado por migrantes para pedir socorro no Mar Mediterr\u00e2neo. Um dos objetivos da Bienal de Arte em 2019 \u00e9 justamente refletir sobre as &#8220;urg\u00eancias do cotidiano&#8221;, e a mostra exibe inclusive um barco que naufragou com mais de 700 migrantes em 2015, em uma das maiores trag\u00e9dias do Mediterr\u00e2neo.<\/p>\n<p>Al\u00e9m da arte, ele tamb\u00e9m fez uma interven\u00e7\u00e3o com um painel formado com quadros que denunciam os cruzeiros gigantes que atravessam os canais venezianos.<\/p>\n<p>Fonte: M\u00eddia Ninja<br \/>\n#art #arte #banksy #banksyart #veneza<\/p>\n","protected":false},"excerpt":{"rendered":"<p>Novo stencil do artista misterioso surgiu na fachada de um constru\u00e7\u00e3o hist\u00f3rica em Veneza, que recebe desde o \u00faltimo s\u00e1bado (11) a Bienal de Arte.<\/p>\n","protected":false},"author":1,"featured_media":0,"comment_status":"closed","ping_status":"open","sticky":false,"template":"","format":"standard","meta":{"_exactmetrics_skip_tracking":false,"_exactmetrics_sitenote_active":false,"_exactmetrics_sitenote_note":"","_exactmetrics_sitenote_category":0,"jetpack_post_was_ever_published":false,"_jetpack_newsletter_access":"","_jetpack_dont_email_post_to_subs":false,"_jetpack_newsletter_tier_id":0,"_jetpack_memberships_contains_paywalled_content":false,"_jetpack_memberships_contains_paid_content":false,"footnotes":"","jetpack_publicize_message":"","jetpack_publicize_feature_enabled":true,"jetpack_social_post_already_shared":true,"jetpack_social_options":{"image_generator_settings":{"template":"highway","enabled":false},"version":2}},"categories":[1],"tags":[],"class_list":["post-21898","post","type-post","status-publish","format-standard","hentry","category-notas"],"jetpack_publicize_connections":[],"jetpack_sharing_enabled":true,"jetpack_featured_media_url":"","jetpack_shortlink":"https:\/\/wp.me\/p7wKYW-5Hc","jetpack-related-posts":[],"_links":{"self":[{"href":"http:\/\/blogdalucianaoliveira.com.br\/blog\/wp-json\/wp\/v2\/posts\/21898","targetHints":{"allow":["GET"]}}],"collection":[{"href":"http:\/\/blogdalucianaoliveira.com.br\/blog\/wp-json\/wp\/v2\/posts"}],"about":[{"href":"http:\/\/blogdalucianaoliveira.com.br\/blog\/wp-json\/wp\/v2\/types\/post"}],"author":[{"embeddable":true,"href":"http:\/\/blogdalucianaoliveira.com.br\/blog\/wp-json\/wp\/v2\/users\/1"}],"replies":[{"embeddable":true,"href":"http:\/\/blogdalucianaoliveira.com.br\/blog\/wp-json\/wp\/v2\/comments?post=21898"}],"version-history":[{"count":1,"href":"http:\/\/blogdalucianaoliveira.com.br\/blog\/wp-json\/wp\/v2\/posts\/21898\/revisions"}],"predecessor-version":[{"id":21900,"href":"http:\/\/blogdalucianaoliveira.com.br\/blog\/wp-json\/wp\/v2\/posts\/21898\/revisions\/21900"}],"wp:attachment":[{"href":"http:\/\/blogdalucianaoliveira.com.br\/blog\/wp-json\/wp\/v2\/media?parent=21898"}],"wp:term":[{"taxonomy":"category","embeddable":true,"href":"http:\/\/blogdalucianaoliveira.com.br\/blog\/wp-json\/wp\/v2\/categories?post=21898"},{"taxonomy":"post_tag","embeddable":true,"href":"http:\/\/blogdalucianaoliveira.com.br\/blog\/wp-json\/wp\/v2\/tags?post=21898"}],"curies":[{"name":"wp","href":"https:\/\/api.w.org\/{rel}","templated":true}]}}