{"id":21905,"date":"2019-05-26T09:36:13","date_gmt":"2019-05-26T13:36:13","guid":{"rendered":"http:\/\/blogdalucianaoliveira.com.br\/blog\/?p=21905"},"modified":"2019-05-26T09:36:13","modified_gmt":"2019-05-26T13:36:13","slug":"confira-dez-argumentos-de-quem-ira-as-ruas-pela-educacao-publica-no-proximo-dia-30","status":"publish","type":"post","link":"http:\/\/blogdalucianaoliveira.com.br\/blog\/2019\/05\/26\/confira-dez-argumentos-de-quem-ira-as-ruas-pela-educacao-publica-no-proximo-dia-30\/","title":{"rendered":"Confira dez argumentos de quem ir\u00e1 \u00e0s ruas pela educa\u00e7\u00e3o p\u00fablica no pr\u00f3ximo dia 30"},"content":{"rendered":"<p><img data-recalc-dims=\"1\" loading=\"lazy\" decoding=\"async\" data-attachment-id=\"21906\" data-permalink=\"http:\/\/blogdalucianaoliveira.com.br\/blog\/2019\/05\/26\/confira-dez-argumentos-de-quem-ira-as-ruas-pela-educacao-publica-no-proximo-dia-30\/2e82b9b4-ff9d-4d44-b7ed-f733a013a26b\/\" data-orig-file=\"https:\/\/i0.wp.com\/blogdalucianaoliveira.com.br\/blog\/wp-content\/uploads\/2019\/05\/2E82B9B4-FF9D-4D44-B7ED-F733A013A26B.jpeg?fit=960%2C720\" data-orig-size=\"960,720\" data-comments-opened=\"0\" data-image-meta=\"{&quot;aperture&quot;:&quot;0&quot;,&quot;credit&quot;:&quot;&quot;,&quot;camera&quot;:&quot;&quot;,&quot;caption&quot;:&quot;&quot;,&quot;created_timestamp&quot;:&quot;0&quot;,&quot;copyright&quot;:&quot;&quot;,&quot;focal_length&quot;:&quot;0&quot;,&quot;iso&quot;:&quot;0&quot;,&quot;shutter_speed&quot;:&quot;0&quot;,&quot;title&quot;:&quot;&quot;,&quot;orientation&quot;:&quot;0&quot;}\" data-image-title=\"2E82B9B4-FF9D-4D44-B7ED-F733A013A26B\" data-image-description=\"\" data-image-caption=\"\" data-medium-file=\"https:\/\/i0.wp.com\/blogdalucianaoliveira.com.br\/blog\/wp-content\/uploads\/2019\/05\/2E82B9B4-FF9D-4D44-B7ED-F733A013A26B.jpeg?fit=300%2C225\" data-large-file=\"https:\/\/i0.wp.com\/blogdalucianaoliveira.com.br\/blog\/wp-content\/uploads\/2019\/05\/2E82B9B4-FF9D-4D44-B7ED-F733A013A26B.jpeg?fit=600%2C450\" src=\"https:\/\/i0.wp.com\/blogdalucianaoliveira.com.br\/blog\/wp-content\/uploads\/2019\/05\/2E82B9B4-FF9D-4D44-B7ED-F733A013A26B.jpeg?resize=600%2C450\" alt=\"2E82B9B4-FF9D-4D44-B7ED-F733A013A26B\" width=\"600\" height=\"450\" class=\"alignnone size-full wp-image-21906\" srcset=\"https:\/\/i0.wp.com\/blogdalucianaoliveira.com.br\/blog\/wp-content\/uploads\/2019\/05\/2E82B9B4-FF9D-4D44-B7ED-F733A013A26B.jpeg?w=960 960w, https:\/\/i0.wp.com\/blogdalucianaoliveira.com.br\/blog\/wp-content\/uploads\/2019\/05\/2E82B9B4-FF9D-4D44-B7ED-F733A013A26B.jpeg?resize=300%2C225 300w, https:\/\/i0.wp.com\/blogdalucianaoliveira.com.br\/blog\/wp-content\/uploads\/2019\/05\/2E82B9B4-FF9D-4D44-B7ED-F733A013A26B.jpeg?resize=768%2C576 768w, https:\/\/i0.wp.com\/blogdalucianaoliveira.com.br\/blog\/wp-content\/uploads\/2019\/05\/2E82B9B4-FF9D-4D44-B7ED-F733A013A26B.jpeg?resize=400%2C300 400w\" sizes=\"auto, (max-width: 600px) 100vw, 600px\" \/><\/p>\n<p>Brasil De Fato &#8211; As manifesta\u00e7\u00f5es em defesa da educa\u00e7\u00e3o p\u00fablica e contra os cortes anunciados pelo governo de extrema-direita de Jair Bolsonaro (PSL) tomaram as ruas de pequenas e grandes cidades do Brasil no \u00faltimo dia 15 de maio com mais de 1 milh\u00e3o de manifestantes.<!--more--><\/p>\n<p>Na pr\u00f3xima quinta-feira, dia 30 de maio, haver\u00e1 uma nova jornada, um segundo grande ato pela educa\u00e7\u00e3o p\u00fablica.<\/p>\n<p>\u201cAcho que o dia 15 deu um recado ao governo Bolsonaro. Deu uma sacudidela como dizendo: \u2018Toma cuidado porque o que est\u00e1 por vir para voc\u00ea n\u00e3o \u00e9 pouco\u2019\u201d, disse a deputada estadual Maria Izabel Noronha, a Bebel (PT), tamb\u00e9m presidenta do Sindicato dos Professores do Ensino Oficial do Estado de S\u00e3o Paulo (Apeoesp).<\/p>\n<p>Desde o golpe contra a presidenta da Rep\u00fablica Dilma Rousseff, em 2016, a \u00e1rea da educa\u00e7\u00e3o p\u00fablica tem sofrido uma s\u00e9rie de ataques dos governos Michel Temer (MDB) e Jair Bolsonaro (PSL). A deputada faz um alerta sobre os interesses econ\u00f4micos por tr\u00e1s dessas decis\u00f5es pol\u00edticas.<\/p>\n<p>\u201cN\u00e3o \u00e9 s\u00f3 [cortes] nas universidades p\u00fablicas. Vai desde a educa\u00e7\u00e3o infantil at\u00e9 a p\u00f3s-gradua\u00e7\u00e3o. O que est\u00e1 por tr\u00e1s? A privatiza\u00e7\u00e3o. Pagar mensalidades nas universidades. Isso n\u00f3s n\u00e3o vamos permitir. Quem produz ci\u00eancia e tecnologia para a sociedade s\u00e3o as universidades p\u00fablicas. E elas s\u00e3o um patrim\u00f4nio p\u00fablico porque s\u00e3o pagas com impostos\u201d, disse a deputada.<\/p>\n<p>O ato \u00e9 organizado por diversas entidades, coletivos e associa\u00e7\u00f5es de professores, alunos e movimentos populares.<\/p>\n<p>Confira dez raz\u00f5es para participar dos atos e exigir o fim dos retrocessos na educa\u00e7\u00e3o.<\/p>\n<p>1 &#8211; Os cortes para a educa\u00e7\u00e3o b\u00e1sica afetam recursos para a compra de m\u00f3veis, equipamentos e tamb\u00e9m para a capacita\u00e7\u00e3o de servidores e professores<\/p>\n<p>2 &#8211; Os cortes inviabilizam investimentos no programa EJA &#8211; Educa\u00e7\u00e3o Jovens e Adultos e tamb\u00e9m o ensino em per\u00edodo integral.<\/p>\n<p>3 &#8211; Estudantes, professores e institui\u00e7\u00f5es passaram a ser perseguidos ideologicamente, colocando em risco a liberdade de pensamento. AS mobiliza\u00e7\u00f5es do dia 30 visam defender o ensino das disciplinas da \u00e1rea de humanas que fomentam o pensamento cr\u00edtico e human\u00edstico dos estudantes.<\/p>\n<p>4 &#8211; O corte de verbas que afeta profundamente a educa\u00e7\u00e3o, sa\u00fade, produ\u00e7\u00e3o cient\u00edfica e tecnol\u00f3gica.<\/p>\n<p>5 &#8211; As universidades p\u00fablicas s\u00e3o respons\u00e1veis por mais de 90% da pesquisa e inova\u00e7\u00e3o no pa\u00eds. E prestam servi\u00e7os \u00e0 popula\u00e7\u00e3o por meio de projetos de extens\u00e3o e hospitais universit\u00e1rios.<\/p>\n<p>6 &#8211; Est\u00e1 sob risco o artigo 55 da Lei de Diretrizes e Bases da Educa\u00e7\u00e3o que coloca como responsabilidade da Uni\u00e3o assegurar os recursos para manter e desenvolver o ensino superior.<\/p>\n<p>7 &#8211; Educa\u00e7\u00e3o n\u00e3o \u00e9 gasto, mas sim investimento. A import\u00e2ncia do investimento na educa\u00e7\u00e3o em todos os seus n\u00edveis \u00e9 reconhecido por v\u00e1rias institui\u00e7\u00f5es multilaterais, como a ONU, que estipulou como um dos Objetivos de Desenvolvimento do Mil\u00eanio, &#8220;assegurar a educa\u00e7\u00e3o inclusiva, equitativa e de qualidade, e promover oportunidades de aprendizagem ao longo da vida para todos&#8221;. Recentemente, o governo alem\u00e3o, por exemplo, anunciou o investimento de 160 bilh\u00f5es de euros entre 2021 e 2030 para universidades e centros de pesquisa.<\/p>\n<p>8 &#8211; A educa\u00e7\u00e3o foi a que teve o maior corte do governo Bolsonaro, s\u00e3o aproximadamente R$ 6 bilh\u00f5es. O governo cortou ainda R$ 2 bilh\u00f5es de projetos de ci\u00eancias e tecnologia, desenvolvidos gra\u00e7as \u00e0s universidades p\u00fablicas.<\/p>\n<p>9 &#8211; O sucateamento da educa\u00e7\u00e3o p\u00fablica na verdade tem o objetivo de ampliar a margem de lucro de grandes conglomerados internacionais, transformando a educa\u00e7\u00e3o em mercadoria para venda, compra e gera\u00e7\u00e3o de lucro.<\/p>\n<p>10 &#8211; Na educa\u00e7\u00e3o b\u00e1sica, os cortes prejudicam tamb\u00e9m os programas com foco na perman\u00eancia de alunos de baixa renda, por exemplo, na melhoria da  merenda e do transporte escolar<\/p>\n<p>Edi\u00e7\u00e3o: Mauro Ramos<\/p>\n","protected":false},"excerpt":{"rendered":"<p>Brasil De Fato &#8211; As manifesta\u00e7\u00f5es em defesa da educa\u00e7\u00e3o p\u00fablica e contra os cortes anunciados pelo governo de extrema-direita de Jair Bolsonaro (PSL) tomaram as ruas de pequenas e grandes cidades do Brasil no \u00faltimo dia 15 de maio com mais de 1 milh\u00e3o de manifestantes.<\/p>\n","protected":false},"author":1,"featured_media":0,"comment_status":"closed","ping_status":"open","sticky":false,"template":"","format":"standard","meta":{"_exactmetrics_skip_tracking":false,"_exactmetrics_sitenote_active":false,"_exactmetrics_sitenote_note":"","_exactmetrics_sitenote_category":0,"jetpack_post_was_ever_published":false,"_jetpack_newsletter_access":"","_jetpack_dont_email_post_to_subs":false,"_jetpack_newsletter_tier_id":0,"_jetpack_memberships_contains_paywalled_content":false,"_jetpack_memberships_contains_paid_content":false,"footnotes":"","jetpack_publicize_message":"","jetpack_publicize_feature_enabled":true,"jetpack_social_post_already_shared":true,"jetpack_social_options":{"image_generator_settings":{"template":"highway","enabled":false},"version":2}},"categories":[1],"tags":[],"class_list":["post-21905","post","type-post","status-publish","format-standard","hentry","category-notas"],"jetpack_publicize_connections":[],"jetpack_sharing_enabled":true,"jetpack_featured_media_url":"","jetpack_shortlink":"https:\/\/wp.me\/p7wKYW-5Hj","jetpack-related-posts":[],"_links":{"self":[{"href":"http:\/\/blogdalucianaoliveira.com.br\/blog\/wp-json\/wp\/v2\/posts\/21905","targetHints":{"allow":["GET"]}}],"collection":[{"href":"http:\/\/blogdalucianaoliveira.com.br\/blog\/wp-json\/wp\/v2\/posts"}],"about":[{"href":"http:\/\/blogdalucianaoliveira.com.br\/blog\/wp-json\/wp\/v2\/types\/post"}],"author":[{"embeddable":true,"href":"http:\/\/blogdalucianaoliveira.com.br\/blog\/wp-json\/wp\/v2\/users\/1"}],"replies":[{"embeddable":true,"href":"http:\/\/blogdalucianaoliveira.com.br\/blog\/wp-json\/wp\/v2\/comments?post=21905"}],"version-history":[{"count":1,"href":"http:\/\/blogdalucianaoliveira.com.br\/blog\/wp-json\/wp\/v2\/posts\/21905\/revisions"}],"predecessor-version":[{"id":21907,"href":"http:\/\/blogdalucianaoliveira.com.br\/blog\/wp-json\/wp\/v2\/posts\/21905\/revisions\/21907"}],"wp:attachment":[{"href":"http:\/\/blogdalucianaoliveira.com.br\/blog\/wp-json\/wp\/v2\/media?parent=21905"}],"wp:term":[{"taxonomy":"category","embeddable":true,"href":"http:\/\/blogdalucianaoliveira.com.br\/blog\/wp-json\/wp\/v2\/categories?post=21905"},{"taxonomy":"post_tag","embeddable":true,"href":"http:\/\/blogdalucianaoliveira.com.br\/blog\/wp-json\/wp\/v2\/tags?post=21905"}],"curies":[{"name":"wp","href":"https:\/\/api.w.org\/{rel}","templated":true}]}}