{"id":21914,"date":"2019-05-27T11:14:48","date_gmt":"2019-05-27T15:14:48","guid":{"rendered":"http:\/\/blogdalucianaoliveira.com.br\/blog\/?p=21914"},"modified":"2019-05-27T11:14:48","modified_gmt":"2019-05-27T15:14:48","slug":"jair-fora-de-si","status":"publish","type":"post","link":"http:\/\/blogdalucianaoliveira.com.br\/blog\/2019\/05\/27\/jair-fora-de-si\/","title":{"rendered":"JAIR FORA DE SI"},"content":{"rendered":"<p><img data-recalc-dims=\"1\" loading=\"lazy\" decoding=\"async\" data-attachment-id=\"21915\" data-permalink=\"http:\/\/blogdalucianaoliveira.com.br\/blog\/2019\/05\/27\/jair-fora-de-si\/flavio-milicianos\/\" data-orig-file=\"https:\/\/i0.wp.com\/blogdalucianaoliveira.com.br\/blog\/wp-content\/uploads\/2019\/05\/flavio-milicianos.jpg?fit=1086%2C652\" data-orig-size=\"1086,652\" data-comments-opened=\"0\" data-image-meta=\"{&quot;aperture&quot;:&quot;0&quot;,&quot;credit&quot;:&quot;&quot;,&quot;camera&quot;:&quot;&quot;,&quot;caption&quot;:&quot;&quot;,&quot;created_timestamp&quot;:&quot;0&quot;,&quot;copyright&quot;:&quot;&quot;,&quot;focal_length&quot;:&quot;0&quot;,&quot;iso&quot;:&quot;0&quot;,&quot;shutter_speed&quot;:&quot;0&quot;,&quot;title&quot;:&quot;&quot;,&quot;orientation&quot;:&quot;0&quot;}\" data-image-title=\"flavio-milicianos\" data-image-description=\"\" data-image-caption=\"\" data-medium-file=\"https:\/\/i0.wp.com\/blogdalucianaoliveira.com.br\/blog\/wp-content\/uploads\/2019\/05\/flavio-milicianos.jpg?fit=300%2C180\" data-large-file=\"https:\/\/i0.wp.com\/blogdalucianaoliveira.com.br\/blog\/wp-content\/uploads\/2019\/05\/flavio-milicianos.jpg?fit=600%2C360\" src=\"https:\/\/i0.wp.com\/blogdalucianaoliveira.com.br\/blog\/wp-content\/uploads\/2019\/05\/flavio-milicianos.jpg?resize=600%2C360\" alt=\"flavio-milicianos\" width=\"600\" height=\"360\" class=\"alignnone size-full wp-image-21915\" srcset=\"https:\/\/i0.wp.com\/blogdalucianaoliveira.com.br\/blog\/wp-content\/uploads\/2019\/05\/flavio-milicianos.jpg?w=1086 1086w, https:\/\/i0.wp.com\/blogdalucianaoliveira.com.br\/blog\/wp-content\/uploads\/2019\/05\/flavio-milicianos.jpg?resize=300%2C180 300w, https:\/\/i0.wp.com\/blogdalucianaoliveira.com.br\/blog\/wp-content\/uploads\/2019\/05\/flavio-milicianos.jpg?resize=768%2C461 768w, https:\/\/i0.wp.com\/blogdalucianaoliveira.com.br\/blog\/wp-content\/uploads\/2019\/05\/flavio-milicianos.jpg?resize=1024%2C615 1024w, https:\/\/i0.wp.com\/blogdalucianaoliveira.com.br\/blog\/wp-content\/uploads\/2019\/05\/flavio-milicianos.jpg?resize=500%2C300 500w\" sizes=\"auto, (max-width: 600px) 100vw, 600px\" \/><\/p>\n<p>Por Laurez Cerqueira &#8211; Certamente o povo brasileiro n\u00e3o est\u00e1 preparado para assistir a cenas de Jair Bolsonaro, Fl\u00e1vio Bolsonaro e outras pessoas da fam\u00edlia sendo presos. Isso seria inimagin\u00e1vel at\u00e9 a semana passada, mas essa hip\u00f3tese, ainda turva, surge no horizonte. O Minist\u00e9rio P\u00fablico e a Pol\u00edcia Civil do Rio de Janeiro avan\u00e7am sobre o crime organizado no Estado, penetram nos subterr\u00e2neos da fam\u00edlia Bolsonaro e p\u00f5em o presidente da Rep\u00fablica, rec\u00e9m-eleito e empossado, em situa\u00e7\u00e3o dram\u00e1tica.<!--more--><\/p>\n<p>As poses de Jair Bolsonaro e seus filhos em fotografias com \u201cmilicianos\u201d fizeram sucesso nas redes sociais durante a campanha eleitoral. Agora devem juntar-se a outras provas da intimidade da fam\u00edlia do presidente da Rep\u00fablica com os \u201cmilicianos\u201d.<\/p>\n<p>Os investigadores devem apresentar \u00e0 Justi\u00e7a, em breve, uma das mais poderosas organiza\u00e7\u00f5es criminosas do pa\u00eds e revelar a maior fraude eleitoral da hist\u00f3ria das elei\u00e7\u00f5es no Brasil, montada com fake news.<br \/>\nA \u201cdireita compenetrada\u201d, ao dar sinais de que tem ao alcance informa\u00e7\u00f5es espantosas sobre Jair Bolsonaro e sua fam\u00edlia, j\u00e1 deve ter tomado decis\u00e3o e esquadrinhado a opera\u00e7\u00e3o que vai ape\u00e1-lo do poder. Os editoriais dos jornais e das revistas t\u00eam demonstrado isso.<\/p>\n<p>Depois do namoro firme da \u201cdireita compenetrada\u201d com a extrema direita caricata at\u00e9 recentemente, e de andar de m\u00e3os dadas pelas ruas das cidades, com suas m\u00e1scaras, no golpe de Estado de 2016, para derrubar a presidente Dilma, agora solta a m\u00e3o, se despede, como se n\u00e3o tivesse nenhuma responsabilidade com o agravamento da crise econ\u00f4mica  e com a trag\u00e9dia social e moral do pa\u00eds.<\/p>\n<p>Al\u00e9m de desastroso, absolutamente incapaz de tomar qualquer iniciativa para reverter a crise, Jair Bolsonaro tornou-se nitroglicerina pura aos olhos do poder econ\u00f4mico. Um perigo iminente, com a aproxima\u00e7\u00e3o do calor das investiga\u00e7\u00f5es do Minist\u00e9rio P\u00fablico e da Pol\u00edcia Civil do Rio de Janeiro. Os sintomas s\u00e3o cada vez mais evidentes.<\/p>\n<p>O fio da meada \u00e9 a decreta\u00e7\u00e3o das pris\u00f5es, em flagrante, convertida em pris\u00e3o preventiva, de Alexandre Motta Silva, propriet\u00e1rio do apartamento onde foram encontrados 117 fuzis, de uso restrito, e do ex-policial militar, Ronnie Lessa, (acusado de matar Marielle Franco). Os dois respondem a processo por tr\u00e1fico de armas.<\/p>\n<p>Nas investiga\u00e7\u00f5es do submundo do crime organizado no Rio de Janeiro, chegaram a um grande volume de dinheiro movimentado pelo filho do presidente, Fl\u00e1vio Bolsonaro. Por meio de uma imobili\u00e1ria, os neg\u00f3cios renderam R$ 9 milh\u00f5es, sem origem declarada, a compra de 19 im\u00f3veis e liga\u00e7\u00f5es com a empresa MCA Participa\u00e7\u00f5es, com sede no Panam\u00e1, conhecido para\u00edso fiscal.<\/p>\n<p>Estranhamente surgiram nessa hist\u00f3ria tr\u00eas personagens norte-americanos nos neg\u00f3cios imobili\u00e1rios de Fl\u00e1vio Bolsonaro: o corretor Glenn Dillard e dois investidores, Charles Eldering e Paul Maitinho, que tamb\u00e9m passaram a fazer parte do rol de investigados.<\/p>\n<p>Essas informa\u00e7\u00f5es, constantes nos documentos em poder do Minist\u00e9rio P\u00fablico, divulgados pela imprensa, despertaram fortes suspeitas de crime de lavagem de dinheiro.<br \/>\nEm 2008, o deputado Marcelo Freixo, do PSol, presidiu a CPI das Mil\u00edcias, na Assembleia Legislativa do Rio de Janeiro, produziu um relat\u00f3rio pedindo o indiciamento de 225 pol\u00edticos, policiais, agentes penitenci\u00e1rios, bombeiros e civis.<\/p>\n<p>No fluxo do combate ao crime organizado no Rio de Janeiro, em 2011, Marcelo Freixo presidiu outra CPI na Assembl\u00e9ia Legislativa do Rio de Janeiro,  que investigou o tr\u00e1fico de armas no Estado. Consta no relat\u00f3rio aprovado na Comiss\u00e3o, com voto contr\u00e1rio do deputado Fl\u00e1vio Bolsonaro, que 2.024 pessoas foram indiciadas, processadas ou presas na d\u00e9cada passada, no Estado, envolvidas com o crime de tr\u00e1fico de amas. Entre elas, 82 policiais militares, 32 bombeiros, 29 policiais civis, quatro agentes penitenci\u00e1rios, tr\u00eas policiais federais, 88 militares das for\u00e7as armadas (65 do Ex\u00e9rcito, 12 da Marinha, 11 da Aeron\u00e1utica), dois guardas municipais e 250 civis, al\u00e9m de 1.531 pessoas sem qualifica\u00e7\u00e3o.<\/p>\n<p>Os pr\u00f3ximos meses devem trazer \u00e0 tona muitas surpresas. Os ind\u00edcios s\u00e3o cada vez mais evidentes de que a organiza\u00e7\u00e3o criminosa formada por \u201cmilicianos\u201d, acusada de construir ilegalmente os tr\u00eas edif\u00edcios que desabaram no Rio de Janeiro, matando 24 pessoas, pode ser a mesma que comanda o tr\u00e1fico de armas no estado.<br \/>\nAs investiga\u00e7\u00f5es em curso podem ajudar a esclarecer se h\u00e1 liga\u00e7\u00e3o entre o tr\u00e1fico internacional de armas e o decreto de Jair Bolsonaro, que amplia o porte de armas.<\/p>\n<p>A campanha contra o Estatuto do Desarmamento, liderada por Jair Bolsonaro, e o decreto se complementam, favorecendo o com\u00e9rcio clandestino de armas.<br \/>\nUma CPI para investigar o tr\u00e1fico internacional de armas no Brasil est\u00e1 sendo cogitada na C\u00e2mara dos Deputados, a fim de levar para o \u00e2mbito federal as investiga\u00e7\u00f5es. Isso poderia contribuir politicamente com as institui\u00e7\u00f5es p\u00fablicas que est\u00e3o atuando no Rio de Janeiro.<\/p>\n<p>Certamente ao perceber o que est\u00e1 por vir, o Congresso, arrastado pelo \u201cCentr\u00e3o\u201d, virou as costas para o capit\u00e3o e toca agenda pr\u00f3pria. Os l\u00edderes do Governo e do PSL, partido de Jair Bolsonaro, est\u00e3o sendo ignorados nas reuni\u00f5es. Militares mais graduados das For\u00e7as Armadas, da ativa, e os da assessoria direta do presidente, t\u00eam demonstrado frieza nos \u00faltimos dias e discreto recuo.<\/p>\n<p>At\u00e9 Olavo de Carvalho, mentor de Jair Bolsonaro, disse que n\u00e3o vai mais se meter no governo. Bateu em retirada, entrou na toca, depois de derrotado no embate com militares, e ridicularizado em mat\u00e9rias de capa das revistas Veja e Isto\u00e9.<\/p>\n<p>Para completar o isolamento, o Minist\u00e9rio P\u00fablico deu um tiro fatal no decreto que amplia o porte de armas, a \u201cmenina dos olhos\u201d da campanha eleitoral de Jair Bolsonaro. Foi implac\u00e1vel numa nota t\u00e9cnica enviada \u00e0 C\u00e2mara e ao Senado afirmando que o decreto \u00e9 inconstitucional.<\/p>\n<p>Como se estivesse em estado de surto, ap\u00f3s ser informado sobre a quebra de sigilo banc\u00e1rio, fiscal e telef\u00f4nico, do filho Fl\u00e1vio Bolsonaro, de Fabr\u00edcio Queiroz, e mais 94 pessoas envolvidas, entre essas, \u201cmilicianos amigos \u00edntimos da fam\u00edlia\u201d, no maior esc\u00e2ndalo a c\u00e9u aberto no Rio de Janeiro, Jair Bolsonaro viajou para o Texas, sem agenda com nenhuma autoridade dos Estados Unidos, para participar de uma cerim\u00f4nia insignificante, desgastada por causa dele mesmo, e bater na porta de George W. Bush, \u201csenhor da guerra\u201d, sem ser  convidado, para posar ao lado dele numa foto.<\/p>\n<p>Em New York, onde o prefeito Bill de Blasio rejeitou a presen\u00e7a dele, recentemente, o presidente da C\u00e2mara, Rodrigo Maia, o presidente do Senado, David Alcolumbre, e o presidente do Supremo Tribunal Federal, Dias Toffoli, se encontraram para participar de um evento, no mesmo per\u00edodo.<\/p>\n<p>Uma oportunidade interessante para conversas sussurradas, num bom restaurante, entre os tr\u00eas chefes de poderes da Rep\u00fablica, sobre qual caminho seguir caso a evolu\u00e7\u00e3o dos acontecimentos, nos pr\u00f3ximos meses, leve \u00e0 necessidade de afastar Jair Bolsonaro.<\/p>\n<p>O texto divulgado pelo presidente da Rep\u00fablica nas redes sociais e a convoca\u00e7\u00e3o de uma manifesta\u00e7\u00e3o para o dia 26 de junho lembram os ex-presidentes J\u00e2nio Quadros e Fernando Collor, candidatos inventados pela elite economica e pela m\u00eddia para barrar Brizola e Lula .<\/p>\n<p>O primeiro renunciou alegando sabotagem de \u201cfor\u00e7as ocultas\u201d, como insinua Jair Bolsonaro,  E o segundo chamou uma manifesta\u00e7\u00e3o de apoiadores vestidos de verde e amarelo. Por\u00e9m o povo foi \u00e0s ruas, mas de preto e em protesto.<br \/>\nNo Senado ser\u00e1 apresentada uma representa\u00e7\u00e3o contra Fl\u00e1vio Bolsonaro, no Conselho de \u00c9tica e o Judici\u00e1rio do Rio de Janeiro mandou ampliar as investiga\u00e7\u00f5es sobre ele.  Tudo indica que essas duas frentes levar\u00e3o \u00e0 cassa\u00e7\u00e3o do mandato e pris\u00e3o dele.<\/p>\n<p>A primeira dama Michelle Bolsonaro, por sua vez, dever\u00e1 ser convocada para depor sobre os cheques recebidos de Fabr\u00edcio Queiroz, que curiosamente est\u00e1 desaparecido, despertando suspeitas at\u00e9 de ter sido morto.<br \/>\nPaulo C\u00e9sar Farias, homem de confian\u00e7a de Fernando Collor de Melo,  estava sendo investigado, na \u00e9poca, no chamado \u201cEsquema PC\u201d,  por ser o homem forte da \u201c Rep\u00fablica de Alagoas\u201d.  PC Farias foi fuzilado junto com a namorada, num hotel em Macei\u00f3.<\/p>\n<p>Ex-assessores de Jair Bolsonaro, tamb\u00e9m ir\u00e3o depor,  para explicar como eram aplicadas as verbas de gabinete, quando Jair Bolsonaro era deputado federal.<br \/>\nEsse liame de rela\u00e7\u00f5es perigosas com o dinheiro p\u00fablico e com \u201cmilicianos\u201d suspeitos de envolvimento com o tr\u00e1fico de armas far\u00e1 a tempestade perfeita sobre Jair Bolsonaro nos pr\u00f3ximos meses.<\/p>\n<p>Ele sentiu que o pior  est\u00e1 por vir. E j\u00e1 deve ter percebido que a \u201cdireita compenetrada\u201d est\u00e1 tramando o descarte dele.<br \/>\nPor isso Jair est\u00e1 fora de si.<\/p>\n","protected":false},"excerpt":{"rendered":"<p>Por Laurez Cerqueira &#8211; Certamente o povo brasileiro n\u00e3o est\u00e1 preparado para assistir a cenas de Jair Bolsonaro, Fl\u00e1vio Bolsonaro e outras pessoas da fam\u00edlia sendo presos. Isso seria inimagin\u00e1vel at\u00e9 a semana passada, mas essa hip\u00f3tese, ainda turva, surge no horizonte. O Minist\u00e9rio P\u00fablico e a Pol\u00edcia Civil do Rio de Janeiro avan\u00e7am sobre&#8230;<a class=\"more-link\" href=\"http:\/\/blogdalucianaoliveira.com.br\/blog\/2019\/05\/27\/jair-fora-de-si\/\">Continue a leitura <span class=\"meta-nav\">&raquo;<\/span><\/a><\/p>\n","protected":false},"author":1,"featured_media":0,"comment_status":"closed","ping_status":"open","sticky":false,"template":"","format":"standard","meta":{"_exactmetrics_skip_tracking":false,"_exactmetrics_sitenote_active":false,"_exactmetrics_sitenote_note":"","_exactmetrics_sitenote_category":0,"jetpack_post_was_ever_published":false,"_jetpack_newsletter_access":"","_jetpack_dont_email_post_to_subs":false,"_jetpack_newsletter_tier_id":0,"_jetpack_memberships_contains_paywalled_content":false,"_jetpack_memberships_contains_paid_content":false,"footnotes":"","jetpack_publicize_message":"","jetpack_publicize_feature_enabled":true,"jetpack_social_post_already_shared":true,"jetpack_social_options":{"image_generator_settings":{"template":"highway","enabled":false},"version":2}},"categories":[1],"tags":[],"class_list":["post-21914","post","type-post","status-publish","format-standard","hentry","category-notas"],"jetpack_publicize_connections":[],"jetpack_sharing_enabled":true,"jetpack_featured_media_url":"","jetpack_shortlink":"https:\/\/wp.me\/p7wKYW-5Hs","jetpack-related-posts":[],"_links":{"self":[{"href":"http:\/\/blogdalucianaoliveira.com.br\/blog\/wp-json\/wp\/v2\/posts\/21914","targetHints":{"allow":["GET"]}}],"collection":[{"href":"http:\/\/blogdalucianaoliveira.com.br\/blog\/wp-json\/wp\/v2\/posts"}],"about":[{"href":"http:\/\/blogdalucianaoliveira.com.br\/blog\/wp-json\/wp\/v2\/types\/post"}],"author":[{"embeddable":true,"href":"http:\/\/blogdalucianaoliveira.com.br\/blog\/wp-json\/wp\/v2\/users\/1"}],"replies":[{"embeddable":true,"href":"http:\/\/blogdalucianaoliveira.com.br\/blog\/wp-json\/wp\/v2\/comments?post=21914"}],"version-history":[{"count":1,"href":"http:\/\/blogdalucianaoliveira.com.br\/blog\/wp-json\/wp\/v2\/posts\/21914\/revisions"}],"predecessor-version":[{"id":21916,"href":"http:\/\/blogdalucianaoliveira.com.br\/blog\/wp-json\/wp\/v2\/posts\/21914\/revisions\/21916"}],"wp:attachment":[{"href":"http:\/\/blogdalucianaoliveira.com.br\/blog\/wp-json\/wp\/v2\/media?parent=21914"}],"wp:term":[{"taxonomy":"category","embeddable":true,"href":"http:\/\/blogdalucianaoliveira.com.br\/blog\/wp-json\/wp\/v2\/categories?post=21914"},{"taxonomy":"post_tag","embeddable":true,"href":"http:\/\/blogdalucianaoliveira.com.br\/blog\/wp-json\/wp\/v2\/tags?post=21914"}],"curies":[{"name":"wp","href":"https:\/\/api.w.org\/{rel}","templated":true}]}}