{"id":2192,"date":"2016-07-08T19:34:13","date_gmt":"2016-07-08T23:34:13","guid":{"rendered":"http:\/\/blogdalucianaoliveira.com.br\/blog\/?p=2192"},"modified":"2016-07-08T19:38:33","modified_gmt":"2016-07-08T23:38:33","slug":"candidato-a-reitor-da-unir-que-obteve-menos-de-7-dos-votos-em-consulta-entra-com-representacao-no-mec-pra-reverter-resultado","status":"publish","type":"post","link":"http:\/\/blogdalucianaoliveira.com.br\/blog\/2016\/07\/08\/candidato-a-reitor-da-unir-que-obteve-menos-de-7-dos-votos-em-consulta-entra-com-representacao-no-mec-pra-reverter-resultado\/","title":{"rendered":"Candidato a reitor da UNIR que obteve menos de 7% dos votos em consulta entra com representa\u00e7\u00e3o no MEC pra \u2018reverter\u2019 resultado"},"content":{"rendered":"<p><img data-recalc-dims=\"1\" loading=\"lazy\" decoding=\"async\" data-attachment-id=\"2193\" data-permalink=\"http:\/\/blogdalucianaoliveira.com.br\/blog\/2016\/07\/08\/candidato-a-reitor-da-unir-que-obteve-menos-de-7-dos-votos-em-consulta-entra-com-representacao-no-mec-pra-reverter-resultado\/urna_eletronica\/\" data-orig-file=\"https:\/\/i0.wp.com\/blogdalucianaoliveira.com.br\/blog\/wp-content\/uploads\/2016\/07\/URNA_ELETRONICA.jpg?fit=617%2C262\" data-orig-size=\"617,262\" data-comments-opened=\"0\" data-image-meta=\"{&quot;aperture&quot;:&quot;7.1&quot;,&quot;credit&quot;:&quot;&quot;,&quot;camera&quot;:&quot;Canon EOS-1Ds Mark III&quot;,&quot;caption&quot;:&quot;&quot;,&quot;created_timestamp&quot;:&quot;1220545194&quot;,&quot;copyright&quot;:&quot;&quot;,&quot;focal_length&quot;:&quot;32&quot;,&quot;iso&quot;:&quot;640&quot;,&quot;shutter_speed&quot;:&quot;0.05&quot;,&quot;title&quot;:&quot;&quot;,&quot;orientation&quot;:&quot;1&quot;}\" data-image-title=\"URNA_ELETRONICA\" data-image-description=\"\" data-image-caption=\"\" data-medium-file=\"https:\/\/i0.wp.com\/blogdalucianaoliveira.com.br\/blog\/wp-content\/uploads\/2016\/07\/URNA_ELETRONICA.jpg?fit=300%2C127\" data-large-file=\"https:\/\/i0.wp.com\/blogdalucianaoliveira.com.br\/blog\/wp-content\/uploads\/2016\/07\/URNA_ELETRONICA.jpg?fit=600%2C255\" src=\"https:\/\/i0.wp.com\/blogdalucianaoliveira.com.br\/blog\/wp-content\/uploads\/2016\/07\/URNA_ELETRONICA.jpg?resize=600%2C255\" alt=\"URNA_ELETRONICA\" width=\"600\" height=\"255\" class=\"alignnone size-full wp-image-2193\" srcset=\"https:\/\/i0.wp.com\/blogdalucianaoliveira.com.br\/blog\/wp-content\/uploads\/2016\/07\/URNA_ELETRONICA.jpg?w=617 617w, https:\/\/i0.wp.com\/blogdalucianaoliveira.com.br\/blog\/wp-content\/uploads\/2016\/07\/URNA_ELETRONICA.jpg?resize=300%2C127 300w\" sizes=\"auto, (max-width: 600px) 100vw, 600px\" \/><\/p>\n<p>A consulta \u00e0 comunidade acad\u00eamica que elegeu o professor doutor Ari Miguel Ott como reitor da Universidade Federal de Rond\u00f4nia envolveu 613 docentes, 426 de t\u00e9cnicos e 2252 alunos, totalizando 3291 votos.<br \/>\nAri Ott obteve 52,25% do total de votos v\u00e1lidos da consulta, dos quais 73,49% foram de docentes, 13,13% de t\u00e9cnicos administrativos e 13,38% de alunos.<!--more--><\/p>\n<p>A professora doutora Eleonice de F\u00e1tima Dal Magro ficou em segundo lugar com 36,50% dos votos.<br \/>\nAri Ott venceu na consulta ampla, no Conselho Universit\u00e1rio (CONSUN) e na lista tr\u00edplice encaminhada ao Minist\u00e9rio da Educa\u00e7\u00e3o.<\/p>\n<p>No dia 10 de maio, o Ministro de Estado da Educa\u00e7\u00e3o, Aloizio Mercadante Oliva, nomeou o professor doutor Ari Miguel Teixeira Ott, por meio da Portaria n\u00ba 399, de 10 de maio de 2016, para exercer o cargo de Reitor Pro Tempore da Funda\u00e7\u00e3o Universidade Federal de Rond\u00f4nia (UNIR).<br \/>\nA portaria de nomea\u00e7\u00e3o foi publicada no Di\u00e1rio Oficial da Uni\u00e3o (DOU) n\u00ba 90, de hoje, 12 de maio de 2016, se\u00e7\u00e3o 2, p\u00e1gina 24.<\/p>\n<p>O professor doutor Ari Miguel Teixeira Ott foi eleito reitor da UNIR por meio de consulta acad\u00eamica e referendado pelo Col\u00e9gio Eleitoral do Conselho Universit\u00e1rio (CONSUN) e aguarda os tr\u00e2mites legais de nomea\u00e7\u00e3o efetiva pela Presid\u00eancia da Rep\u00fablica.<\/p>\n<p>Justo o candidato, terceiro menos votado na consulta acad\u00eamica, J\u00falio C\u00e9sar Barreto Rocha, que sequer teve o nome inclu\u00eddo na lista tr\u00edplice, quer reverter o resultado por meio de uma representa\u00e7\u00e3o junto ao MEC. <\/p>\n<p>Na representa\u00e7\u00e3o ele cita este blog como instrumento de promo\u00e7\u00e3o da nomea\u00e7\u00e3o que decidiu questionar, que sequer existia durante a campanha e se restringiu a divulgar o resultado.<br \/>\nO derrotado reclama que o processo feriu as \u201cboas pr\u00e1ticas da democracia\u201d e sugere esfor\u00e7o de petistas na nomea\u00e7\u00e3o, pelo que pede exonera\u00e7\u00e3o do reitor.<\/p>\n<p>Devo dizer como respons\u00e1vel por este blog, que nunca fui filiada a qualquer partido e jamais mantive contato com a senadora F\u00e1tima Cleide, tamb\u00e9m citada na representa\u00e7\u00e3o, para tratar de campanha que \u2018apressasse\u2019 a nomea\u00e7\u00e3o do professor Ari.<\/p>\n<p>O apoio \u00e0 candidatura de Ari foi demonstrado em meu facebook, abertamente, voluntariamente, pelas qualidades que conhe\u00e7o e por ter consci\u00eancia de que nenhum dos concorrentes representar\u00e1 melhor a Universidade Federal de Rond\u00f4nia, patrim\u00f4nio de todos.<br \/>\nPelo apoio que declarei, ningu\u00e9m pediu, ningu\u00e9m pagou ou me obrigou.<\/p>\n<p>Como eu, declararam apoio \u00e0 nomea\u00e7\u00e3o de Ari Ott, o governador do Estado Conf\u00facio Moura, em of\u00edcio encaminhado \u00e0 Presid\u00eancia da Rep\u00fablica e o presidente da Assembleia Legislativa de Rond\u00f4nia, deputado Maur\u00e3o de Carvalho.<\/p>\n<p><img data-recalc-dims=\"1\" loading=\"lazy\" decoding=\"async\" data-attachment-id=\"2198\" data-permalink=\"http:\/\/blogdalucianaoliveira.com.br\/blog\/2016\/07\/08\/candidato-a-reitor-da-unir-que-obteve-menos-de-7-dos-votos-em-consulta-entra-com-representacao-no-mec-pra-reverter-resultado\/image-488\/\" data-orig-file=\"https:\/\/i0.wp.com\/blogdalucianaoliveira.com.br\/blog\/wp-content\/uploads\/2016\/07\/image-40.jpeg?fit=720%2C910\" data-orig-size=\"720,910\" data-comments-opened=\"0\" data-image-meta=\"{&quot;aperture&quot;:&quot;0&quot;,&quot;credit&quot;:&quot;&quot;,&quot;camera&quot;:&quot;&quot;,&quot;caption&quot;:&quot;&quot;,&quot;created_timestamp&quot;:&quot;0&quot;,&quot;copyright&quot;:&quot;&quot;,&quot;focal_length&quot;:&quot;0&quot;,&quot;iso&quot;:&quot;0&quot;,&quot;shutter_speed&quot;:&quot;0&quot;,&quot;title&quot;:&quot;&quot;,&quot;orientation&quot;:&quot;0&quot;}\" data-image-title=\"image\" data-image-description=\"\" data-image-caption=\"\" data-medium-file=\"https:\/\/i0.wp.com\/blogdalucianaoliveira.com.br\/blog\/wp-content\/uploads\/2016\/07\/image-40.jpeg?fit=237%2C300\" data-large-file=\"https:\/\/i0.wp.com\/blogdalucianaoliveira.com.br\/blog\/wp-content\/uploads\/2016\/07\/image-40.jpeg?fit=600%2C758\" src=\"https:\/\/i0.wp.com\/blogdalucianaoliveira.com.br\/blog\/wp-content\/uploads\/2016\/07\/image-40.jpeg?resize=600%2C758\" alt=\"image\" width=\"600\" height=\"758\" class=\"alignnone size-full wp-image-2198\" srcset=\"https:\/\/i0.wp.com\/blogdalucianaoliveira.com.br\/blog\/wp-content\/uploads\/2016\/07\/image-40.jpeg?w=720 720w, https:\/\/i0.wp.com\/blogdalucianaoliveira.com.br\/blog\/wp-content\/uploads\/2016\/07\/image-40.jpeg?resize=237%2C300 237w\" sizes=\"auto, (max-width: 600px) 100vw, 600px\" \/><\/p>\n<p>Portanto, resta evidente a cal\u00fania contra minha pessoa, crime pelo qual o professor derrotado j\u00e1 foi condenado, embora tenha prescrito. (Proc. 96.00.00509-5, 2\u00aa Vara Criminal, juiz: Fl\u00e1vio Fraga e Silva)<\/p>\n<p>O que sei do professor derrotado, que jamais citei o nome em qualquer not\u00edcia divulgada no blog, \u00e9 que ele passou mais de uma d\u00e9cada fora do pa\u00eds fazendo doutorado, voltou, foi demitido, reintegrado e se lan\u00e7ou candidato a reitor.<\/p>\n<p>E pra concluir, reafirmo apoio ao professor Ari Ott, agora sim, de forma incans\u00e1vel neste blog.<\/p>\n","protected":false},"excerpt":{"rendered":"<p>A consulta \u00e0 comunidade acad\u00eamica que elegeu o professor doutor Ari Miguel Ott como reitor da Universidade Federal de Rond\u00f4nia envolveu 613 docentes, 426 de t\u00e9cnicos e 2252 alunos, totalizando 3291 votos. Ari Ott obteve 52,25% do total de votos v\u00e1lidos da consulta, dos quais 73,49% foram de docentes, 13,13% de t\u00e9cnicos administrativos e 13,38%&#8230;<a class=\"more-link\" href=\"http:\/\/blogdalucianaoliveira.com.br\/blog\/2016\/07\/08\/candidato-a-reitor-da-unir-que-obteve-menos-de-7-dos-votos-em-consulta-entra-com-representacao-no-mec-pra-reverter-resultado\/\">Continue a leitura <span class=\"meta-nav\">&raquo;<\/span><\/a><\/p>\n","protected":false},"author":1,"featured_media":0,"comment_status":"closed","ping_status":"open","sticky":false,"template":"","format":"standard","meta":{"_exactmetrics_skip_tracking":false,"_exactmetrics_sitenote_active":false,"_exactmetrics_sitenote_note":"","_exactmetrics_sitenote_category":0,"jetpack_post_was_ever_published":false,"_jetpack_newsletter_access":"","_jetpack_dont_email_post_to_subs":false,"_jetpack_newsletter_tier_id":0,"_jetpack_memberships_contains_paywalled_content":false,"_jetpack_memberships_contains_paid_content":false,"footnotes":"","jetpack_publicize_message":"","jetpack_publicize_feature_enabled":true,"jetpack_social_post_already_shared":true,"jetpack_social_options":{"image_generator_settings":{"template":"highway","enabled":false},"version":2}},"categories":[1],"tags":[],"class_list":["post-2192","post","type-post","status-publish","format-standard","hentry","category-notas"],"jetpack_publicize_connections":[],"jetpack_sharing_enabled":true,"jetpack_featured_media_url":"","jetpack_shortlink":"https:\/\/wp.me\/p7wKYW-zm","jetpack-related-posts":[],"_links":{"self":[{"href":"http:\/\/blogdalucianaoliveira.com.br\/blog\/wp-json\/wp\/v2\/posts\/2192","targetHints":{"allow":["GET"]}}],"collection":[{"href":"http:\/\/blogdalucianaoliveira.com.br\/blog\/wp-json\/wp\/v2\/posts"}],"about":[{"href":"http:\/\/blogdalucianaoliveira.com.br\/blog\/wp-json\/wp\/v2\/types\/post"}],"author":[{"embeddable":true,"href":"http:\/\/blogdalucianaoliveira.com.br\/blog\/wp-json\/wp\/v2\/users\/1"}],"replies":[{"embeddable":true,"href":"http:\/\/blogdalucianaoliveira.com.br\/blog\/wp-json\/wp\/v2\/comments?post=2192"}],"version-history":[{"count":4,"href":"http:\/\/blogdalucianaoliveira.com.br\/blog\/wp-json\/wp\/v2\/posts\/2192\/revisions"}],"predecessor-version":[{"id":2199,"href":"http:\/\/blogdalucianaoliveira.com.br\/blog\/wp-json\/wp\/v2\/posts\/2192\/revisions\/2199"}],"wp:attachment":[{"href":"http:\/\/blogdalucianaoliveira.com.br\/blog\/wp-json\/wp\/v2\/media?parent=2192"}],"wp:term":[{"taxonomy":"category","embeddable":true,"href":"http:\/\/blogdalucianaoliveira.com.br\/blog\/wp-json\/wp\/v2\/categories?post=2192"},{"taxonomy":"post_tag","embeddable":true,"href":"http:\/\/blogdalucianaoliveira.com.br\/blog\/wp-json\/wp\/v2\/tags?post=2192"}],"curies":[{"name":"wp","href":"https:\/\/api.w.org\/{rel}","templated":true}]}}