{"id":21921,"date":"2019-05-27T11:28:09","date_gmt":"2019-05-27T15:28:09","guid":{"rendered":"http:\/\/blogdalucianaoliveira.com.br\/blog\/?p=21921"},"modified":"2019-05-27T11:28:09","modified_gmt":"2019-05-27T15:28:09","slug":"a-democracia-europeia-esta-viva","status":"publish","type":"post","link":"http:\/\/blogdalucianaoliveira.com.br\/blog\/2019\/05\/27\/a-democracia-europeia-esta-viva\/","title":{"rendered":"A democracia europeia est\u00e1 viva"},"content":{"rendered":"<p><img data-recalc-dims=\"1\" loading=\"lazy\" decoding=\"async\" data-attachment-id=\"21922\" data-permalink=\"http:\/\/blogdalucianaoliveira.com.br\/blog\/2019\/05\/27\/a-democracia-europeia-esta-viva\/resi-2\/\" data-orig-file=\"https:\/\/i0.wp.com\/blogdalucianaoliveira.com.br\/blog\/wp-content\/uploads\/2019\/05\/resi.jpg?fit=1960%2C1469\" data-orig-size=\"1960,1469\" data-comments-opened=\"0\" data-image-meta=\"{&quot;aperture&quot;:&quot;0&quot;,&quot;credit&quot;:&quot;&quot;,&quot;camera&quot;:&quot;&quot;,&quot;caption&quot;:&quot;&quot;,&quot;created_timestamp&quot;:&quot;0&quot;,&quot;copyright&quot;:&quot;&quot;,&quot;focal_length&quot;:&quot;0&quot;,&quot;iso&quot;:&quot;0&quot;,&quot;shutter_speed&quot;:&quot;0&quot;,&quot;title&quot;:&quot;&quot;,&quot;orientation&quot;:&quot;0&quot;}\" data-image-title=\"resi\" data-image-description=\"\" data-image-caption=\"\" data-medium-file=\"https:\/\/i0.wp.com\/blogdalucianaoliveira.com.br\/blog\/wp-content\/uploads\/2019\/05\/resi.jpg?fit=300%2C225\" data-large-file=\"https:\/\/i0.wp.com\/blogdalucianaoliveira.com.br\/blog\/wp-content\/uploads\/2019\/05\/resi.jpg?fit=600%2C449\" class=\"alignnone size-full wp-image-21922\" src=\"https:\/\/i0.wp.com\/blogdalucianaoliveira.com.br\/blog\/wp-content\/uploads\/2019\/05\/resi.jpg?resize=600%2C450\" alt=\"resi\" width=\"600\" height=\"450\" srcset=\"https:\/\/i0.wp.com\/blogdalucianaoliveira.com.br\/blog\/wp-content\/uploads\/2019\/05\/resi.jpg?w=1960 1960w, https:\/\/i0.wp.com\/blogdalucianaoliveira.com.br\/blog\/wp-content\/uploads\/2019\/05\/resi.jpg?resize=300%2C225 300w, https:\/\/i0.wp.com\/blogdalucianaoliveira.com.br\/blog\/wp-content\/uploads\/2019\/05\/resi.jpg?resize=768%2C576 768w, https:\/\/i0.wp.com\/blogdalucianaoliveira.com.br\/blog\/wp-content\/uploads\/2019\/05\/resi.jpg?resize=1024%2C767 1024w, https:\/\/i0.wp.com\/blogdalucianaoliveira.com.br\/blog\/wp-content\/uploads\/2019\/05\/resi.jpg?resize=400%2C300 400w, https:\/\/i0.wp.com\/blogdalucianaoliveira.com.br\/blog\/wp-content\/uploads\/2019\/05\/resi.jpg?w=1200 1200w, https:\/\/i0.wp.com\/blogdalucianaoliveira.com.br\/blog\/wp-content\/uploads\/2019\/05\/resi.jpg?w=1800 1800w\" sizes=\"auto, (max-width: 600px) 100vw, 600px\" \/><\/p>\n<p>El Pa\u00eds, por Llu\u00eds Bassets- A\u00a0<a href=\"https:\/\/brasil.elpais.com\/tag\/europa\" target=\"_blank\">Europa<\/a>\u00a0interessa. Mobiliza. Isso foi demonstrado pelo aumento da participa\u00e7\u00e3o neste domingo nas urnas. A mais alta dos \u00faltimos 20 anos. A\u00a0<a href=\"https:\/\/brasil.elpais.com\/tag\/democracia\" target=\"_blank\">democracia<\/a>\u00a0vive do confronto e do conflito. Na realidade, \u00e9 o sistema que serve para organizar o confronto e o conflito e transform\u00e1-los em governos e pol\u00edticas.<!--more--><\/p>\n<div id=\"elpais_gpt-INTEXT\" data-google-query-id=\"CKWP4qSCvOICFcljwQodfnECmQ\"><\/div>\n<p>S\u00f3 se vota quando cada voto conta. Nunca se havia ido votar na Europa em um clima de tanto pessimismo e at\u00e9 de incerteza sobre o futuro da\u00a0<a href=\"https:\/\/brasil.elpais.com\/tag\/ue_union_europea\">Uni\u00e3o Europeia<\/a>, com um dos parceiros, o\u00a0<a href=\"https:\/\/brasil.elpais.com\/tag\/referendum_permanencia_reino_unido_ue\" target=\"_blank\">Reino Unido, em processo de incerto div\u00f3rcio<\/a>, e a consolida\u00e7\u00e3o em quase todos os pa\u00edses de forma\u00e7\u00f5es de extrema direita, hostis \u00e0s transfer\u00eancias de soberania para Bruxelas.<\/p>\n<section id=\"sumario_2|apoyos\" class=\"sumario_apoyos derecha\">\n<div class=\"sumario__interior\">\n<p>S\u00e3o dois os impulsos que levaram os cidad\u00e3os \u00e0s urnas com maior intensidade do que em ocasi\u00f5es anteriores. De um lado, a polariza\u00e7\u00e3o induzida pela mar\u00e9 nacionalista e populista, especialmente forte na\u00a0<a href=\"https:\/\/brasil.elpais.com\/tag\/francia\" target=\"_blank\">Fran\u00e7a<\/a>\u00a0e na\u00a0<a href=\"https:\/\/brasil.elpais.com\/tag\/italia\" target=\"_blank\">It\u00e1lia<\/a>, pa\u00edses onde as forma\u00e7\u00f5es de extrema direita s\u00e3o a primeira for\u00e7a. Por outro, o surgimento de um voto jovem e ambientalista, que foi expresso muito claramente na Alemanha, e colocou os Verdes como o segundo partido, superando a socialdemocracia, e na Fran\u00e7a, como o terceiro, acima das duas grandes forma\u00e7\u00f5es do passado, Os Republicanos e o Partido Socialista.<\/p>\n<p>Tamb\u00e9m aumentou a fragmenta\u00e7\u00e3o parlamentar, especialmente intensa gra\u00e7as a ambos os impulsos centr\u00edfugos. As duas forma\u00e7\u00f5es que constitu\u00edram as maiorias historicamente, populares e socialistas, dever\u00e3o contar com os liberais ou com os Verdes, e inclusive com ambos, para a forma\u00e7\u00e3o de maiorias parlamentares e, principalmente, para a sele\u00e7\u00e3o e nomea\u00e7\u00e3o dos altos cargos das institui\u00e7\u00f5es europeias.<\/p>\n<p>O anti-europe\u00edsmo das diferentes forma\u00e7\u00f5es da extrema direita em ascens\u00e3o tomou um novo rumo, expresso na campanha eleitoral e resultado das dificuldades brit\u00e2nicas para completar o Brexit. Esses partidos j\u00e1 n\u00e3o querem deixar a Uni\u00e3o Europeia, mas tirar proveito de seus or\u00e7amentos e meios para mud\u00e1-la e at\u00e9 destru\u00ed-la por dentro.<\/p>\n<p>Esse anti-europe\u00edsmo pesar\u00e1 e contar\u00e1, mas dificilmente ter\u00e1 cadeiras suficientes para bloquear a atividade parlamentar. Entre outras raz\u00f5es, pelas divis\u00f5es que dificultar\u00e3o sua converg\u00eancia em um \u00fanico grupo, especialmente entre liberais e intervencionistas, pr\u00f3-russos e antirrussos, e em alguns casos at\u00e9 mesmo por suas atitudes diferentes em rela\u00e7\u00e3o aos\u00a0<a href=\"https:\/\/brasil.elpais.com\/tag\/estados_unidos\" target=\"_blank\">Estados Unidos<\/a>\u00a0e\u00a0<a href=\"https:\/\/brasil.elpais.com\/tag\/israel\" target=\"_blank\">Israel<\/a>. A personalidade pol\u00edtica mais castigada nestas elei\u00e7\u00f5es \u00e9 o presidente franc\u00eas, Emmanuel Macron, superado em votos por\u00a0<a href=\"https:\/\/brasil.elpais.com\/brasil\/2019\/05\/25\/internacional\/1558810486_978689.html\" target=\"_blank\">Marine Le Pen<\/a>\u00a0e enfraquecido, portanto, em suas inten\u00e7\u00f5es de liderar a atual etapa da constru\u00e7\u00e3o europeia. Tamb\u00e9m ficou desgastada a grande coaliz\u00e3o que governa a Alemanha, cujos dois componentes somados, CDU-CSU e SPD, perdem quase 20 pontos. A dupla franco-alem\u00e3, que \u00e9 tradicionalmente o motor da constru\u00e7\u00e3o europeia, sai exaurida das elei\u00e7\u00f5es de domingo.<\/p>\n<p><a href=\"https:\/\/brasil.elpais.com\/tag\/matteo_salvini\" target=\"_blank\">Matteo Salvini<\/a>, o l\u00edder da Liga, aspira a se tornar o mais premiado nas urnas. Um pr\u00eamio com o qual pode lutar para encabe\u00e7ar o Governo, gra\u00e7as ao\u00a0<em>sorpasso<\/em>\u00a0do Cinco Estrelas, e assim constituir uma voz poderosa no pr\u00f3prio Conselho Europeu, onde j\u00e1 est\u00e3o dois governos de extrema direita como o polon\u00eas e o h\u00fangaro. Apesar de seu \u00eaxito, Salvini est\u00e1 aqu\u00e9m em seus prop\u00f3sitos de liderar uma forte oposi\u00e7\u00e3o antieurope\u00edsta em Bruxelas.<\/p>\n<p>O euroceticismo e o nacionalismo populista levaram os cidad\u00e3os \u00e0s urnas com mais for\u00e7a do que em outras ocasi\u00f5es. Fica a d\u00favida de saber se uma presen\u00e7a fortalecida desse europe\u00edsmo anti-europeu nas institui\u00e7\u00f5es ser\u00e1 um est\u00edmulo ou um novo freio. Mas isso j\u00e1 n\u00e3o depender\u00e1 dos eleitores.<\/p>\n<div class=\"teads-inread sm-screen\"><\/div>\n<\/div>\n<\/section>\n","protected":false},"excerpt":{"rendered":"<p>El Pa\u00eds, por Llu\u00eds Bassets- A\u00a0Europa\u00a0interessa. Mobiliza. Isso foi demonstrado pelo aumento da participa\u00e7\u00e3o neste domingo nas urnas. A mais alta dos \u00faltimos 20 anos. A\u00a0democracia\u00a0vive do confronto e do conflito. Na realidade, \u00e9 o sistema que serve para organizar o confronto e o conflito e transform\u00e1-los em governos e pol\u00edticas.<\/p>\n","protected":false},"author":1,"featured_media":0,"comment_status":"closed","ping_status":"open","sticky":false,"template":"","format":"standard","meta":{"_exactmetrics_skip_tracking":false,"_exactmetrics_sitenote_active":false,"_exactmetrics_sitenote_note":"","_exactmetrics_sitenote_category":0,"jetpack_post_was_ever_published":false,"_jetpack_newsletter_access":"","_jetpack_dont_email_post_to_subs":false,"_jetpack_newsletter_tier_id":0,"_jetpack_memberships_contains_paywalled_content":false,"_jetpack_memberships_contains_paid_content":false,"footnotes":"","jetpack_publicize_message":"","jetpack_publicize_feature_enabled":true,"jetpack_social_post_already_shared":true,"jetpack_social_options":{"image_generator_settings":{"template":"highway","enabled":false},"version":2}},"categories":[1],"tags":[],"class_list":["post-21921","post","type-post","status-publish","format-standard","hentry","category-notas"],"jetpack_publicize_connections":[],"jetpack_sharing_enabled":true,"jetpack_featured_media_url":"","jetpack_shortlink":"https:\/\/wp.me\/p7wKYW-5Hz","jetpack-related-posts":[],"_links":{"self":[{"href":"http:\/\/blogdalucianaoliveira.com.br\/blog\/wp-json\/wp\/v2\/posts\/21921","targetHints":{"allow":["GET"]}}],"collection":[{"href":"http:\/\/blogdalucianaoliveira.com.br\/blog\/wp-json\/wp\/v2\/posts"}],"about":[{"href":"http:\/\/blogdalucianaoliveira.com.br\/blog\/wp-json\/wp\/v2\/types\/post"}],"author":[{"embeddable":true,"href":"http:\/\/blogdalucianaoliveira.com.br\/blog\/wp-json\/wp\/v2\/users\/1"}],"replies":[{"embeddable":true,"href":"http:\/\/blogdalucianaoliveira.com.br\/blog\/wp-json\/wp\/v2\/comments?post=21921"}],"version-history":[{"count":1,"href":"http:\/\/blogdalucianaoliveira.com.br\/blog\/wp-json\/wp\/v2\/posts\/21921\/revisions"}],"predecessor-version":[{"id":21923,"href":"http:\/\/blogdalucianaoliveira.com.br\/blog\/wp-json\/wp\/v2\/posts\/21921\/revisions\/21923"}],"wp:attachment":[{"href":"http:\/\/blogdalucianaoliveira.com.br\/blog\/wp-json\/wp\/v2\/media?parent=21921"}],"wp:term":[{"taxonomy":"category","embeddable":true,"href":"http:\/\/blogdalucianaoliveira.com.br\/blog\/wp-json\/wp\/v2\/categories?post=21921"},{"taxonomy":"post_tag","embeddable":true,"href":"http:\/\/blogdalucianaoliveira.com.br\/blog\/wp-json\/wp\/v2\/tags?post=21921"}],"curies":[{"name":"wp","href":"https:\/\/api.w.org\/{rel}","templated":true}]}}