{"id":21927,"date":"2019-05-27T16:27:07","date_gmt":"2019-05-27T20:27:07","guid":{"rendered":"http:\/\/blogdalucianaoliveira.com.br\/blog\/?p=21927"},"modified":"2019-05-27T16:29:13","modified_gmt":"2019-05-27T20:29:13","slug":"a-historia-da-militante-pro-bolsonaro-e-o-cartaz-que-causou-espanto-na-web","status":"publish","type":"post","link":"http:\/\/blogdalucianaoliveira.com.br\/blog\/2019\/05\/27\/a-historia-da-militante-pro-bolsonaro-e-o-cartaz-que-causou-espanto-na-web\/","title":{"rendered":"A hist\u00f3ria da militante pr\u00f3-Bolsonaro e o cartaz que causou espanto na web"},"content":{"rendered":"<p><img data-recalc-dims=\"1\" loading=\"lazy\" decoding=\"async\" data-attachment-id=\"21928\" data-permalink=\"http:\/\/blogdalucianaoliveira.com.br\/blog\/2019\/05\/27\/a-historia-da-militante-pro-bolsonaro-e-o-cartaz-que-causou-espanto-na-web\/122a4fe2-5114-4baf-bf9c-22d359e78215\/\" data-orig-file=\"https:\/\/i0.wp.com\/blogdalucianaoliveira.com.br\/blog\/wp-content\/uploads\/2019\/05\/122A4FE2-5114-4BAF-BF9C-22D359E78215.jpeg?fit=768%2C462\" data-orig-size=\"768,462\" data-comments-opened=\"0\" data-image-meta=\"{&quot;aperture&quot;:&quot;0&quot;,&quot;credit&quot;:&quot;&quot;,&quot;camera&quot;:&quot;&quot;,&quot;caption&quot;:&quot;&quot;,&quot;created_timestamp&quot;:&quot;0&quot;,&quot;copyright&quot;:&quot;&quot;,&quot;focal_length&quot;:&quot;0&quot;,&quot;iso&quot;:&quot;0&quot;,&quot;shutter_speed&quot;:&quot;0&quot;,&quot;title&quot;:&quot;&quot;,&quot;orientation&quot;:&quot;0&quot;}\" data-image-title=\"122A4FE2-5114-4BAF-BF9C-22D359E78215\" data-image-description=\"\" data-image-caption=\"\" data-medium-file=\"https:\/\/i0.wp.com\/blogdalucianaoliveira.com.br\/blog\/wp-content\/uploads\/2019\/05\/122A4FE2-5114-4BAF-BF9C-22D359E78215.jpeg?fit=300%2C180\" data-large-file=\"https:\/\/i0.wp.com\/blogdalucianaoliveira.com.br\/blog\/wp-content\/uploads\/2019\/05\/122A4FE2-5114-4BAF-BF9C-22D359E78215.jpeg?fit=600%2C361\" class=\"alignnone size-full wp-image-21928\" src=\"https:\/\/i0.wp.com\/blogdalucianaoliveira.com.br\/blog\/wp-content\/uploads\/2019\/05\/122A4FE2-5114-4BAF-BF9C-22D359E78215.jpeg?resize=600%2C361\" alt=\"122A4FE2-5114-4BAF-BF9C-22D359E78215\" width=\"600\" height=\"361\" srcset=\"https:\/\/i0.wp.com\/blogdalucianaoliveira.com.br\/blog\/wp-content\/uploads\/2019\/05\/122A4FE2-5114-4BAF-BF9C-22D359E78215.jpeg?w=768 768w, https:\/\/i0.wp.com\/blogdalucianaoliveira.com.br\/blog\/wp-content\/uploads\/2019\/05\/122A4FE2-5114-4BAF-BF9C-22D359E78215.jpeg?resize=300%2C180 300w, https:\/\/i0.wp.com\/blogdalucianaoliveira.com.br\/blog\/wp-content\/uploads\/2019\/05\/122A4FE2-5114-4BAF-BF9C-22D359E78215.jpeg?resize=499%2C300 499w\" sizes=\"auto, (max-width: 600px) 100vw, 600px\" \/><\/p>\n<p>Como alguns poucos suspeitaram, tratava-se de uma piada<!--more--><\/p>\n<p>Na Carta Capital <\/p>\n<p>Avenida Paulista, dia 26 de maio, dia de protestos pr\u00f3-Bolsonaro. Debaixo de um bandeir\u00e3o verde e amarelo, uma jovem loira carrega um cartaz com um pedido inusitado at\u00e9 para os padr\u00f5es bolsonaristas: chega de universidades! Armas sim, bolsas n\u00e3o.<\/p>\n<p>A imagem foi compartilhada milhares de vezes nas redes sociais, acompanhada de interjei\u00e7\u00f5es e rea\u00e7\u00f5es de espanto.<\/p>\n<p>Como alguns poucos suspeitaram, tratava-se de uma piada. A mulher da foto, na verdade, \u00e9 militante de esquerda e estava infiltrada na manifesta\u00e7\u00e3o. A youtuber Mariana Motta levou v\u00e1rias placas cujos dizeres iam de \u2018N\u00e3o quero me aposentar\u2019 at\u00e9 \u2018Brasil e EUA acima de tudo\u2019 e \u2018N\u00e3o \u00e0 ditadura gayzista, chega de heterofobia\u2019. Segundo ela, os cartazes foram baseados em coment\u00e1rios que ela recebe na internet.<\/p>\n<p>O objetivo, diz, era descobrir se os cartazes causariam espanto entre os manifestantes. N\u00e3o foi o caso. \u201cAs pessoas aplaudiram os cartazes que eu trouxe\u201d, relatou.<\/p>\n<p>Milhares de apoiadores de Jair Bolsonaro (PSL) foram \u00e0s ruas de ao menos 154 cidades distribu\u00eddas nos 26 estados e no Distrito Federal para defender o presidente. Os atos foram estimulados pelo ex-capit\u00e3o e por aliados em um momento no qual o governo patina em emplacar sua agenda no Congresso.<\/p>\n<p>Em pauta, ataques ao presidente da C\u00e2mara dos Deputados, Rodrigo Maia (DEM-RJ), acusado de atuar contra os interesses do governo. Cartazes em diversas cidades se referiram ao deputado como \u201cidiota\u201d, n\u00e3o brasileiro (ele nasceu no Chile) e traziam at\u00e9 amea\u00e7as de impeachment. Houve tamb\u00e9m hostilidades contra o STF e o Congresso.<\/p>\n<p>No Twitter, escreveu: <\/p>\n<p><img data-recalc-dims=\"1\" loading=\"lazy\" decoding=\"async\" data-attachment-id=\"21930\" data-permalink=\"http:\/\/blogdalucianaoliveira.com.br\/blog\/2019\/05\/27\/a-historia-da-militante-pro-bolsonaro-e-o-cartaz-que-causou-espanto-na-web\/bd992356-6564-474f-a34f-d297fa069928\/\" data-orig-file=\"https:\/\/i0.wp.com\/blogdalucianaoliveira.com.br\/blog\/wp-content\/uploads\/2019\/05\/BD992356-6564-474F-A34F-D297FA069928.jpeg?fit=750%2C930\" data-orig-size=\"750,930\" data-comments-opened=\"0\" data-image-meta=\"{&quot;aperture&quot;:&quot;0&quot;,&quot;credit&quot;:&quot;&quot;,&quot;camera&quot;:&quot;&quot;,&quot;caption&quot;:&quot;&quot;,&quot;created_timestamp&quot;:&quot;0&quot;,&quot;copyright&quot;:&quot;&quot;,&quot;focal_length&quot;:&quot;0&quot;,&quot;iso&quot;:&quot;0&quot;,&quot;shutter_speed&quot;:&quot;0&quot;,&quot;title&quot;:&quot;&quot;,&quot;orientation&quot;:&quot;0&quot;}\" data-image-title=\"BD992356-6564-474F-A34F-D297FA069928\" data-image-description=\"\" data-image-caption=\"\" data-medium-file=\"https:\/\/i0.wp.com\/blogdalucianaoliveira.com.br\/blog\/wp-content\/uploads\/2019\/05\/BD992356-6564-474F-A34F-D297FA069928.jpeg?fit=242%2C300\" data-large-file=\"https:\/\/i0.wp.com\/blogdalucianaoliveira.com.br\/blog\/wp-content\/uploads\/2019\/05\/BD992356-6564-474F-A34F-D297FA069928.jpeg?fit=600%2C744\" src=\"https:\/\/i0.wp.com\/blogdalucianaoliveira.com.br\/blog\/wp-content\/uploads\/2019\/05\/BD992356-6564-474F-A34F-D297FA069928.jpeg?resize=600%2C744\" alt=\"BD992356-6564-474F-A34F-D297FA069928\" width=\"600\" height=\"744\" class=\"alignnone size-full wp-image-21930\" srcset=\"https:\/\/i0.wp.com\/blogdalucianaoliveira.com.br\/blog\/wp-content\/uploads\/2019\/05\/BD992356-6564-474F-A34F-D297FA069928.jpeg?w=750 750w, https:\/\/i0.wp.com\/blogdalucianaoliveira.com.br\/blog\/wp-content\/uploads\/2019\/05\/BD992356-6564-474F-A34F-D297FA069928.jpeg?resize=242%2C300 242w\" sizes=\"auto, (max-width: 600px) 100vw, 600px\" \/><\/p>\n","protected":false},"excerpt":{"rendered":"<p>Como alguns poucos suspeitaram, tratava-se de uma piada<\/p>\n","protected":false},"author":1,"featured_media":0,"comment_status":"closed","ping_status":"open","sticky":false,"template":"","format":"standard","meta":{"_exactmetrics_skip_tracking":false,"_exactmetrics_sitenote_active":false,"_exactmetrics_sitenote_note":"","_exactmetrics_sitenote_category":0,"jetpack_post_was_ever_published":false,"_jetpack_newsletter_access":"","_jetpack_dont_email_post_to_subs":false,"_jetpack_newsletter_tier_id":0,"_jetpack_memberships_contains_paywalled_content":false,"_jetpack_memberships_contains_paid_content":false,"footnotes":"","jetpack_publicize_message":"","jetpack_publicize_feature_enabled":true,"jetpack_social_post_already_shared":true,"jetpack_social_options":{"image_generator_settings":{"template":"highway","enabled":false},"version":2}},"categories":[1],"tags":[],"class_list":["post-21927","post","type-post","status-publish","format-standard","hentry","category-notas"],"jetpack_publicize_connections":[],"jetpack_sharing_enabled":true,"jetpack_featured_media_url":"","jetpack_shortlink":"https:\/\/wp.me\/p7wKYW-5HF","jetpack-related-posts":[],"_links":{"self":[{"href":"http:\/\/blogdalucianaoliveira.com.br\/blog\/wp-json\/wp\/v2\/posts\/21927","targetHints":{"allow":["GET"]}}],"collection":[{"href":"http:\/\/blogdalucianaoliveira.com.br\/blog\/wp-json\/wp\/v2\/posts"}],"about":[{"href":"http:\/\/blogdalucianaoliveira.com.br\/blog\/wp-json\/wp\/v2\/types\/post"}],"author":[{"embeddable":true,"href":"http:\/\/blogdalucianaoliveira.com.br\/blog\/wp-json\/wp\/v2\/users\/1"}],"replies":[{"embeddable":true,"href":"http:\/\/blogdalucianaoliveira.com.br\/blog\/wp-json\/wp\/v2\/comments?post=21927"}],"version-history":[{"count":2,"href":"http:\/\/blogdalucianaoliveira.com.br\/blog\/wp-json\/wp\/v2\/posts\/21927\/revisions"}],"predecessor-version":[{"id":21931,"href":"http:\/\/blogdalucianaoliveira.com.br\/blog\/wp-json\/wp\/v2\/posts\/21927\/revisions\/21931"}],"wp:attachment":[{"href":"http:\/\/blogdalucianaoliveira.com.br\/blog\/wp-json\/wp\/v2\/media?parent=21927"}],"wp:term":[{"taxonomy":"category","embeddable":true,"href":"http:\/\/blogdalucianaoliveira.com.br\/blog\/wp-json\/wp\/v2\/categories?post=21927"},{"taxonomy":"post_tag","embeddable":true,"href":"http:\/\/blogdalucianaoliveira.com.br\/blog\/wp-json\/wp\/v2\/tags?post=21927"}],"curies":[{"name":"wp","href":"https:\/\/api.w.org\/{rel}","templated":true}]}}