{"id":21932,"date":"2019-05-27T16:44:55","date_gmt":"2019-05-27T20:44:55","guid":{"rendered":"http:\/\/blogdalucianaoliveira.com.br\/blog\/?p=21932"},"modified":"2019-05-27T16:44:55","modified_gmt":"2019-05-27T20:44:55","slug":"banda-quilomblocada-e-destaque-no-segundo-festival-boto-rock-que-reuniu-49-bandas-em-porto-velho","status":"publish","type":"post","link":"http:\/\/blogdalucianaoliveira.com.br\/blog\/2019\/05\/27\/banda-quilomblocada-e-destaque-no-segundo-festival-boto-rock-que-reuniu-49-bandas-em-porto-velho\/","title":{"rendered":"Banda Quilomblocada \u00e9 destaque no Segundo Festival Boto Rock que reuniu 49 bandas em Porto Velho"},"content":{"rendered":"<p><img data-recalc-dims=\"1\" loading=\"lazy\" decoding=\"async\" data-attachment-id=\"21933\" data-permalink=\"http:\/\/blogdalucianaoliveira.com.br\/blog\/2019\/05\/27\/banda-quilomblocada-e-destaque-no-segundo-festival-boto-rock-que-reuniu-49-bandas-em-porto-velho\/663d24ac-4a3e-4307-9341-6db7981b2554\/\" data-orig-file=\"https:\/\/i0.wp.com\/blogdalucianaoliveira.com.br\/blog\/wp-content\/uploads\/2019\/05\/663D24AC-4A3E-4307-9341-6DB7981B2554.jpeg?fit=280%2C152\" data-orig-size=\"280,152\" data-comments-opened=\"0\" data-image-meta=\"{&quot;aperture&quot;:&quot;0&quot;,&quot;credit&quot;:&quot;&quot;,&quot;camera&quot;:&quot;&quot;,&quot;caption&quot;:&quot;&quot;,&quot;created_timestamp&quot;:&quot;0&quot;,&quot;copyright&quot;:&quot;&quot;,&quot;focal_length&quot;:&quot;0&quot;,&quot;iso&quot;:&quot;0&quot;,&quot;shutter_speed&quot;:&quot;0&quot;,&quot;title&quot;:&quot;&quot;,&quot;orientation&quot;:&quot;0&quot;}\" data-image-title=\"663D24AC-4A3E-4307-9341-6DB7981B2554\" data-image-description=\"\" data-image-caption=\"\" data-medium-file=\"https:\/\/i0.wp.com\/blogdalucianaoliveira.com.br\/blog\/wp-content\/uploads\/2019\/05\/663D24AC-4A3E-4307-9341-6DB7981B2554.jpeg?fit=280%2C152\" data-large-file=\"https:\/\/i0.wp.com\/blogdalucianaoliveira.com.br\/blog\/wp-content\/uploads\/2019\/05\/663D24AC-4A3E-4307-9341-6DB7981B2554.jpeg?fit=280%2C152\" class=\"alignnone size-full wp-image-21933\" src=\"https:\/\/i0.wp.com\/blogdalucianaoliveira.com.br\/blog\/wp-content\/uploads\/2019\/05\/663D24AC-4A3E-4307-9341-6DB7981B2554.jpeg?resize=280%2C152\" alt=\"663D24AC-4A3E-4307-9341-6DB7981B2554\" width=\"280\" height=\"152\" \/><\/p>\n<p>Blog do Jama &#8211; Estive sexta e s\u00e1bado no 2\u00ba Boto Rock, festival com bandas de Porto Velho entre autorais e covers. Com dois palcos de rock, Rosa e Tucuxi, e um de rap, o festival se estendeu do meio da tarde at\u00e9 a madrugada nos dois dias no Parque Circuito, um antigo seringal convertido em espa\u00e7o p\u00fablico. <!--more--><\/p>\n<p>Vi bandas ainda desgovernadas, cada m\u00fasico prum lado, bandas que podem muito bem entrar no circuito nacional de festivais, como Quilomboclada, Distopia, Eurritmia, Coveiros, Nitro. E covers, uma delas Perpetual Power, assassinou sem piedade a obra do Deep Purple.<\/p>\n<div id=\"post-body-4028730108038160722\" class=\"post-body entry-content\">Em compensa\u00e7\u00e3o a Hey Joe\u2019s, cobrindo Charlie Brown Jr, fez um dos melhores shows, devia investir em material pr\u00f3prio.<\/p>\n<div class=\"separator\"><iframe loading=\"lazy\" class=\"YOUTUBE-iframe-video\" src=\"https:\/\/www.youtube.com\/embed\/mg0EgrQTKKo?feature=player_embedded\" width=\"280\" height=\"210\" frameborder=\"0\" allowfullscreen=\"allowfullscreen\" data-thumbnail-src=\"https:\/\/i.ytimg.com\/vi\/mg0EgrQTKKo\/0.jpg\" data-mce-fragment=\"1\"><\/iframe><\/div>\n<div><\/div>\n<p>No geral o que notei nas bandas autorais que assisti (n\u00e3o vi todas) foi falta de pr\u00e1tica, muitas com um repert\u00f3rio vi\u00e1vel em letras e melodias, mas sem que os m\u00fasicos tivessem o entrosamento que define a qualidade de uma banda. Keith Richards falou a respeito quando disse que eles eram grandes m\u00fasicos que faziam algo maior do que eles, The Rolling Stones. A falta de lugar para tocar deve ser um fator que impede a regularidade de muitas dessas bandas.<\/p>\n<table class=\"tr-caption-container\" cellspacing=\"0\" cellpadding=\"0\" align=\"center\">\n<tbody>\n<tr>\n<td><a href=\"https:\/\/i0.wp.com\/1.bp.blogspot.com\/-Nq0sjn1yk0M\/XOtzJ-x1XUI\/AAAAAAAAES0\/ugOjDHJnwQwIcb7WKLWlmnqDQ6acyiXwQCLcBGAs\/s1600\/boto%252Brock.jpg?ssl=1\"><img data-recalc-dims=\"1\" loading=\"lazy\" decoding=\"async\" src=\"https:\/\/i0.wp.com\/1.bp.blogspot.com\/-Nq0sjn1yk0M\/XOtzJ-x1XUI\/AAAAAAAAES0\/ugOjDHJnwQwIcb7WKLWlmnqDQ6acyiXwQCLcBGAs\/s280\/boto%252Brock.jpg?resize=280%2C233&#038;ssl=1\" width=\"280\" height=\"233\" border=\"0\" data-original-height=\"1004\" data-original-width=\"1200\" \/><\/a><\/td>\n<\/tr>\n<tr>\n<td class=\"tr-caption\">O Boto \u00e9 um s\u00edmbolo local, da\u00ed o nome do Festival e dos palcos Boto Rosa e Boto Tucuxi<\/td>\n<\/tr>\n<\/tbody>\n<\/table>\n<div><\/div>\n<p>O rock n\u00e3o tem a devida for\u00e7a em Porto Velho, cidade dominada por sertanejos, pagode e funk. Festivais de rock s\u00e3o comuns no Brasil, mas fazer um deste tamanho aqui \u00e9 um feito que revitalizar\u00e1 o g\u00eanero, aplausos para a Funda\u00e7\u00e3o Municipal de Cultura, dirigida por Ocampo Fernandes, que bancou a realiza\u00e7\u00e3o com 49 bandas e 38 apresenta\u00e7\u00f5es de hip hop num palco alternativo. A Infra funcionou bem, os dois palcos estavam um de frente para o outro a uma pequena dist\u00e2ncia, quando terminava o show num deles, come\u00e7ava no outro, o que impediu longos intervalos. O festival foi dedicado A Heavy Ney, o pioneiro do rock em Porto Velho, j\u00e1 falecido.<\/p>\n<table class=\"tr-caption-container\" cellspacing=\"0\" cellpadding=\"0\" align=\"center\">\n<tbody>\n<tr>\n<td><a href=\"https:\/\/i0.wp.com\/1.bp.blogspot.com\/-BZeXqOgYaCI\/XOtzzPi-pZI\/AAAAAAAAES8\/lHlnu2CXwH8eC1wIn2esR3tsi5kvTJYuwCLcBGAs\/s1600\/botoquilom.jpg?ssl=1\"><img data-recalc-dims=\"1\" loading=\"lazy\" decoding=\"async\" src=\"https:\/\/i0.wp.com\/1.bp.blogspot.com\/-BZeXqOgYaCI\/XOtzzPi-pZI\/AAAAAAAAES8\/lHlnu2CXwH8eC1wIn2esR3tsi5kvTJYuwCLcBGAs\/s280\/botoquilom.jpg?resize=280%2C130&#038;ssl=1\" width=\"280\" height=\"130\" border=\"0\" data-original-height=\"749\" data-original-width=\"1600\" \/><\/a><\/td>\n<\/tr>\n<tr>\n<td class=\"tr-caption\">Quilomblocada<\/td>\n<\/tr>\n<\/tbody>\n<\/table>\n<div><\/div>\n<p>O grande destaque para mim foi o coletivo Quilomboclada, uma forma\u00e7\u00e3o que tem ecos de Planet Hemp, nos tr\u00eas vocalistas fren\u00e9ticos, e Na\u00e7\u00e3o Zumbi na percuss\u00e3o e na guitarra distorcida num timbre quase igual ao de L\u00facio Maia da Na\u00e7\u00e3o. Mas o que n\u00e3o falta neles \u00e9 identidade pr\u00f3pria e protesto em defesa de negros e ind\u00edgenas: \u201cJ\u00e1 quebramos a corrente que voc\u00ea me colocou. Paulo Freire me ensinou. Hoje eu sei a diferen\u00e7a do oprimido e do opressor,\u201d dizem versos de Soul Quilomboclada.\u201d<\/p>\n<div class=\"separator\"><iframe loading=\"lazy\" class=\"YOUTUBE-iframe-video\" src=\"https:\/\/www.youtube.com\/embed\/w5UP3uheU_A?feature=player_embedded\" width=\"280\" height=\"210\" frameborder=\"0\" allowfullscreen=\"allowfullscreen\" data-thumbnail-src=\"https:\/\/i.ytimg.com\/vi\/w5UP3uheU_A\/0.jpg\" data-mce-fragment=\"1\"><\/iframe><\/div>\n<div><\/div>\n<p>Os habitantes de Porto Velho, bem como da Amaz\u00f4nia, que moram \u00e0 beira de rios, s\u00e3o chamados de Beiradeiros, aqui pelo Rio Madeira, que corta a cidade. Da\u00ed a afirma\u00e7\u00e3o de uma cultura sobre costumes e cren\u00e7as da regi\u00e3o com popula\u00e7\u00e3o nativa majoritariamente de caboclos, descendentes de brancos com \u00edndios. Tamb\u00e9m incluem valores da religi\u00e3o afro brasileira, falam contra o racismo a homofobia e o machismo.<\/p>\n<table class=\"tr-caption-container\" cellspacing=\"0\" cellpadding=\"0\" align=\"center\">\n<tbody>\n<tr>\n<td><a href=\"https:\/\/i0.wp.com\/1.bp.blogspot.com\/-LSrlrmTptrQ\/XOwlqQN-LfI\/AAAAAAAAETw\/rDHw54dV8OEhKUm8RK93LhyoPR4xo596gCLcBGAs\/s1600\/botoqulroda.jpg?ssl=1\"><img data-recalc-dims=\"1\" loading=\"lazy\" decoding=\"async\" src=\"https:\/\/i0.wp.com\/1.bp.blogspot.com\/-LSrlrmTptrQ\/XOwlqQN-LfI\/AAAAAAAAETw\/rDHw54dV8OEhKUm8RK93LhyoPR4xo596gCLcBGAs\/s280\/botoqulroda.jpg?resize=280%2C154&#038;ssl=1\" width=\"280\" height=\"154\" border=\"0\" data-original-height=\"886\" data-original-width=\"1600\" \/><\/a><\/td>\n<\/tr>\n<tr>\n<td class=\"tr-caption\">Roda de Ciranda no show do Quilomboclada<\/td>\n<\/tr>\n<\/tbody>\n<\/table>\n<div>Um estudo sobre a m\u00fasica Soul Quilomblocada, do Centro Interdisciplinar de Estudo e Pesquisa do Imagin\u00e1rio Social da Universidade Federal de Rond\u00f4nia, afirma:<\/div>\n<p>\u201c(&#8230;) A letra contagia e convida a juventude amaz\u00f4nica a se rebelar contra o sistema de opress\u00e3o e a se orgulhar de suas\u00a0caracteristicas \u00e9tnico-raciais e multiculturais.(&#8230;) Um movimento de nega\u00e7\u00e3o da invisibilidade social e da marginaliza\u00e7\u00e3o \u00e0 procura de outras bases identit\u00e1rias para suas rela\u00e7\u00f5es com o mundo nesta regi\u00e3o amaz\u00f4nica.\u201d<\/p>\n<table class=\"tr-caption-container\" cellspacing=\"0\" cellpadding=\"0\" align=\"center\">\n<tbody>\n<tr>\n<td><a href=\"https:\/\/i0.wp.com\/1.bp.blogspot.com\/-PyLVnN3W3jA\/XOt4RQpM8TI\/AAAAAAAAETc\/x66xOnO0g3Q6tPMiXjU6n-0c34lE1-Z2QCLcBGAs\/s1600\/coveiros.jpg?ssl=1\"><img data-recalc-dims=\"1\" loading=\"lazy\" decoding=\"async\" src=\"https:\/\/i0.wp.com\/1.bp.blogspot.com\/-PyLVnN3W3jA\/XOt4RQpM8TI\/AAAAAAAAETc\/x66xOnO0g3Q6tPMiXjU6n-0c34lE1-Z2QCLcBGAs\/s280\/coveiros.jpg?resize=280%2C185&#038;ssl=1\" width=\"280\" height=\"185\" border=\"0\" data-original-height=\"1063\" data-original-width=\"1600\" \/><\/a><\/td>\n<\/tr>\n<tr>\n<td class=\"tr-caption\">Homenagem dos Coveiros a um certo presidente, com a boca costurada<\/td>\n<\/tr>\n<\/tbody>\n<\/table>\n<div><\/div>\n<p>Academiqu\u00eas \u00e0 parte, o som da banda \u00e9 contagiante com os rappers Bera Samuel, Bera \u00c1kilas Boca e Daniel metralhando as letras e incendiando a galera que responde \u00e0 altura. O show incluiu uma roda de ciranda na plateia a pedido da banda que cantou o tema folcl\u00f3rico Escravos de J\u00f3, n\u00e3o sem antes aludir a outra tradi\u00e7\u00e3o, do boi bumb\u00e1, com a presen\u00e7a de uma m\u00e1scara do dito cujo.<\/p>\n<table class=\"tr-caption-container\" cellspacing=\"0\" cellpadding=\"0\" align=\"center\">\n<tbody>\n<tr>\n<td><a href=\"https:\/\/i0.wp.com\/1.bp.blogspot.com\/-9bCsZluj6oQ\/XOt0nxngoZI\/AAAAAAAAETI\/jkeZeh_QmIsN_Q88W9p7TrPYYIDcqXvgACLcBGAs\/s1600\/botocoveiros.jpg?ssl=1\"><img data-recalc-dims=\"1\" loading=\"lazy\" decoding=\"async\" src=\"https:\/\/i0.wp.com\/1.bp.blogspot.com\/-9bCsZluj6oQ\/XOt0nxngoZI\/AAAAAAAAETI\/jkeZeh_QmIsN_Q88W9p7TrPYYIDcqXvgACLcBGAs\/s280\/botocoveiros.jpg?resize=280%2C185&#038;ssl=1\" width=\"280\" height=\"185\" border=\"0\" data-original-height=\"1063\" data-original-width=\"1600\" \/><\/a><\/td>\n<\/tr>\n<tr>\n<td class=\"tr-caption\">Coveiros<\/td>\n<\/tr>\n<\/tbody>\n<\/table>\n<div>A banda que reuniu uma rapaziada mais engajada foi a Coveiros, seu nome escrito em cima de um retrato pintado de um certo presidente com a boca costurada, homenageado com as m\u00fasicas Democracia e Glifosato, um veneno agr\u00edcola, alus\u00e3o \u00e0 libera\u00e7\u00e3o recorde de pesticidas na era Bolsonaro. A banda toca hardcore\/thrash no estilo dos Ratos de Por\u00e3o que o vocalista Giovanni Marini disse serem os \u00eddolos junto com o Sepultura, ecos das duas bandas ouvidas em alguns vocais como em Sua Cara Sua Bunda. Curioso que a pateia aqui n\u00e3o faz roda de pogo, s\u00f3 bate cabe\u00e7a.<\/div>\n<div><\/div>\n<table class=\"tr-caption-container\" cellspacing=\"0\" cellpadding=\"0\" align=\"center\">\n<tbody>\n<tr>\n<td><a href=\"https:\/\/i0.wp.com\/1.bp.blogspot.com\/-uqm-7AUZ1iw\/XOt1K1HmMJI\/AAAAAAAAETQ\/R9YJ8EX8aZ4zODVRMNG9UnZCN5j9Z6ouACLcBGAs\/s1600\/boto%252Bcovi.jpg?ssl=1\"><img data-recalc-dims=\"1\" loading=\"lazy\" decoding=\"async\" src=\"https:\/\/i0.wp.com\/1.bp.blogspot.com\/-uqm-7AUZ1iw\/XOt1K1HmMJI\/AAAAAAAAETQ\/R9YJ8EX8aZ4zODVRMNG9UnZCN5j9Z6ouACLcBGAs\/s280\/boto%252Bcovi.jpg?resize=280%2C185&#038;ssl=1\" width=\"280\" height=\"185\" border=\"0\" data-original-height=\"1063\" data-original-width=\"1600\" \/><\/a><\/td>\n<\/tr>\n<tr>\n<td class=\"tr-caption\">Bate cabe\u00e7a ao som de Coveiros<\/td>\n<\/tr>\n<\/tbody>\n<\/table>\n<div>Uma banda j\u00e1 mais organizada para entrar em circuito nacional \u00e9 a Distopia, com um som pop bem estruturado e j\u00e1 com representantes no Rio e S\u00e3o Paulo. Lan\u00e7aram h\u00e1 pouco o v\u00eddeo \u00c0 Deriva, produzido por Luiz Carlos Maluly (Metr\u00f4 e RPM). Um diferencial \u00e9 o vocal com duas vozes, n\u00e3o t\u00e3o comum no rock, um trabalho comercial de poss\u00edvel inser\u00e7\u00e3o radiof\u00f4nica, especialmente as can\u00e7\u00f5es Amor Sem Nexo e \u00c0 Deriva.<\/div>\n<div><\/div>\n<div class=\"separator\"><iframe loading=\"lazy\" class=\"YOUTUBE-iframe-video\" src=\"https:\/\/www.youtube.com\/embed\/2XjB9jsGD7o?feature=player_embedded\" width=\"280\" height=\"210\" frameborder=\"0\" allowfullscreen=\"allowfullscreen\" data-thumbnail-src=\"https:\/\/i.ytimg.com\/vi\/2XjB9jsGD7o\/0.jpg\" data-mce-fragment=\"1\"><\/iframe><\/div>\n<div><\/div>\n<p>Segue o barco, outras bandas regulares que valem trabalhar mais o som s\u00e3o Eurritmia, Sexy Tape, Vitrola de Ficha e Jowe. Last but not least PVH Blues, uma afiada banda dedicada aos standards do blues. Mandaram, entre outros, Got My Mojo Workin\u2019, Sweet Home Chicago e Roadhouse Blues. Prognoise foi a \u00fanica banda progressiva que vi no festival, bons m\u00fasicos, bons arranjos, mas mal executados e com um vocalista sofr\u00edvel.<\/p>\n<table class=\"tr-caption-container\" cellspacing=\"0\" cellpadding=\"0\" align=\"center\">\n<tbody>\n<tr>\n<td><a href=\"https:\/\/i0.wp.com\/1.bp.blogspot.com\/-FE8M1TYKEkc\/XOt5kFI8P2I\/AAAAAAAAETk\/nvPlxgE47gssKRfn4NSeN_Oz8uKb7eS5gCLcBGAs\/s1600\/botoPVHblues.jpg?ssl=1\"><img data-recalc-dims=\"1\" loading=\"lazy\" decoding=\"async\" src=\"https:\/\/i0.wp.com\/1.bp.blogspot.com\/-FE8M1TYKEkc\/XOt5kFI8P2I\/AAAAAAAAETk\/nvPlxgE47gssKRfn4NSeN_Oz8uKb7eS5gCLcBGAs\/s280\/botoPVHblues.jpg?resize=280%2C185&#038;ssl=1\" width=\"280\" height=\"185\" border=\"0\" data-original-height=\"1063\" data-original-width=\"1600\" \/><\/a><\/td>\n<\/tr>\n<tr>\n<td class=\"tr-caption\">PVH Blues<\/td>\n<\/tr>\n<\/tbody>\n<\/table>\n<div><\/div>\n<p>O 2\u00ba BotoRock mostrou uma presen\u00e7a forte de rock na cidade e no estado, bem como de rap, que sirva para fortalecer a cena e criar novos lugares para tocar. Porto Velho Rocks!<br \/>\nP.S. Agrade\u00e7o a Daniel\u00a0 Duarte das bandas Semaforo 89 e Pilsen Bullets pela ajuda na informa\u00e7\u00e3o sobre as bandas. Ele tocou cover de Ultraje a Rigor com a Semaforo 89, mas a outra banda \u00e9 autoral (Video abaixo).<\/p>\n<div class=\"separator\"><iframe loading=\"lazy\" class=\"YOUTUBE-iframe-video\" src=\"https:\/\/www.youtube.com\/embed\/NVXm8XVzZkA?feature=player_embedded\" width=\"280\" height=\"210\" frameborder=\"0\" allowfullscreen=\"allowfullscreen\" data-thumbnail-src=\"https:\/\/i.ytimg.com\/vi\/NVXm8XVzZkA\/0.jpg\" data-mce-fragment=\"1\"><\/iframe><\/div>\n<div><\/div>\n<div><\/div>\n<div><\/div>\n<\/div>\n<div class=\"post-footer\"><\/div>\n","protected":false},"excerpt":{"rendered":"<p>Blog do Jama &#8211; Estive sexta e s\u00e1bado no 2\u00ba Boto Rock, festival com bandas de Porto Velho entre autorais e covers. Com dois palcos de rock, Rosa e Tucuxi, e um de rap, o festival se estendeu do meio da tarde at\u00e9 a madrugada nos dois dias no Parque Circuito, um antigo seringal convertido&#8230;<a class=\"more-link\" href=\"http:\/\/blogdalucianaoliveira.com.br\/blog\/2019\/05\/27\/banda-quilomblocada-e-destaque-no-segundo-festival-boto-rock-que-reuniu-49-bandas-em-porto-velho\/\">Continue a leitura <span class=\"meta-nav\">&raquo;<\/span><\/a><\/p>\n","protected":false},"author":1,"featured_media":0,"comment_status":"closed","ping_status":"open","sticky":false,"template":"","format":"standard","meta":{"_exactmetrics_skip_tracking":false,"_exactmetrics_sitenote_active":false,"_exactmetrics_sitenote_note":"","_exactmetrics_sitenote_category":0,"jetpack_post_was_ever_published":false,"_jetpack_newsletter_access":"","_jetpack_dont_email_post_to_subs":false,"_jetpack_newsletter_tier_id":0,"_jetpack_memberships_contains_paywalled_content":false,"_jetpack_memberships_contains_paid_content":false,"footnotes":"","jetpack_publicize_message":"","jetpack_publicize_feature_enabled":true,"jetpack_social_post_already_shared":true,"jetpack_social_options":{"image_generator_settings":{"template":"highway","enabled":false},"version":2}},"categories":[1],"tags":[],"class_list":["post-21932","post","type-post","status-publish","format-standard","hentry","category-notas"],"jetpack_publicize_connections":[],"jetpack_sharing_enabled":true,"jetpack_featured_media_url":"","jetpack_shortlink":"https:\/\/wp.me\/p7wKYW-5HK","jetpack-related-posts":[],"_links":{"self":[{"href":"http:\/\/blogdalucianaoliveira.com.br\/blog\/wp-json\/wp\/v2\/posts\/21932","targetHints":{"allow":["GET"]}}],"collection":[{"href":"http:\/\/blogdalucianaoliveira.com.br\/blog\/wp-json\/wp\/v2\/posts"}],"about":[{"href":"http:\/\/blogdalucianaoliveira.com.br\/blog\/wp-json\/wp\/v2\/types\/post"}],"author":[{"embeddable":true,"href":"http:\/\/blogdalucianaoliveira.com.br\/blog\/wp-json\/wp\/v2\/users\/1"}],"replies":[{"embeddable":true,"href":"http:\/\/blogdalucianaoliveira.com.br\/blog\/wp-json\/wp\/v2\/comments?post=21932"}],"version-history":[{"count":1,"href":"http:\/\/blogdalucianaoliveira.com.br\/blog\/wp-json\/wp\/v2\/posts\/21932\/revisions"}],"predecessor-version":[{"id":21934,"href":"http:\/\/blogdalucianaoliveira.com.br\/blog\/wp-json\/wp\/v2\/posts\/21932\/revisions\/21934"}],"wp:attachment":[{"href":"http:\/\/blogdalucianaoliveira.com.br\/blog\/wp-json\/wp\/v2\/media?parent=21932"}],"wp:term":[{"taxonomy":"category","embeddable":true,"href":"http:\/\/blogdalucianaoliveira.com.br\/blog\/wp-json\/wp\/v2\/categories?post=21932"},{"taxonomy":"post_tag","embeddable":true,"href":"http:\/\/blogdalucianaoliveira.com.br\/blog\/wp-json\/wp\/v2\/tags?post=21932"}],"curies":[{"name":"wp","href":"https:\/\/api.w.org\/{rel}","templated":true}]}}