{"id":21935,"date":"2019-05-28T07:34:33","date_gmt":"2019-05-28T11:34:33","guid":{"rendered":"http:\/\/blogdalucianaoliveira.com.br\/blog\/?p=21935"},"modified":"2019-05-28T07:34:33","modified_gmt":"2019-05-28T11:34:33","slug":"estudo-mostra-que-capitalizacao-fracassou-em-60-dos-paises-que-mudaram-previdencia","status":"publish","type":"post","link":"http:\/\/blogdalucianaoliveira.com.br\/blog\/2019\/05\/28\/estudo-mostra-que-capitalizacao-fracassou-em-60-dos-paises-que-mudaram-previdencia\/","title":{"rendered":"ESTUDO MOSTRA QUE CAPITALIZA\u00c7\u00c3O FRACASSOU EM 60% DOS PA\u00cdSES QUE MUDARAM PREVID\u00caNCIA"},"content":{"rendered":"<p><img data-recalc-dims=\"1\" loading=\"lazy\" decoding=\"async\" data-attachment-id=\"21936\" data-permalink=\"http:\/\/blogdalucianaoliveira.com.br\/blog\/2019\/05\/28\/estudo-mostra-que-capitalizacao-fracassou-em-60-dos-paises-que-mudaram-previdencia\/8f9688fe-d7f7-41c4-818b-4fa411e3de4e\/\" data-orig-file=\"https:\/\/i0.wp.com\/blogdalucianaoliveira.com.br\/blog\/wp-content\/uploads\/2019\/05\/8F9688FE-D7F7-41C4-818B-4FA411E3DE4E.png?fit=480%2C240\" data-orig-size=\"480,240\" data-comments-opened=\"0\" data-image-meta=\"{&quot;aperture&quot;:&quot;0&quot;,&quot;credit&quot;:&quot;&quot;,&quot;camera&quot;:&quot;&quot;,&quot;caption&quot;:&quot;&quot;,&quot;created_timestamp&quot;:&quot;0&quot;,&quot;copyright&quot;:&quot;&quot;,&quot;focal_length&quot;:&quot;0&quot;,&quot;iso&quot;:&quot;0&quot;,&quot;shutter_speed&quot;:&quot;0&quot;,&quot;title&quot;:&quot;&quot;,&quot;orientation&quot;:&quot;0&quot;}\" data-image-title=\"8F9688FE-D7F7-41C4-818B-4FA411E3DE4E\" data-image-description=\"\" data-image-caption=\"\" data-medium-file=\"https:\/\/i0.wp.com\/blogdalucianaoliveira.com.br\/blog\/wp-content\/uploads\/2019\/05\/8F9688FE-D7F7-41C4-818B-4FA411E3DE4E.png?fit=300%2C150\" data-large-file=\"https:\/\/i0.wp.com\/blogdalucianaoliveira.com.br\/blog\/wp-content\/uploads\/2019\/05\/8F9688FE-D7F7-41C4-818B-4FA411E3DE4E.png?fit=480%2C240\" class=\"alignnone size-full wp-image-21936 alignleft\" src=\"https:\/\/i0.wp.com\/blogdalucianaoliveira.com.br\/blog\/wp-content\/uploads\/2019\/05\/8F9688FE-D7F7-41C4-818B-4FA411E3DE4E.png?resize=480%2C240\" alt=\"8F9688FE-D7F7-41C4-818B-4FA411E3DE4E\" width=\"480\" height=\"240\" srcset=\"https:\/\/i0.wp.com\/blogdalucianaoliveira.com.br\/blog\/wp-content\/uploads\/2019\/05\/8F9688FE-D7F7-41C4-818B-4FA411E3DE4E.png?w=480 480w, https:\/\/i0.wp.com\/blogdalucianaoliveira.com.br\/blog\/wp-content\/uploads\/2019\/05\/8F9688FE-D7F7-41C4-818B-4FA411E3DE4E.png?resize=300%2C150 300w\" sizes=\"auto, (max-width: 480px) 100vw, 480px\" \/><\/p>\n<p>247 &#8211; O sistema de capitaliza\u00e7\u00e3o, que \u00e9 um dos aspectos mais perversos da reforma da Previd\u00eancia proposta por Jair Bolsonaro e Paulo Guedes, fracassou em 60% dos pa\u00edses que o adotaram, segundo estudo da OIT &#8211; Organiza\u00e7\u00e3o Internacional do Trabalho.<!--more--><\/p>\n<p>O sistema de capitaliza\u00e7\u00e3o liquida o princ\u00edpio da solidariedade entre os trabalhadores. Na capitaliza\u00e7\u00e3o, o trabalhador faz a pr\u00f3pria poupan\u00e7a para sua aposentadoria.<\/p>\n<p>Reportagem do UOL mostra que entre 1981 e 2014, 30 pa\u00edses modificaram seu para adot\u00e1-la. At\u00e9 o ano passado, 18 desses pa\u00edses j\u00e1 haviam feito uma nova reforma, revertendo ao menos em parte as mudan\u00e7as.<\/p>\n<p>&#8220;Com 60% dos pa\u00edses que privatizaram aposentadorias p\u00fablicas obrigat\u00f3rias tendo revertido a privatiza\u00e7\u00e3o, e com evid\u00eancias acumuladas de impactos sociais e econ\u00f4micos negativos, \u00e9 poss\u00edvel afirmar que o experimento fracassou&#8221;, afirma o estudo publicado no UOL.<\/p>\n","protected":false},"excerpt":{"rendered":"<p>247 &#8211; O sistema de capitaliza\u00e7\u00e3o, que \u00e9 um dos aspectos mais perversos da reforma da Previd\u00eancia proposta por Jair Bolsonaro e Paulo Guedes, fracassou em 60% dos pa\u00edses que o adotaram, segundo estudo da OIT &#8211; Organiza\u00e7\u00e3o Internacional do Trabalho.<\/p>\n","protected":false},"author":1,"featured_media":0,"comment_status":"closed","ping_status":"open","sticky":false,"template":"","format":"standard","meta":{"_exactmetrics_skip_tracking":false,"_exactmetrics_sitenote_active":false,"_exactmetrics_sitenote_note":"","_exactmetrics_sitenote_category":0,"jetpack_post_was_ever_published":false,"_jetpack_newsletter_access":"","_jetpack_dont_email_post_to_subs":false,"_jetpack_newsletter_tier_id":0,"_jetpack_memberships_contains_paywalled_content":false,"_jetpack_memberships_contains_paid_content":false,"footnotes":"","jetpack_publicize_message":"","jetpack_publicize_feature_enabled":true,"jetpack_social_post_already_shared":true,"jetpack_social_options":{"image_generator_settings":{"template":"highway","enabled":false},"version":2}},"categories":[1],"tags":[],"class_list":["post-21935","post","type-post","status-publish","format-standard","hentry","category-notas"],"jetpack_publicize_connections":[],"jetpack_sharing_enabled":true,"jetpack_featured_media_url":"","jetpack_shortlink":"https:\/\/wp.me\/p7wKYW-5HN","jetpack-related-posts":[],"_links":{"self":[{"href":"http:\/\/blogdalucianaoliveira.com.br\/blog\/wp-json\/wp\/v2\/posts\/21935","targetHints":{"allow":["GET"]}}],"collection":[{"href":"http:\/\/blogdalucianaoliveira.com.br\/blog\/wp-json\/wp\/v2\/posts"}],"about":[{"href":"http:\/\/blogdalucianaoliveira.com.br\/blog\/wp-json\/wp\/v2\/types\/post"}],"author":[{"embeddable":true,"href":"http:\/\/blogdalucianaoliveira.com.br\/blog\/wp-json\/wp\/v2\/users\/1"}],"replies":[{"embeddable":true,"href":"http:\/\/blogdalucianaoliveira.com.br\/blog\/wp-json\/wp\/v2\/comments?post=21935"}],"version-history":[{"count":1,"href":"http:\/\/blogdalucianaoliveira.com.br\/blog\/wp-json\/wp\/v2\/posts\/21935\/revisions"}],"predecessor-version":[{"id":21937,"href":"http:\/\/blogdalucianaoliveira.com.br\/blog\/wp-json\/wp\/v2\/posts\/21935\/revisions\/21937"}],"wp:attachment":[{"href":"http:\/\/blogdalucianaoliveira.com.br\/blog\/wp-json\/wp\/v2\/media?parent=21935"}],"wp:term":[{"taxonomy":"category","embeddable":true,"href":"http:\/\/blogdalucianaoliveira.com.br\/blog\/wp-json\/wp\/v2\/categories?post=21935"},{"taxonomy":"post_tag","embeddable":true,"href":"http:\/\/blogdalucianaoliveira.com.br\/blog\/wp-json\/wp\/v2\/tags?post=21935"}],"curies":[{"name":"wp","href":"https:\/\/api.w.org\/{rel}","templated":true}]}}