{"id":21942,"date":"2019-05-28T07:48:33","date_gmt":"2019-05-28T11:48:33","guid":{"rendered":"http:\/\/blogdalucianaoliveira.com.br\/blog\/?p=21942"},"modified":"2019-05-28T09:47:02","modified_gmt":"2019-05-28T13:47:02","slug":"empresa-que-administra-presidios-com-57-mortos-em-manaus-recebeu-r-836-mi-em-5-anos","status":"publish","type":"post","link":"http:\/\/blogdalucianaoliveira.com.br\/blog\/2019\/05\/28\/empresa-que-administra-presidios-com-57-mortos-em-manaus-recebeu-r-836-mi-em-5-anos\/","title":{"rendered":"Empresa que administra pres\u00eddios com 57 mortos em Manaus recebeu R$ 836 mi em 5 anos"},"content":{"rendered":"<p><img data-recalc-dims=\"1\" loading=\"lazy\" decoding=\"async\" data-attachment-id=\"21943\" data-permalink=\"http:\/\/blogdalucianaoliveira.com.br\/blog\/2019\/05\/28\/empresa-que-administra-presidios-com-57-mortos-em-manaus-recebeu-r-836-mi-em-5-anos\/13e823ea-9d54-4be5-a04e-5b12a5dfee8b\/\" data-orig-file=\"https:\/\/i0.wp.com\/blogdalucianaoliveira.com.br\/blog\/wp-content\/uploads\/2019\/05\/13E823EA-9D54-4BE5-A04E-5B12A5DFEE8B.jpeg?fit=639%2C418\" data-orig-size=\"639,418\" data-comments-opened=\"0\" data-image-meta=\"{&quot;aperture&quot;:&quot;0&quot;,&quot;credit&quot;:&quot;Rafael Seixas&quot;,&quot;camera&quot;:&quot;&quot;,&quot;caption&quot;:&quot;&quot;,&quot;created_timestamp&quot;:&quot;1484156600&quot;,&quot;copyright&quot;:&quot;&quot;,&quot;focal_length&quot;:&quot;0&quot;,&quot;iso&quot;:&quot;0&quot;,&quot;shutter_speed&quot;:&quot;0&quot;,&quot;title&quot;:&quot;&quot;,&quot;orientation&quot;:&quot;0&quot;}\" data-image-title=\"13E823EA-9D54-4BE5-A04E-5B12A5DFEE8B\" data-image-description=\"\" data-image-caption=\"\" data-medium-file=\"https:\/\/i0.wp.com\/blogdalucianaoliveira.com.br\/blog\/wp-content\/uploads\/2019\/05\/13E823EA-9D54-4BE5-A04E-5B12A5DFEE8B.jpeg?fit=300%2C196\" data-large-file=\"https:\/\/i0.wp.com\/blogdalucianaoliveira.com.br\/blog\/wp-content\/uploads\/2019\/05\/13E823EA-9D54-4BE5-A04E-5B12A5DFEE8B.jpeg?fit=600%2C392\" src=\"https:\/\/i0.wp.com\/blogdalucianaoliveira.com.br\/blog\/wp-content\/uploads\/2019\/05\/13E823EA-9D54-4BE5-A04E-5B12A5DFEE8B.jpeg?resize=600%2C392\" alt=\"13E823EA-9D54-4BE5-A04E-5B12A5DFEE8B\" width=\"600\" height=\"392\" class=\"alignnone size-full wp-image-21943\" srcset=\"https:\/\/i0.wp.com\/blogdalucianaoliveira.com.br\/blog\/wp-content\/uploads\/2019\/05\/13E823EA-9D54-4BE5-A04E-5B12A5DFEE8B.jpeg?w=639 639w, https:\/\/i0.wp.com\/blogdalucianaoliveira.com.br\/blog\/wp-content\/uploads\/2019\/05\/13E823EA-9D54-4BE5-A04E-5B12A5DFEE8B.jpeg?resize=300%2C196 300w, https:\/\/i0.wp.com\/blogdalucianaoliveira.com.br\/blog\/wp-content\/uploads\/2019\/05\/13E823EA-9D54-4BE5-A04E-5B12A5DFEE8B.jpeg?resize=459%2C300 459w\" sizes=\"auto, (max-width: 600px) 100vw, 600px\" \/><\/p>\n<p>Umanizzare \u00e9 respons\u00e1vel pela gest\u00e3o das quatro unidades onde ocorreram as chacinas, em Manaus e no interior do estado<!--more--><\/p>\n<p>Igor Carvalho<br \/>\nBrasil de Fato<\/p>\n<p>Nesta segunda-feira (27), 42 presos foram encontrados mortos em quatro unidades prisionais do Amazonas. Somados aos 15 homic\u00eddios de domingo (26), o total de v\u00edtimas chega a 57. Todas os pres\u00eddios s\u00e3o administrados pela Umannizzare Gest\u00e3o Prisional e Servi\u00e7os Ltda, empresa privada que recebeu R$ 836 milh\u00f5es nos \u00faltimos quatro anos, de acordo com os contratos disponibilizados no Portal Transpar\u00eancia do estado.<\/p>\n<p>No domingo (26), ap\u00f3s briga nos pavilh\u00f5es 3 e 5, 15 presos foram assassinados no Complexo An\u00edsio Jobim (Compaj). Um dia depois, mais quatro cad\u00e1veres foram encontrados na mesma unidade, que \u00e9 o cart\u00e3o de visitas da Umanizzare no Amazonas. A gestora administra o pres\u00eddio desde 2013.<\/p>\n<p>De acordo com a Secretaria de Administra\u00e7\u00e3o Penitenci\u00e1ria (Seap), os conflitos continuaram no domingo, e outros 27 presos foram assassinados no Instituto Penal Ant\u00f4nio Trindade (Ipat). Na Unidade Prisional do Puraquequara (UPP), houve mais 6 mortos. No Centro de Deten\u00e7\u00e3o Provis\u00f3ria Masculino (CDPM1), mais 5 cad\u00e1veres. As mortes foram confirmadas na segunda-feira, quando agentes da Seap encontraram os corpos. Todas as unidades s\u00e3o administradas pela Umanizzare.<\/p>\n<p>As brigas ocorreram durante o hor\u00e1rio de visita no domingo. De acordo com a Seap, n\u00e3o houve registro de morte dos familiares e nem de ref\u00e9ns.<\/p>\n<p>A Umanizzare sofreu condena\u00e7\u00f5es na Justi\u00e7a do Trabalho por desrespeitar normas laborais. Nos processos, funcion\u00e1rios da companhia reclamam de desrespeito \u00e0s regras sobre intervalos e remunera\u00e7\u00e3o de trabalho em feriados.<\/p>\n<p>Hist\u00f3rico<\/p>\n<p>Em janeiro de 2017, ap\u00f3s 17 horas de de rebeli\u00e3o no Compaj, administrado pela Umanizzare, 56 presos foram encontrados mortos. Outros 11 internos foram assassinados em outras unidades. \u00c0 \u00e9poca, a Seap divulgou que todos os mortos integravam o Primeiro Comando da Capital (PCC).<\/p>\n<p>Em 2017, o Minist\u00e9rio P\u00fablico do Amazonas concluiu uma investiga\u00e7\u00e3o sobre a empresa e divulgou que o valor cobrado por cada preso nos contratos da Umanizzare com o estado \u00e9 de R$ 4,7 mil mensais.<!--more--><\/p>\n<p>Edi\u00e7\u00e3o: Daniel Giovanaz<\/p>\n","protected":false},"excerpt":{"rendered":"<p>Umanizzare \u00e9 respons\u00e1vel pela gest\u00e3o das quatro unidades onde ocorreram as chacinas, em Manaus e no interior do estado<\/p>\n","protected":false},"author":1,"featured_media":0,"comment_status":"closed","ping_status":"open","sticky":false,"template":"","format":"standard","meta":{"_exactmetrics_skip_tracking":false,"_exactmetrics_sitenote_active":false,"_exactmetrics_sitenote_note":"","_exactmetrics_sitenote_category":0,"jetpack_post_was_ever_published":false,"_jetpack_newsletter_access":"","_jetpack_dont_email_post_to_subs":false,"_jetpack_newsletter_tier_id":0,"_jetpack_memberships_contains_paywalled_content":false,"_jetpack_memberships_contains_paid_content":false,"footnotes":"","jetpack_publicize_message":"","jetpack_publicize_feature_enabled":true,"jetpack_social_post_already_shared":true,"jetpack_social_options":{"image_generator_settings":{"template":"highway","enabled":false},"version":2}},"categories":[1],"tags":[],"class_list":["post-21942","post","type-post","status-publish","format-standard","hentry","category-notas"],"jetpack_publicize_connections":[],"jetpack_sharing_enabled":true,"jetpack_featured_media_url":"","jetpack_shortlink":"https:\/\/wp.me\/p7wKYW-5HU","jetpack-related-posts":[],"_links":{"self":[{"href":"http:\/\/blogdalucianaoliveira.com.br\/blog\/wp-json\/wp\/v2\/posts\/21942","targetHints":{"allow":["GET"]}}],"collection":[{"href":"http:\/\/blogdalucianaoliveira.com.br\/blog\/wp-json\/wp\/v2\/posts"}],"about":[{"href":"http:\/\/blogdalucianaoliveira.com.br\/blog\/wp-json\/wp\/v2\/types\/post"}],"author":[{"embeddable":true,"href":"http:\/\/blogdalucianaoliveira.com.br\/blog\/wp-json\/wp\/v2\/users\/1"}],"replies":[{"embeddable":true,"href":"http:\/\/blogdalucianaoliveira.com.br\/blog\/wp-json\/wp\/v2\/comments?post=21942"}],"version-history":[{"count":2,"href":"http:\/\/blogdalucianaoliveira.com.br\/blog\/wp-json\/wp\/v2\/posts\/21942\/revisions"}],"predecessor-version":[{"id":21945,"href":"http:\/\/blogdalucianaoliveira.com.br\/blog\/wp-json\/wp\/v2\/posts\/21942\/revisions\/21945"}],"wp:attachment":[{"href":"http:\/\/blogdalucianaoliveira.com.br\/blog\/wp-json\/wp\/v2\/media?parent=21942"}],"wp:term":[{"taxonomy":"category","embeddable":true,"href":"http:\/\/blogdalucianaoliveira.com.br\/blog\/wp-json\/wp\/v2\/categories?post=21942"},{"taxonomy":"post_tag","embeddable":true,"href":"http:\/\/blogdalucianaoliveira.com.br\/blog\/wp-json\/wp\/v2\/tags?post=21942"}],"curies":[{"name":"wp","href":"https:\/\/api.w.org\/{rel}","templated":true}]}}