{"id":21949,"date":"2019-05-28T17:30:00","date_gmt":"2019-05-28T21:30:00","guid":{"rendered":"http:\/\/blogdalucianaoliveira.com.br\/blog\/?p=21949"},"modified":"2019-05-28T17:36:36","modified_gmt":"2019-05-28T21:36:36","slug":"com-os-burros-nagua-mpf-manda-arquivar-denuncia-contra-ex-reitora","status":"publish","type":"post","link":"http:\/\/blogdalucianaoliveira.com.br\/blog\/2019\/05\/28\/com-os-burros-nagua-mpf-manda-arquivar-denuncia-contra-ex-reitora\/","title":{"rendered":"Com os burros n&#8217;\u00c0gua; MPF manda arquivar den\u00fancia contra ex-reitora"},"content":{"rendered":"<p><img data-recalc-dims=\"1\" loading=\"lazy\" decoding=\"async\" data-attachment-id=\"21950\" data-permalink=\"http:\/\/blogdalucianaoliveira.com.br\/blog\/2019\/05\/28\/com-os-burros-nagua-mpf-manda-arquivar-denuncia-contra-ex-reitora\/bere-2\/\" data-orig-file=\"https:\/\/i0.wp.com\/blogdalucianaoliveira.com.br\/blog\/wp-content\/uploads\/2019\/05\/bere.jpg?fit=402%2C330\" data-orig-size=\"402,330\" data-comments-opened=\"0\" data-image-meta=\"{&quot;aperture&quot;:&quot;0&quot;,&quot;credit&quot;:&quot;&quot;,&quot;camera&quot;:&quot;&quot;,&quot;caption&quot;:&quot;&quot;,&quot;created_timestamp&quot;:&quot;0&quot;,&quot;copyright&quot;:&quot;&quot;,&quot;focal_length&quot;:&quot;0&quot;,&quot;iso&quot;:&quot;0&quot;,&quot;shutter_speed&quot;:&quot;0&quot;,&quot;title&quot;:&quot;&quot;,&quot;orientation&quot;:&quot;0&quot;}\" data-image-title=\"bere\" data-image-description=\"\" data-image-caption=\"\" data-medium-file=\"https:\/\/i0.wp.com\/blogdalucianaoliveira.com.br\/blog\/wp-content\/uploads\/2019\/05\/bere.jpg?fit=300%2C246\" data-large-file=\"https:\/\/i0.wp.com\/blogdalucianaoliveira.com.br\/blog\/wp-content\/uploads\/2019\/05\/bere.jpg?fit=402%2C330\" class=\"alignnone size-full wp-image-21950\" src=\"https:\/\/i0.wp.com\/blogdalucianaoliveira.com.br\/blog\/wp-content\/uploads\/2019\/05\/bere.jpg?resize=402%2C330\" alt=\"bere\" width=\"402\" height=\"330\" srcset=\"https:\/\/i0.wp.com\/blogdalucianaoliveira.com.br\/blog\/wp-content\/uploads\/2019\/05\/bere.jpg?w=402 402w, https:\/\/i0.wp.com\/blogdalucianaoliveira.com.br\/blog\/wp-content\/uploads\/2019\/05\/bere.jpg?resize=300%2C246 300w, https:\/\/i0.wp.com\/blogdalucianaoliveira.com.br\/blog\/wp-content\/uploads\/2019\/05\/bere.jpg?resize=365%2C300 365w\" sizes=\"auto, (max-width: 402px) 100vw, 402px\" \/><\/p>\n<p>&nbsp;<\/p>\n<p>O esfor\u00e7o foi grande, mas fracassaram os servidores que ofereceram den\u00fancia contra a ex-reitora da Universidade Federal de Rond\u00f4nia, Berenice Tourinho.<\/p>\n<p>N\u00e3o restou em p\u00e9 nenhum dos argumentos dos autores para provar falsa a revalida\u00e7\u00e3o do diploma da ex-reitora do doutorado em ci\u00eancias psicol\u00f3gicas na Universidade de Bras\u00edlia, obtido em Cuba.<!--more--><\/p>\n<p>Fabr\u00edcio Moraes de Almeida, Izan Calderaro, Pedro di T\u00e1rique e Leonardo Severo n\u00e3o\u00a0conseguiram chegar onde pretendiam com\u00a0a den\u00fancia protocolada\u00a0 em 17 de Julho de 2017 na Procuradoria da Rep\u00fablica do Estado de Rond\u00f4nia.<\/p>\n<p>Caiu tamb\u00e9m \u201cpedido assemelhado\u201d feito em agosto do referido ano por Vict\u00f3ria Angelo Bacon, ex-servidora considerada inapta para exercer suas fun\u00e7\u00f5es no cargo de secret\u00e1ria executiva, conforme consta nos autos do Processo n\u00ba 23118.000170\/2015-67.<\/p>\n<p>O primeiro arquivamento veio no dia 12 de mar\u00e7o de 2019, quando o procurador da Rep\u00fablica Luiz Gustavo Mantovani pontuou:<\/p>\n<p>\u201c[&#8230;]a an\u00e1lise dos 5 (cinco) procedimentos de valida\u00e7\u00e3o de diplomas estrangeiros, validados pela UnB no ano de 2003 (\u00e9poca da valida\u00e7\u00e3o do diploma de Maria Berenice Alho da Costa Tourinho), contido na m\u00eddia encaminha pela UnB, \u00e9 suficiente para demonstrar, igualmente, a inocorr\u00eancia de falsifica\u00e7\u00e3o e\/ou fraude no Processo [&#8230;], uma vez que todos observaram os mesmos tr\u00e2mites procedimentais\u201d, sacramentou o membro do MPF.<\/p>\n<p>O quarteto insistiu na falsa den\u00fancia, recorreu e Mantovani utilizou trecho da senten\u00e7a que condenou Fabr\u00edcio Moraes, Pedro di T\u00e1rique e Izan Fabr\u00edcio Neves a pagar R$ 30 mil em danos morais \u00e0 Berenice Tourinho.<\/p>\n<p>\u201cPor fim, relevante destacar que os representantes e ora recorrentes foram condenados a indenizar Maria Berenice Alho da Costa Tourinho, nos autos da A\u00e7\u00e3o C\u00edvel n. 7048767-65.2018.8.22.0001, por danos morais decorrentes da dissemina\u00e7\u00e3o de not\u00edcias falsas referentes a estes fatos. Cite-se trecho da senten\u00e7a que coaduna com a conclus\u00e3o deste Parquet: \u201cN\u00e3o h\u00e1 d\u00favidas tamb\u00e9m quanto a regularidade do processo de revalida\u00e7\u00e3o do diploma de Doutorado da autora, tendo em vista a conclus\u00e3o do despacho (\u2026)\u201d (senten\u00e7a em anexo). Portanto, mantenho a decis\u00e3o de arquivamento pelos seus pr\u00f3prios fundamentos\u201d.<\/p>\n<p>A a\u00e7\u00e3o citada corre na justi\u00e7a e a ex-reitora prometeu\u00a0investir o dinheiro de prov\u00e1vel indeniza\u00e7\u00e3o na compras de livros e em servi\u00e7os de tratamento de c\u00e2ncer.<\/p>\n<p>No \u00faltimo dia 29 de abril, a 2\u00aa C\u00e2mara de Coordena\u00e7\u00e3o e Revis\u00e3o Criminal do MPF, homologou a decis\u00e3o de arquivamento do feito proferida pelo procurador Luiz Gustavo Mantovani por duas vezes.<\/p>\n<p><strong><u>CONFIRA OS TERMOS DAS DECIS\u00d5ES NO TR\u00c2MITE DA REPRESENTA\u00c7\u00c3O PELO MPF<\/u><\/p>\n<p>DECIS\u00c3O 01<\/p>\n<p><img data-recalc-dims=\"1\" decoding=\"async\" src=\"https:\/\/i0.wp.com\/www.rondoniadinamica.com\/uploads\/MPF-01.jpg?w=600&#038;ssl=1\" alt=\"\" \/><\/p>\n<p>DECIS\u00c3O 02<\/p>\n<p><img data-recalc-dims=\"1\" decoding=\"async\" src=\"https:\/\/i0.wp.com\/www.rondoniadinamica.com\/uploads\/MPF-02.jpg?w=600&#038;ssl=1\" alt=\"\" \/><\/p>\n<p>DECIS\u00c3O 03<\/p>\n<p><img data-recalc-dims=\"1\" decoding=\"async\" src=\"https:\/\/i0.wp.com\/www.rondoniadinamica.com\/uploads\/MPF-03.jpg?w=600&#038;ssl=1\" alt=\"\" \/><\/strong><\/p>\n<div class=\"newspaper-post-like d-flex align-items-center justify-content-between\">\n<div class=\"tag-box\"><\/div>\n<\/div>\n<p>&nbsp;<\/p>\n","protected":false},"excerpt":{"rendered":"<p>&nbsp; O esfor\u00e7o foi grande, mas fracassaram os servidores que ofereceram den\u00fancia contra a ex-reitora da Universidade Federal de Rond\u00f4nia, Berenice Tourinho. N\u00e3o restou em p\u00e9 nenhum dos argumentos dos autores para provar falsa a revalida\u00e7\u00e3o do diploma da ex-reitora do doutorado em ci\u00eancias psicol\u00f3gicas na Universidade de Bras\u00edlia, obtido em Cuba.<\/p>\n","protected":false},"author":1,"featured_media":0,"comment_status":"closed","ping_status":"open","sticky":false,"template":"","format":"standard","meta":{"_exactmetrics_skip_tracking":false,"_exactmetrics_sitenote_active":false,"_exactmetrics_sitenote_note":"","_exactmetrics_sitenote_category":0,"jetpack_post_was_ever_published":false,"_jetpack_newsletter_access":"","_jetpack_dont_email_post_to_subs":false,"_jetpack_newsletter_tier_id":0,"_jetpack_memberships_contains_paywalled_content":false,"_jetpack_memberships_contains_paid_content":false,"footnotes":"","jetpack_publicize_message":"","jetpack_publicize_feature_enabled":true,"jetpack_social_post_already_shared":true,"jetpack_social_options":{"image_generator_settings":{"template":"highway","enabled":false},"version":2}},"categories":[1],"tags":[],"class_list":["post-21949","post","type-post","status-publish","format-standard","hentry","category-notas"],"jetpack_publicize_connections":[],"jetpack_sharing_enabled":true,"jetpack_featured_media_url":"","jetpack_shortlink":"https:\/\/wp.me\/p7wKYW-5I1","jetpack-related-posts":[],"_links":{"self":[{"href":"http:\/\/blogdalucianaoliveira.com.br\/blog\/wp-json\/wp\/v2\/posts\/21949","targetHints":{"allow":["GET"]}}],"collection":[{"href":"http:\/\/blogdalucianaoliveira.com.br\/blog\/wp-json\/wp\/v2\/posts"}],"about":[{"href":"http:\/\/blogdalucianaoliveira.com.br\/blog\/wp-json\/wp\/v2\/types\/post"}],"author":[{"embeddable":true,"href":"http:\/\/blogdalucianaoliveira.com.br\/blog\/wp-json\/wp\/v2\/users\/1"}],"replies":[{"embeddable":true,"href":"http:\/\/blogdalucianaoliveira.com.br\/blog\/wp-json\/wp\/v2\/comments?post=21949"}],"version-history":[{"count":4,"href":"http:\/\/blogdalucianaoliveira.com.br\/blog\/wp-json\/wp\/v2\/posts\/21949\/revisions"}],"predecessor-version":[{"id":21954,"href":"http:\/\/blogdalucianaoliveira.com.br\/blog\/wp-json\/wp\/v2\/posts\/21949\/revisions\/21954"}],"wp:attachment":[{"href":"http:\/\/blogdalucianaoliveira.com.br\/blog\/wp-json\/wp\/v2\/media?parent=21949"}],"wp:term":[{"taxonomy":"category","embeddable":true,"href":"http:\/\/blogdalucianaoliveira.com.br\/blog\/wp-json\/wp\/v2\/categories?post=21949"},{"taxonomy":"post_tag","embeddable":true,"href":"http:\/\/blogdalucianaoliveira.com.br\/blog\/wp-json\/wp\/v2\/tags?post=21949"}],"curies":[{"name":"wp","href":"https:\/\/api.w.org\/{rel}","templated":true}]}}