{"id":21955,"date":"2019-05-28T19:55:48","date_gmt":"2019-05-28T23:55:48","guid":{"rendered":"http:\/\/blogdalucianaoliveira.com.br\/blog\/?p=21955"},"modified":"2019-05-28T19:55:48","modified_gmt":"2019-05-28T23:55:48","slug":"associacoes-de-juristas-e-movimentos-populares-assinam-manifesto-contra-projeto-de-sergio-moro","status":"publish","type":"post","link":"http:\/\/blogdalucianaoliveira.com.br\/blog\/2019\/05\/28\/associacoes-de-juristas-e-movimentos-populares-assinam-manifesto-contra-projeto-de-sergio-moro\/","title":{"rendered":"Associa\u00e7\u00f5es de juristas e movimentos populares assinam manifesto contra projeto de Sergio Moro"},"content":{"rendered":"<p><img data-recalc-dims=\"1\" loading=\"lazy\" decoding=\"async\" data-attachment-id=\"21956\" data-permalink=\"http:\/\/blogdalucianaoliveira.com.br\/blog\/2019\/05\/28\/associacoes-de-juristas-e-movimentos-populares-assinam-manifesto-contra-projeto-de-sergio-moro\/morooo-2\/\" data-orig-file=\"https:\/\/i0.wp.com\/blogdalucianaoliveira.com.br\/blog\/wp-content\/uploads\/2019\/05\/morooo.jpg?fit=600%2C465\" data-orig-size=\"600,465\" data-comments-opened=\"0\" data-image-meta=\"{&quot;aperture&quot;:&quot;0&quot;,&quot;credit&quot;:&quot;&quot;,&quot;camera&quot;:&quot;&quot;,&quot;caption&quot;:&quot;&quot;,&quot;created_timestamp&quot;:&quot;0&quot;,&quot;copyright&quot;:&quot;&quot;,&quot;focal_length&quot;:&quot;0&quot;,&quot;iso&quot;:&quot;0&quot;,&quot;shutter_speed&quot;:&quot;0&quot;,&quot;title&quot;:&quot;&quot;,&quot;orientation&quot;:&quot;0&quot;}\" data-image-title=\"morooo\" data-image-description=\"\" data-image-caption=\"\" data-medium-file=\"https:\/\/i0.wp.com\/blogdalucianaoliveira.com.br\/blog\/wp-content\/uploads\/2019\/05\/morooo.jpg?fit=300%2C233\" data-large-file=\"https:\/\/i0.wp.com\/blogdalucianaoliveira.com.br\/blog\/wp-content\/uploads\/2019\/05\/morooo.jpg?fit=600%2C465\" src=\"https:\/\/i0.wp.com\/blogdalucianaoliveira.com.br\/blog\/wp-content\/uploads\/2019\/05\/morooo.jpg?resize=600%2C465\" alt=\"morooo\" width=\"600\" height=\"465\" class=\"alignnone size-full wp-image-21956\" srcset=\"https:\/\/i0.wp.com\/blogdalucianaoliveira.com.br\/blog\/wp-content\/uploads\/2019\/05\/morooo.jpg?w=600 600w, https:\/\/i0.wp.com\/blogdalucianaoliveira.com.br\/blog\/wp-content\/uploads\/2019\/05\/morooo.jpg?resize=300%2C233 300w, https:\/\/i0.wp.com\/blogdalucianaoliveira.com.br\/blog\/wp-content\/uploads\/2019\/05\/morooo.jpg?resize=387%2C300 387w\" sizes=\"auto, (max-width: 600px) 100vw, 600px\" \/><\/p>\n<p>Manifesto Pelo Direito ao Futuro \u2013 Contra o PL 882\/2019 \u2013 Pacote da Viol\u00eancia de Moro<!--more--><\/p>\n<p>O PL 882\/2019 \u2013 Pacote da Viol\u00eancia de Moro altera in\u00fameros pontos do C\u00f3digo de Processo Penal, C\u00f3digo Penal, Lei de Organiza\u00e7\u00f5es Criminosas, Lei de Execu\u00e7\u00e3o Penal, Lei de Crimes Hediondos e C\u00f3digo Eleitoral com suposto objetivo de combater a viol\u00eancia, a criminalidade e a corrup\u00e7\u00e3o.<\/p>\n<p>N\u00e3o obstante das suas inten\u00e7\u00f5es iniciais, a consequ\u00eancia deste pacote de medidas ser\u00e1 o aumento do encarceramento e dos homic\u00eddios, com ou sem a participa\u00e7\u00e3o de agentes do estado, tornando ineficazes os dispositivos que pretendem criar para reduzir a viol\u00eancia.<\/p>\n<p>Por um lado, haver\u00e1 um aumento exponencial da popula\u00e7\u00e3o carcer\u00e1ria, sem que os estados, respons\u00e1veis pela administra\u00e7\u00e3o do sistema penitenci\u00e1rio, estejam preparados para absorv\u00ea-lo. De outro, as viola\u00e7\u00f5es \u00e0s garantias constitucionais m\u00ednimas (como o direito \u00e0 ampla defesa) em nome de uma maior rigidez das penas, levar\u00e1 com que pessoas de baixa renda e menor acesso a justi\u00e7a sejam as mais afetadas, gerando distor\u00e7\u00f5es ainda mais profundas no sistema criminal.<\/p>\n<p>Contraditoriamente, mecanismos previstos pelo projeto como o \u201cexcludente de ilicitude\u201d abrem espa\u00e7o para que crimes como de feminic\u00eddio sejam revistos e que agentes do estado fiquem impunes em rela\u00e7\u00e3o aos crimes de exterm\u00ednio contra a juventude negra e pobre, hoje as maiores v\u00edtimas de letalidade em nosso pa\u00eds.<\/p>\n<p>Desta maneira, diante da aus\u00eancia de um amplo di\u00e1logo na sociedade a respeito de seus impactos do projeto no sistema de justi\u00e7a criminal, do incremento da viol\u00eancia e da morte de jovens negros, nos posicionamos contr\u00e1rios ao PL 882\/2019 e exigimos que as garantias constitucionais sejam respeitadas, assim como, o respeito aos direitos naturais e civis.<\/p>\n<p>N\u00e3o ao PL 882\/2019!<br \/>\nPelo o Direito ao Futuro da juventude negra!<br \/>\nParem de nos matar!<\/p>\n<p>Assinam esse manifesto:<\/p>\n","protected":false},"excerpt":{"rendered":"<p>Manifesto Pelo Direito ao Futuro \u2013 Contra o PL 882\/2019 \u2013 Pacote da Viol\u00eancia de Moro<\/p>\n","protected":false},"author":1,"featured_media":0,"comment_status":"closed","ping_status":"open","sticky":false,"template":"","format":"standard","meta":{"_exactmetrics_skip_tracking":false,"_exactmetrics_sitenote_active":false,"_exactmetrics_sitenote_note":"","_exactmetrics_sitenote_category":0,"jetpack_post_was_ever_published":false,"_jetpack_newsletter_access":"","_jetpack_dont_email_post_to_subs":false,"_jetpack_newsletter_tier_id":0,"_jetpack_memberships_contains_paywalled_content":false,"_jetpack_memberships_contains_paid_content":false,"footnotes":"","jetpack_publicize_message":"","jetpack_publicize_feature_enabled":true,"jetpack_social_post_already_shared":true,"jetpack_social_options":{"image_generator_settings":{"template":"highway","enabled":false},"version":2}},"categories":[1],"tags":[],"class_list":["post-21955","post","type-post","status-publish","format-standard","hentry","category-notas"],"jetpack_publicize_connections":[],"jetpack_sharing_enabled":true,"jetpack_featured_media_url":"","jetpack_shortlink":"https:\/\/wp.me\/p7wKYW-5I7","jetpack-related-posts":[],"_links":{"self":[{"href":"http:\/\/blogdalucianaoliveira.com.br\/blog\/wp-json\/wp\/v2\/posts\/21955","targetHints":{"allow":["GET"]}}],"collection":[{"href":"http:\/\/blogdalucianaoliveira.com.br\/blog\/wp-json\/wp\/v2\/posts"}],"about":[{"href":"http:\/\/blogdalucianaoliveira.com.br\/blog\/wp-json\/wp\/v2\/types\/post"}],"author":[{"embeddable":true,"href":"http:\/\/blogdalucianaoliveira.com.br\/blog\/wp-json\/wp\/v2\/users\/1"}],"replies":[{"embeddable":true,"href":"http:\/\/blogdalucianaoliveira.com.br\/blog\/wp-json\/wp\/v2\/comments?post=21955"}],"version-history":[{"count":1,"href":"http:\/\/blogdalucianaoliveira.com.br\/blog\/wp-json\/wp\/v2\/posts\/21955\/revisions"}],"predecessor-version":[{"id":21957,"href":"http:\/\/blogdalucianaoliveira.com.br\/blog\/wp-json\/wp\/v2\/posts\/21955\/revisions\/21957"}],"wp:attachment":[{"href":"http:\/\/blogdalucianaoliveira.com.br\/blog\/wp-json\/wp\/v2\/media?parent=21955"}],"wp:term":[{"taxonomy":"category","embeddable":true,"href":"http:\/\/blogdalucianaoliveira.com.br\/blog\/wp-json\/wp\/v2\/categories?post=21955"},{"taxonomy":"post_tag","embeddable":true,"href":"http:\/\/blogdalucianaoliveira.com.br\/blog\/wp-json\/wp\/v2\/tags?post=21955"}],"curies":[{"name":"wp","href":"https:\/\/api.w.org\/{rel}","templated":true}]}}