{"id":21958,"date":"2019-05-28T20:15:09","date_gmt":"2019-05-29T00:15:09","guid":{"rendered":"http:\/\/blogdalucianaoliveira.com.br\/blog\/?p=21958"},"modified":"2019-06-09T22:11:59","modified_gmt":"2019-06-10T02:11:59","slug":"bolsonaro-colocou-o-guarda-costas-no-comando-da-abin-para-se-proteger-dos-espioes-do-governobolsonaro-colocou-o-guarda-costas-no-comando-da-abin-para-se-proteger-dos-espioes-do-governo","status":"publish","type":"post","link":"http:\/\/blogdalucianaoliveira.com.br\/blog\/2019\/05\/28\/bolsonaro-colocou-o-guarda-costas-no-comando-da-abin-para-se-proteger-dos-espioes-do-governobolsonaro-colocou-o-guarda-costas-no-comando-da-abin-para-se-proteger-dos-espioes-do-governo\/","title":{"rendered":"BOLSONARO COLOCOU O GUARDA-COSTAS NO COMANDO DA ABIN PARA SE PROTEGER DOS ESPI\u00d5ES DO GOVERNO"},"content":{"rendered":"<p><img data-recalc-dims=\"1\" loading=\"lazy\" decoding=\"async\" data-attachment-id=\"21959\" data-permalink=\"http:\/\/blogdalucianaoliveira.com.br\/blog\/2019\/05\/28\/bolsonaro-colocou-o-guarda-costas-no-comando-da-abin-para-se-proteger-dos-espioes-do-governobolsonaro-colocou-o-guarda-costas-no-comando-da-abin-para-se-proteger-dos-espioes-do-governo\/guarad\/\" data-orig-file=\"https:\/\/i0.wp.com\/blogdalucianaoliveira.com.br\/blog\/wp-content\/uploads\/2019\/05\/guarad.jpg?fit=1440%2C720\" data-orig-size=\"1440,720\" data-comments-opened=\"0\" data-image-meta=\"{&quot;aperture&quot;:&quot;0&quot;,&quot;credit&quot;:&quot;&quot;,&quot;camera&quot;:&quot;&quot;,&quot;caption&quot;:&quot;&quot;,&quot;created_timestamp&quot;:&quot;0&quot;,&quot;copyright&quot;:&quot;&quot;,&quot;focal_length&quot;:&quot;0&quot;,&quot;iso&quot;:&quot;0&quot;,&quot;shutter_speed&quot;:&quot;0&quot;,&quot;title&quot;:&quot;&quot;,&quot;orientation&quot;:&quot;0&quot;}\" data-image-title=\"guarad\" data-image-description=\"\" data-image-caption=\"\" data-medium-file=\"https:\/\/i0.wp.com\/blogdalucianaoliveira.com.br\/blog\/wp-content\/uploads\/2019\/05\/guarad.jpg?fit=300%2C150\" data-large-file=\"https:\/\/i0.wp.com\/blogdalucianaoliveira.com.br\/blog\/wp-content\/uploads\/2019\/05\/guarad.jpg?fit=600%2C300\" src=\"https:\/\/i0.wp.com\/blogdalucianaoliveira.com.br\/blog\/wp-content\/uploads\/2019\/05\/guarad.jpg?resize=600%2C300\" alt=\"guarad\" width=\"600\" height=\"300\" class=\"alignnone size-full wp-image-21959\" srcset=\"https:\/\/i0.wp.com\/blogdalucianaoliveira.com.br\/blog\/wp-content\/uploads\/2019\/05\/guarad.jpg?w=1440 1440w, https:\/\/i0.wp.com\/blogdalucianaoliveira.com.br\/blog\/wp-content\/uploads\/2019\/05\/guarad.jpg?resize=300%2C150 300w, https:\/\/i0.wp.com\/blogdalucianaoliveira.com.br\/blog\/wp-content\/uploads\/2019\/05\/guarad.jpg?resize=768%2C384 768w, https:\/\/i0.wp.com\/blogdalucianaoliveira.com.br\/blog\/wp-content\/uploads\/2019\/05\/guarad.jpg?resize=1024%2C512 1024w, https:\/\/i0.wp.com\/blogdalucianaoliveira.com.br\/blog\/wp-content\/uploads\/2019\/05\/guarad.jpg?resize=600%2C300 600w, https:\/\/i0.wp.com\/blogdalucianaoliveira.com.br\/blog\/wp-content\/uploads\/2019\/05\/guarad.jpg?w=1200 1200w\" sizes=\"auto, (max-width: 600px) 100vw, 600px\" \/><\/p>\n<p>The Intercept, por Lucas Figueiredo &#8211; NAS \u00daLTIMAS SEMANAS, um questionamento se imp\u00f4s no cen\u00e1rio pol\u00edtico: Jair Bolsonaro conseguir\u00e1 concluir seu governo? Por enquanto, s\u00f3 \u00e9 poss\u00edvel dizer uma coisa: depende. <!--more--><\/p>\n<p>Depende por exemplo de como se dar\u00e1 a evolu\u00e7\u00e3o da din\u00e2mica que sincroniza (ou desalinha) movimentos sociais, elites, imprensa e Congresso. Ou, numa outra vertente, depende tamb\u00e9m do comportamento dos servi\u00e7os secretos (civil e militares),  \u00f3rg\u00e3os inclinados, como se viu nos \u00faltimos 60 anos, \u00e0 sabotagem de governos por meio de atividades clandestinas. Se essa segunda hip\u00f3tese vai prosperar, n\u00e3o se sabe. Uma coisa certa, por\u00e9m: as pe\u00e7as est\u00e3o no tabuleiro e j\u00e1 come\u00e7am a ser movimentadas.<!--more--><\/p>\n<p>Partiu do presidente o gesto mais ostensivo que mostra que o tabuleiro se agita. No in\u00edcio do m\u00eas, foi anunciada a troca do diretor-geral da Ag\u00eancia Brasileira de Intelig\u00eancia, a Abin. Sai o veterano Jan\u00e9r Tesch Hosken Alvarenga, forjado no famigerado Servi\u00e7o Nacional de Informa\u00e7\u00f5es, o SNI, um dos pilares da ditadura civil-militar de 1964-85 \u2013 sim, alguns deles ainda continuam por l\u00e1. Em seu lugar, entra o delegado da Pol\u00edcia Federal Alexandre Ramagem Rodrigues, cuja principal credencial \u00e9 ter sido coordenador da seguran\u00e7a pessoal do ent\u00e3o candidato Jair Bolsonaro ap\u00f3s o atentado a faca em Juiz de Fora (MG) em setembro de 2018.<\/p>\n<p>Em tempos de fraquejada no estado democr\u00e1tico de direito e de interven\u00e7\u00e3o no cen\u00e1rio pol\u00edtico por parte de aparatos estatais das \u00e1reas de defesa e de seguran\u00e7a p\u00fablica, a Abin ganha um car\u00e1ter ainda mais estrat\u00e9gico no organograma do Estado. Ningu\u00e9m que trabalha no \u00f3rg\u00e3o gosta que se diga, mas ele \u00e9 o servi\u00e7o secreto. Resultado de uma transi\u00e7\u00e3o democr\u00e1tica que come\u00e7ou em 1985 e se perdeu no caminho, o \u00f3rg\u00e3o \u00e9 uma aberra\u00e7\u00e3o institucional: a rigor, \u00e9 civil, mas est\u00e1 subordinado aos generais do Gabinete de Seguran\u00e7a Institucional, o GSI (a nova nomenclatura do velho Gabinete Militar). Atua tanto no campo interno quanto no campo externo, um raio de a\u00e7\u00e3o gigantesco, coisa impens\u00e1vel nos cong\u00eaneres de pa\u00edses como Estados Unidos, Inglaterra, Fran\u00e7a e Alemanha.<\/p>\n<p>E, como \u00e9 da natureza dos servi\u00e7os secretos em todo o mundo, a Abin se move nas sombras e por caminhos clandestinos (e praticamente sem fiscaliza\u00e7\u00e3o externa).<\/p>\n<p>Nascida de uma costela do Ex\u00e9rcito em 1956, quando a Guerra Fria come\u00e7ava a entrar em um de seus momentos mais tensos, o servi\u00e7o secreto civil do Brasil sempre foi tangido pelos militares. A partir de 1994, quando o ingresso no quadro funcional da Abin passou a ser feito exclusivamente por meio de concurso p\u00fablico, surgiu uma nova ala, a dos concursados, majoritariamente civil. Aos poucos, essa ala ganhou alguma for\u00e7a interna, por\u00e9m at\u00e9 hoje n\u00e3o conseguiu conquistar a dire\u00e7\u00e3o do \u00f3rg\u00e3o, como \u00e9 sua aspira\u00e7\u00e3o.<\/p>\n<p>Militares e concursados abancados na Abin atuam em canais pr\u00f3prios e com interesses muitas vezes divergentes, mas sempre se uniram para sabotar os indicados a diretor-geral do \u00f3rg\u00e3o que eram estranhos no ninho. Que o digam Mauro Marcelo de Lima e Silva (delegado da Pol\u00edcia Civil de S\u00e3o Paulo) e Paulo Lacerda (delegado da Pol\u00edcia Federal aposentado), at\u00e9 hoje os dois \u00fanicos forasteiros que comandaram a Abin, ambos no governo Lula, e que foram demitidos em meio a crises estimuladas artificialmente pelo pr\u00f3prio servi\u00e7o secreto.<\/p>\n<p>N\u00e3o \u00e9 de se estranhar, portanto, conforme apurei, que militares e concursados do condom\u00ednio Abin\/GSI n\u00e3o tenham gostado de saber que Bolsonaro colocar\u00e1 um delegado da Pol\u00edcia Federal no comando do servi\u00e7o secreto.<\/p>\n<p>O presidente certamente sabe do vespeiro em que pode se meter, mas est\u00e1 decidido a ir em frente por um motivo simples: ele acredita que o delegado Rodrigues, at\u00e9 poucos meses atr\u00e1s respons\u00e1vel por sua seguran\u00e7a pessoal, \u00e9 o homem mais indicado para proteg\u00ea-lo da potencial for\u00e7a desestabilizadora do servi\u00e7o secreto. Uma estrat\u00e9gia arriscada, bem ao estilo Bolsonaro.<\/p>\n<p>O presidente pisa em terreno movedi\u00e7o conforme sugere o hist\u00f3rico dos casos de mandat\u00e1rios sabotados pelos servi\u00e7os secretos. Juscelino Kubitschek, que criou o servi\u00e7o secreto civil em 1956 (na \u00e9poca, a reparti\u00e7\u00e3o respondia pela sigla SFICI, Servi\u00e7o Federal de Informa\u00e7\u00f5es e Contra-informa\u00e7\u00e3o), teve seus telefones sistematicamente grampeados pelo \u00f3rg\u00e3o a partir de 1961. Quando o ditador Ernesto Geisel demitiu o radical comandante do Ex\u00e9rcito S\u00edlvio Frota, em 1977, uma ala do Centro de Informa\u00e7\u00f5es do Ex\u00e9rcito, o CIE, cogitou atacar o Pal\u00e1cio do Planalto e chegou a produzir 300 coquet\u00e9is molotov.<\/p>\n<p>A ru\u00edna moral e pol\u00edtica do governo do general Jo\u00e3o Baptista Figueiredo come\u00e7ou em 1981, quando agentes do CIE e do SNI se meteram no frustrado atentado do Riocentro. Em 1984, o servi\u00e7o secreto do Ex\u00e9rcito acionou cinco de seus agentes (Monstrengo, Pav\u00e3o, Pudim, Z\u00e9 Gat\u00e3o e Marc\u00e3o) para armar uma opera\u00e7\u00e3o de sabotagem da candidatura presidencial de Tancredo Neves no Col\u00e9gio Eleitoral. Quatorze anos depois, o ent\u00e3o presidente Fernando Henrique Cardoso se enrolou no caso do grampo do BNDES, quando agentes da se\u00e7\u00e3o fluminense da SSI (Subsecretaria de Intelig\u00eancia, antecessor da Abin) grampearam clandestinamente uma conversa telef\u00f4nica em que FHC e o presidente do Banco Nacional de Desenvolvimento Econ\u00f4mico e Social, Andr\u00e9 Lara Resende, faziam acertos nada republicanos em torno da venda da Telebr\u00e1s (na maior privatiza\u00e7\u00e3o realizada at\u00e9 hoje no Brasil, a empresa foi queimada por R$ 22 bilh\u00f5es, em pre\u00e7o da \u00e9poca).<\/p>\n<p>J\u00e1 o primeiro esc\u00e2ndalo do governo Lula tamb\u00e9m contou com o envolvimento dos servi\u00e7os secretos: em 2003, Waldomiro Diniz, assessor da Casa Civil ligado ao ent\u00e3o todo-poderoso ministro da pasta, Jos\u00e9 Dirceu, foi flagrado por c\u00e2meras ocultas em duas ocasi\u00f5es embara\u00e7osas. Na primeira, pedia propina a um bicheiro; na outra, fazia uma suspeita troca de valises no sagu\u00e3o do aeroporto de Bras\u00edlia. Os v\u00eddeos, providencialmente vazados na imprensa, tinham sido produzidos numa opera\u00e7\u00e3o da qual haviam participado um informante da Abin e um agente do servi\u00e7o secreto da Aeron\u00e1utica.<\/p>\n<p>A op\u00e7\u00e3o de Bolsonaro por botar seu guarda-costas-chefe na dire\u00e7\u00e3o da Abin pode n\u00e3o ter o efeito esperado, j\u00e1 que o \u00f3rg\u00e3o continuar\u00e1 subordinado ao GSI \u2013 leia-se, ao general quatro estrelas Augusto Heleno Ribeiro Pereira. Curiosamente, Heleno \u00e9 um dos poucos militares da c\u00fapula do governo que ainda n\u00e3o se pronunciaram publicamente sobre a disputa escatol\u00f3gica travada pelo escritor Olavo de Carvalho contra a ala militar do Planalto. Carvalho, que prega aos berros o fim da suposta tutela militar sobre o presidente \u2013 e o faz com o apoio de Jair, Eduardo e Carlos Bolsonaro \u2013 j\u00e1 foi peitado pelos generais Hamilton Mour\u00e3o (vice-presidente), Carlos Alberto dos Santos Cruz (Secretaria de Governo) e Eduardo Villas B\u00f4as (atual assessor do GSI e ex-comandante do Ex\u00e9rcito). Heleno, contudo, est\u00e1 calado. Por enquanto.<\/p>\n<p>Caso decidam abrir seu saco de maldades contra Bolsonaro, os militares n\u00e3o contam apenas com a Abin, mas tamb\u00e9m com os tr\u00eas servi\u00e7os secretos militares, o Centro de Intelig\u00eancia da Marinha, o Centro de Intelig\u00eancia do Ex\u00e9rcito e o Centro de Intelig\u00eancia da Aeron\u00e1utica. N\u00e3o seria uma atitude in\u00e9dita o uso dos servi\u00e7os secretos militares em a\u00e7\u00f5es clandestinas para influir no cen\u00e1rio pol\u00edtico em meio a crises. Isso j\u00e1 ocorreu diversas vezes no per\u00edodo p\u00f3s-ditadura, e n\u00e3o \u00e9 preciso ir muito longe para citar um caso.<\/p>\n<p>Em 2016, o CIE infiltrou o capit\u00e3o Willian Pina Botelho em movimentos populares que lutavam contra o impeachment da presidente Dilma Rousseff. Fazendo-se passar por ativista, o agente, sob o falso cognome de Balta Nunes, conquistou a confian\u00e7a de organizadores de protestos de rua e passou a atuar como espi\u00e3o. Por obra do acaso, o militar infiltrado acabou desmascarado num ato anti-impeachment realizado na avenida Paulista, em S\u00e3o Paulo, em setembro daquele ano.<\/p>\n<p>A c\u00fapula do Ex\u00e9rcito, contudo, n\u00e3o se encabulou. Tr\u00eas meses depois do epis\u00f3dio, mesmo sendo investigado pelo Minist\u00e9rio P\u00fablico por conta de sua conduta como espi\u00e3o de movimentos sociais, o agente foi promovido a major por ningu\u00e9m menos que o pr\u00f3prio comandante do Ex\u00e9rcito na \u00e9poca, Eduardo Villas B\u00f4as \u2013 sim, ele mesmo, o general que hoje est\u00e1 lotado no GSI e que trava a batalha p\u00fablica contra o ide\u00f3logo bolsonarista Olavo de Carvalho.<\/p>\n<p>Ao rifar os generais que lhe deram suporte para chegar ao Pal\u00e1cio do Planalto, o presidente parece desconhecer os calcanhares de Aquiles que ele e sua fam\u00edlia t\u00eam (uma carreira militar salpicada de casos mal explicados, a rela\u00e7\u00e3o de proximidade com milicianos, uma penca de funcion\u00e1rios fantasmas em gabinetes parlamentares, os \u201crolos\u201d financeiros milion\u00e1rios do faz-tudo Fabricio Queiroz, a malha subterr\u00e2nea que opera fake news nas redes sociais etc.). Com a estrutura, o know-how e os contatos que t\u00eam, n\u00e3o seria dif\u00edcil para agentes da Abin ou dos servi\u00e7os secretos militares levantarem informa\u00e7\u00f5es que, nas m\u00e3os certas, poderiam ser desastrosas para Bolsonaro.<\/p>\n<p>Alheio a tudo, o presidente permanece botando press\u00e3o nos militares entrincheirados na Pra\u00e7a dos Tr\u00eas Poderes e na Esplanada dos Minist\u00e9rios. Morde muito, mas de vez em quando assopra. No in\u00edcio do m\u00eas, ao baixar o pol\u00eamico decreto que facilita o porte de armas, Bolsonaro incluiu a Abin na rela\u00e7\u00e3o de \u00f3rg\u00e3os cujos funcion\u00e1rios contar\u00e3o com facilidades para andar com rev\u00f3lveres na cintura, uma demanda antiga dos agentes. Na pr\u00e1tica, eles n\u00e3o precisam disso. Com apenas uma chave de fenda e os contatos certos, eles j\u00e1 podem causar um bom estrago.<\/p>\n","protected":false},"excerpt":{"rendered":"<p>The Intercept, por Lucas Figueiredo &#8211; NAS \u00daLTIMAS SEMANAS, um questionamento se imp\u00f4s no cen\u00e1rio pol\u00edtico: Jair Bolsonaro conseguir\u00e1 concluir seu governo? Por enquanto, s\u00f3 \u00e9 poss\u00edvel dizer uma coisa: depende.<\/p>\n","protected":false},"author":1,"featured_media":0,"comment_status":"closed","ping_status":"open","sticky":false,"template":"","format":"standard","meta":{"_exactmetrics_skip_tracking":false,"_exactmetrics_sitenote_active":false,"_exactmetrics_sitenote_note":"","_exactmetrics_sitenote_category":0,"jetpack_post_was_ever_published":false,"_jetpack_newsletter_access":"","_jetpack_dont_email_post_to_subs":false,"_jetpack_newsletter_tier_id":0,"_jetpack_memberships_contains_paywalled_content":false,"_jetpack_memberships_contains_paid_content":false,"footnotes":"","jetpack_publicize_message":"","jetpack_publicize_feature_enabled":true,"jetpack_social_post_already_shared":true,"jetpack_social_options":{"image_generator_settings":{"template":"highway","enabled":false},"version":2}},"categories":[1],"tags":[],"class_list":["post-21958","post","type-post","status-publish","format-standard","hentry","category-notas"],"jetpack_publicize_connections":[],"jetpack_sharing_enabled":true,"jetpack_featured_media_url":"","jetpack_shortlink":"https:\/\/wp.me\/p7wKYW-5Ia","jetpack-related-posts":[],"_links":{"self":[{"href":"http:\/\/blogdalucianaoliveira.com.br\/blog\/wp-json\/wp\/v2\/posts\/21958","targetHints":{"allow":["GET"]}}],"collection":[{"href":"http:\/\/blogdalucianaoliveira.com.br\/blog\/wp-json\/wp\/v2\/posts"}],"about":[{"href":"http:\/\/blogdalucianaoliveira.com.br\/blog\/wp-json\/wp\/v2\/types\/post"}],"author":[{"embeddable":true,"href":"http:\/\/blogdalucianaoliveira.com.br\/blog\/wp-json\/wp\/v2\/users\/1"}],"replies":[{"embeddable":true,"href":"http:\/\/blogdalucianaoliveira.com.br\/blog\/wp-json\/wp\/v2\/comments?post=21958"}],"version-history":[{"count":3,"href":"http:\/\/blogdalucianaoliveira.com.br\/blog\/wp-json\/wp\/v2\/posts\/21958\/revisions"}],"predecessor-version":[{"id":22176,"href":"http:\/\/blogdalucianaoliveira.com.br\/blog\/wp-json\/wp\/v2\/posts\/21958\/revisions\/22176"}],"wp:attachment":[{"href":"http:\/\/blogdalucianaoliveira.com.br\/blog\/wp-json\/wp\/v2\/media?parent=21958"}],"wp:term":[{"taxonomy":"category","embeddable":true,"href":"http:\/\/blogdalucianaoliveira.com.br\/blog\/wp-json\/wp\/v2\/categories?post=21958"},{"taxonomy":"post_tag","embeddable":true,"href":"http:\/\/blogdalucianaoliveira.com.br\/blog\/wp-json\/wp\/v2\/tags?post=21958"}],"curies":[{"name":"wp","href":"https:\/\/api.w.org\/{rel}","templated":true}]}}