{"id":21964,"date":"2019-05-29T08:09:31","date_gmt":"2019-05-29T12:09:31","guid":{"rendered":"http:\/\/blogdalucianaoliveira.com.br\/blog\/?p=21964"},"modified":"2019-05-29T08:09:31","modified_gmt":"2019-05-29T12:09:31","slug":"enem-tem-o-menor-numero-de-inscritos-desde-2010","status":"publish","type":"post","link":"http:\/\/blogdalucianaoliveira.com.br\/blog\/2019\/05\/29\/enem-tem-o-menor-numero-de-inscritos-desde-2010\/","title":{"rendered":"Enem tem o menor n\u00famero de inscritos desde 2010"},"content":{"rendered":"<p><img data-recalc-dims=\"1\" loading=\"lazy\" decoding=\"async\" data-attachment-id=\"21966\" data-permalink=\"http:\/\/blogdalucianaoliveira.com.br\/blog\/2019\/05\/29\/enem-tem-o-menor-numero-de-inscritos-desde-2010\/a3eb7790-bf02-4307-a482-ce1311b10933\/\" data-orig-file=\"https:\/\/i0.wp.com\/blogdalucianaoliveira.com.br\/blog\/wp-content\/uploads\/2019\/05\/A3EB7790-BF02-4307-A482-CE1311B10933.jpeg?fit=678%2C452\" data-orig-size=\"678,452\" data-comments-opened=\"0\" data-image-meta=\"{&quot;aperture&quot;:&quot;0&quot;,&quot;credit&quot;:&quot;&quot;,&quot;camera&quot;:&quot;&quot;,&quot;caption&quot;:&quot;&quot;,&quot;created_timestamp&quot;:&quot;0&quot;,&quot;copyright&quot;:&quot;&quot;,&quot;focal_length&quot;:&quot;0&quot;,&quot;iso&quot;:&quot;0&quot;,&quot;shutter_speed&quot;:&quot;0&quot;,&quot;title&quot;:&quot;&quot;,&quot;orientation&quot;:&quot;0&quot;}\" data-image-title=\"A3EB7790-BF02-4307-A482-CE1311B10933\" data-image-description=\"\" data-image-caption=\"\" data-medium-file=\"https:\/\/i0.wp.com\/blogdalucianaoliveira.com.br\/blog\/wp-content\/uploads\/2019\/05\/A3EB7790-BF02-4307-A482-CE1311B10933.jpeg?fit=300%2C200\" data-large-file=\"https:\/\/i0.wp.com\/blogdalucianaoliveira.com.br\/blog\/wp-content\/uploads\/2019\/05\/A3EB7790-BF02-4307-A482-CE1311B10933.jpeg?fit=600%2C400\" src=\"https:\/\/i0.wp.com\/blogdalucianaoliveira.com.br\/blog\/wp-content\/uploads\/2019\/05\/A3EB7790-BF02-4307-A482-CE1311B10933.jpeg?resize=600%2C400\" alt=\"A3EB7790-BF02-4307-A482-CE1311B10933\" width=\"600\" height=\"400\" class=\"alignnone size-full wp-image-21966\" srcset=\"https:\/\/i0.wp.com\/blogdalucianaoliveira.com.br\/blog\/wp-content\/uploads\/2019\/05\/A3EB7790-BF02-4307-A482-CE1311B10933.jpeg?w=678 678w, https:\/\/i0.wp.com\/blogdalucianaoliveira.com.br\/blog\/wp-content\/uploads\/2019\/05\/A3EB7790-BF02-4307-A482-CE1311B10933.jpeg?resize=300%2C200 300w, https:\/\/i0.wp.com\/blogdalucianaoliveira.com.br\/blog\/wp-content\/uploads\/2019\/05\/A3EB7790-BF02-4307-A482-CE1311B10933.jpeg?resize=450%2C300 450w\" sizes=\"auto, (max-width: 600px) 100vw, 600px\" \/><\/p>\n<p>O Exame Nacional do Ensino M\u00e9dio (Enem) 2019 teve 5,09 milh\u00f5es de inscri\u00e7\u00f5es confirmadas, de acordo com o Instituto Nacional de Estudos e Pesquisas Educacionais An\u00edsio Teixeira (Inep). O balan\u00e7o, divulgado nesta ter\u00e7a-feira (28), considera o total de isentos e de pessoas que pagaram o boleto de R$ 85 que venceu na quinta (23).<!--more--><\/p>\n<p>O n\u00famero de participantes confirmados \u00e9 o menor desde 2010, quando 4,62 milh\u00f5es de pessoas terminaram o processo de inscri\u00e7\u00e3o aptas a participar do exame.<\/p>\n<p>O percentual de estudantes que confirmaram a inscri\u00e7\u00e3o, em rela\u00e7\u00e3o ao total de inscri\u00e7\u00f5es feitas, foi o menor registrado na s\u00e9rie hist\u00f3rica, que vai de 2015 a 2019. Em 2019, 79,8% dos inscritos confirmaram a participa\u00e7\u00e3o. O maior percentual de confirma\u00e7\u00e3o ocorreu em 2016, quando 93% dos participantes conclu\u00edram a inscri\u00e7\u00e3o.<\/p>\n<p>Os pagantes da taxa de inscri\u00e7\u00e3o representam 41,5% dos participantes em 2019. A taxa de inscri\u00e7\u00e3o custou R$ 85 neste ano. No ano passado, o percentual de pagantes foi menor: 36,1% do total.<\/p>\n<p>A propor\u00e7\u00e3o de estudantes isentos da taxa foi a menor registrada na s\u00e9rie hist\u00f3rica, que tem in\u00edcio em 2015. No ano de 2016 foi registrado o maior percentual de isen\u00e7\u00f5es: 76,81% dos estudantes n\u00e3o pagaram a taxa de inscri\u00e7\u00e3o naquele ano.<\/p>\n<p>As mulheres seguem sendo a maioria entre os candidatos do Enem: 59,5% dos participantes confirmados s\u00e3o do sexo feminino, contra 40,5% do sexo masculino.<\/p>\n<p>Em rela\u00e7\u00e3o \u00e0 faixa et\u00e1ria, o grupo mais prevalente (26,7%) tem de 21 a 30 anos. Neste ano, 17,8% das inscri\u00e7\u00f5es confirmadas s\u00e3o de estudantes de 17 anos e 15,9% de alunos com 18 anos.<\/p>\n<p>A maior parte dos candidatos confirmados \u00e9 negra: 46,4% se autodeclararam pardos e 12,7%, pretos. Brancos s\u00e3o 36% dos confirmados.<\/p>\n<p>Em rela\u00e7\u00e3o \u00e0 situa\u00e7\u00e3o escolar, 28,8% das inscri\u00e7\u00f5es s\u00e3o de estudantes que concluem o ensino m\u00e9dio neste ano. Os egressos, aqueles que j\u00e1 se formaram em anos anteriores, representam 58,7%. E os treineiros, participantes que n\u00e3o v\u00e3o concluir a educa\u00e7\u00e3o b\u00e1sica em 2019, s\u00e3o 12,1% dos inscritos.<\/p>\n<p>O Sudeste \u00e9 a regi\u00e3o com maior percentual de inscritos: 35% dos candidatos confirmados moram na regi\u00e3o. O Nordeste tem 34% dos inscritos, seguido do Norte, com 12% das candidaturas. O Sul tem 11% dos confirmados e o Centro-Oeste, 8%.<\/p>\n<p>Do G1<\/p>\n","protected":false},"excerpt":{"rendered":"<p>O Exame Nacional do Ensino M\u00e9dio (Enem) 2019 teve 5,09 milh\u00f5es de inscri\u00e7\u00f5es confirmadas, de acordo com o Instituto Nacional de Estudos e Pesquisas Educacionais An\u00edsio Teixeira (Inep). O balan\u00e7o, divulgado nesta ter\u00e7a-feira (28), considera o total de isentos e de pessoas que pagaram o boleto de R$ 85 que venceu na quinta (23).<\/p>\n","protected":false},"author":1,"featured_media":0,"comment_status":"closed","ping_status":"open","sticky":false,"template":"","format":"standard","meta":{"_exactmetrics_skip_tracking":false,"_exactmetrics_sitenote_active":false,"_exactmetrics_sitenote_note":"","_exactmetrics_sitenote_category":0,"jetpack_post_was_ever_published":false,"_jetpack_newsletter_access":"","_jetpack_dont_email_post_to_subs":false,"_jetpack_newsletter_tier_id":0,"_jetpack_memberships_contains_paywalled_content":false,"_jetpack_memberships_contains_paid_content":false,"footnotes":"","jetpack_publicize_message":"","jetpack_publicize_feature_enabled":true,"jetpack_social_post_already_shared":true,"jetpack_social_options":{"image_generator_settings":{"template":"highway","enabled":false},"version":2}},"categories":[1],"tags":[],"class_list":["post-21964","post","type-post","status-publish","format-standard","hentry","category-notas"],"jetpack_publicize_connections":[],"jetpack_sharing_enabled":true,"jetpack_featured_media_url":"","jetpack_shortlink":"https:\/\/wp.me\/p7wKYW-5Ig","jetpack-related-posts":[],"_links":{"self":[{"href":"http:\/\/blogdalucianaoliveira.com.br\/blog\/wp-json\/wp\/v2\/posts\/21964","targetHints":{"allow":["GET"]}}],"collection":[{"href":"http:\/\/blogdalucianaoliveira.com.br\/blog\/wp-json\/wp\/v2\/posts"}],"about":[{"href":"http:\/\/blogdalucianaoliveira.com.br\/blog\/wp-json\/wp\/v2\/types\/post"}],"author":[{"embeddable":true,"href":"http:\/\/blogdalucianaoliveira.com.br\/blog\/wp-json\/wp\/v2\/users\/1"}],"replies":[{"embeddable":true,"href":"http:\/\/blogdalucianaoliveira.com.br\/blog\/wp-json\/wp\/v2\/comments?post=21964"}],"version-history":[{"count":1,"href":"http:\/\/blogdalucianaoliveira.com.br\/blog\/wp-json\/wp\/v2\/posts\/21964\/revisions"}],"predecessor-version":[{"id":21967,"href":"http:\/\/blogdalucianaoliveira.com.br\/blog\/wp-json\/wp\/v2\/posts\/21964\/revisions\/21967"}],"wp:attachment":[{"href":"http:\/\/blogdalucianaoliveira.com.br\/blog\/wp-json\/wp\/v2\/media?parent=21964"}],"wp:term":[{"taxonomy":"category","embeddable":true,"href":"http:\/\/blogdalucianaoliveira.com.br\/blog\/wp-json\/wp\/v2\/categories?post=21964"},{"taxonomy":"post_tag","embeddable":true,"href":"http:\/\/blogdalucianaoliveira.com.br\/blog\/wp-json\/wp\/v2\/tags?post=21964"}],"curies":[{"name":"wp","href":"https:\/\/api.w.org\/{rel}","templated":true}]}}