{"id":21968,"date":"2019-05-29T08:16:37","date_gmt":"2019-05-29T12:16:37","guid":{"rendered":"http:\/\/blogdalucianaoliveira.com.br\/blog\/?p=21968"},"modified":"2019-05-29T08:16:37","modified_gmt":"2019-05-29T12:16:37","slug":"ministra-mexicana-renuncia-apos-causar-atraso-em-voo","status":"publish","type":"post","link":"http:\/\/blogdalucianaoliveira.com.br\/blog\/2019\/05\/29\/ministra-mexicana-renuncia-apos-causar-atraso-em-voo\/","title":{"rendered":"Ministra mexicana renuncia ap\u00f3s causar atraso em voo"},"content":{"rendered":"<p><img data-recalc-dims=\"1\" loading=\"lazy\" decoding=\"async\" data-attachment-id=\"21969\" data-permalink=\"http:\/\/blogdalucianaoliveira.com.br\/blog\/2019\/05\/29\/ministra-mexicana-renuncia-apos-causar-atraso-em-voo\/2e24824e-e064-4a43-9dd1-9235690424f4\/\" data-orig-file=\"https:\/\/i0.wp.com\/blogdalucianaoliveira.com.br\/blog\/wp-content\/uploads\/2019\/05\/2E24824E-E064-4A43-9DD1-9235690424F4.jpeg?fit=720%2C438\" data-orig-size=\"720,438\" data-comments-opened=\"0\" data-image-meta=\"{&quot;aperture&quot;:&quot;0&quot;,&quot;credit&quot;:&quot;&quot;,&quot;camera&quot;:&quot;&quot;,&quot;caption&quot;:&quot;&quot;,&quot;created_timestamp&quot;:&quot;0&quot;,&quot;copyright&quot;:&quot;&quot;,&quot;focal_length&quot;:&quot;0&quot;,&quot;iso&quot;:&quot;0&quot;,&quot;shutter_speed&quot;:&quot;0&quot;,&quot;title&quot;:&quot;&quot;,&quot;orientation&quot;:&quot;0&quot;}\" data-image-title=\"2E24824E-E064-4A43-9DD1-9235690424F4\" data-image-description=\"\" data-image-caption=\"\" data-medium-file=\"https:\/\/i0.wp.com\/blogdalucianaoliveira.com.br\/blog\/wp-content\/uploads\/2019\/05\/2E24824E-E064-4A43-9DD1-9235690424F4.jpeg?fit=300%2C183\" data-large-file=\"https:\/\/i0.wp.com\/blogdalucianaoliveira.com.br\/blog\/wp-content\/uploads\/2019\/05\/2E24824E-E064-4A43-9DD1-9235690424F4.jpeg?fit=600%2C365\" src=\"https:\/\/i0.wp.com\/blogdalucianaoliveira.com.br\/blog\/wp-content\/uploads\/2019\/05\/2E24824E-E064-4A43-9DD1-9235690424F4.jpeg?resize=600%2C365\" alt=\"2E24824E-E064-4A43-9DD1-9235690424F4\" width=\"600\" height=\"365\" class=\"alignnone size-full wp-image-21969\" srcset=\"https:\/\/i0.wp.com\/blogdalucianaoliveira.com.br\/blog\/wp-content\/uploads\/2019\/05\/2E24824E-E064-4A43-9DD1-9235690424F4.jpeg?w=720 720w, https:\/\/i0.wp.com\/blogdalucianaoliveira.com.br\/blog\/wp-content\/uploads\/2019\/05\/2E24824E-E064-4A43-9DD1-9235690424F4.jpeg?resize=300%2C183 300w, https:\/\/i0.wp.com\/blogdalucianaoliveira.com.br\/blog\/wp-content\/uploads\/2019\/05\/2E24824E-E064-4A43-9DD1-9235690424F4.jpeg?resize=493%2C300 493w\" sizes=\"auto, (max-width: 600px) 100vw, 600px\" \/><\/p>\n<p>No Deutsche Welle &#8211; O corte de privil\u00e9gios de pol\u00edticos e funcion\u00e1rios p\u00fablicos, bandeira do presidente do M\u00e9xico, Andr\u00e9s Manuel L\u00f3pez Obrador, provocou uma importante baixa em sua equipe de governo com a ren\u00fancia da ministra do Meio Ambiente e Recursos Naturais.<!--more--><\/p>\n<p>Josefa Gonz\u00e1lez Blanco foi for\u00e7ada a entregar o cargo em meio a duras cr\u00edticas ap\u00f3s ter feito uma empresa a\u00e9rea atrasar a decolagem de um voo comercial que ela estava prestes a perder.<\/p>\n<p>Em sua carta de ren\u00fancia, ela admitiu que errou ao provocar atraso aos outros passageiros a bordo. \u201cN\u00e3o h\u00e1 justificativa. A verdadeira transforma\u00e7\u00e3o do M\u00e9xico exige alinhamento total com os valores de igualdade e justi\u00e7a\u201d, disse a ministra.<\/p>\n<p>\u201cNingu\u00e9m deveria ter privil\u00e9gios, ou os benef\u00edcios de um. Mesmo no cumprimento de seus deveres, n\u00e3o se pode estar acima do bem-estar da maioria\u201d, acrescentou.<\/p>\n<p>O presidente L\u00f3pez Obrador afirmou que Gonz\u00e1lez Blanco \u201ccontou muito honestamente o que havia ocorrido\u201d a ele e \u201ccolocou sua ren\u00fancia \u00e0 disposi\u00e7\u00e3o\u201d. \u201cE eu aceitei\u201d, declarou.<\/p>\n<p>A ministra faria uma viagem a trabalho da Cidade do M\u00e9xico para Mexicali, na fronteira com os Estados Unidos, na \u00faltima sexta-feira (24\/05), quando se atrasou por motivos que n\u00e3o foram esclarecidos.<\/p>\n<p>Situa\u00e7\u00e3o lament\u00e1vel<\/p>\n<p>O presidente mexicano contou que, por conta do atraso, Gonz\u00e1lez Blanco pediu a um executivo da companhia a\u00e9rea Aerom\u00e9xico \u2013 de quem a ministra seria amiga \u2013 para manter a aeronave em solo at\u00e9 que ela conseguisse chegar ao aeroporto na capital mexicana.<\/p>\n<p>\u201cEles tiveram que esperar por ela\u201d, contou L\u00f3pez Obrador no \u00faltimo s\u00e1bado, ao descrever o que chamou de \u201cuma situa\u00e7\u00e3o muito lament\u00e1vel\u201d.<\/p>\n<p>Um passageiro que documentou o atraso no Twitter afirmou que o voo 198 da Aerom\u00e9xico estava prestes a decolar quando o piloto anunciou que a aeronave teria que retornar ao terminal para buscar um passageiro atrasado ap\u00f3s \u201cordem presidencial\u201d.<\/p>\n<p>O incidente gerou um atraso de 38 minutos. Quando Gonz\u00e1lez Blanco embarcou no avi\u00e3o, o passageiro tirou uma foto da ministra e a compartilhou nas redes sociais num post cr\u00edtico ao que acabara de ocorrer.<\/p>\n<p>Ap\u00f3s sua sa\u00edda do cargo, Gonz\u00e1lez Blanco deixou claro que o presidente mexicano n\u00e3o teve qualquer rela\u00e7\u00e3o com o incidente. \u201cEu sou a \u00fanica pessoa a se culpar. O presidente nunca interveio\u201d, escreveu ela no Twitter.<\/p>\n<p>L\u00f3pez Obrador tomou posse no M\u00e9xico em dezembro passado prometendo liderar uma transforma\u00e7\u00e3o hist\u00f3rica na sociedade mexicana e governar para o povo.<\/p>\n<p>Ponto importante dessa promessa foi a restri\u00e7\u00e3o dos privil\u00e9gios de pol\u00edticos e funcion\u00e1rios p\u00fablicos mexicanos, o que inclui obrig\u00e1-los a voar em voos comerciais em vez de em jatos particulares ou helic\u00f3pteros.<\/p>\n<p>\u201cN\u00e3o podemos ter um governo rico e um povo pobre\u201d, disse ele, que colocou o avi\u00e3o presidencial \u00e0 venda na v\u00e9spera de sua posse.<\/p>\n<p>O presidente tamb\u00e9m se recusou a viver na antiga resid\u00eancia governamental, j\u00e1 transformada em um centro cultural aberto ao p\u00fablico, e segue na mesma casa em que vivia antes da elei\u00e7\u00e3o.<\/p>\n<p>No s\u00e1bado, ele disse que aceitou a ren\u00fancia da ministra do Meio Ambiente porque tal comportamento \u00e9 incompat\u00edvel com seu desejo de transformar o M\u00e9xico.<\/p>\n<p>\u201cN\u00e3o podemos falhar em nada. Quando cometemos um erro assim, temos que assumi-lo e renunciar\u201d, afirmou. \u201cEmbora possa parecer uma medida dr\u00e1stica, en\u00e9rgica, n\u00e3o temos o direito de errar em nada.\u201d<\/p>\n","protected":false},"excerpt":{"rendered":"<p>No Deutsche Welle &#8211; O corte de privil\u00e9gios de pol\u00edticos e funcion\u00e1rios p\u00fablicos, bandeira do presidente do M\u00e9xico, Andr\u00e9s Manuel L\u00f3pez Obrador, provocou uma importante baixa em sua equipe de governo com a ren\u00fancia da ministra do Meio Ambiente e Recursos Naturais.<\/p>\n","protected":false},"author":1,"featured_media":0,"comment_status":"closed","ping_status":"open","sticky":false,"template":"","format":"standard","meta":{"_exactmetrics_skip_tracking":false,"_exactmetrics_sitenote_active":false,"_exactmetrics_sitenote_note":"","_exactmetrics_sitenote_category":0,"jetpack_post_was_ever_published":false,"_jetpack_newsletter_access":"","_jetpack_dont_email_post_to_subs":false,"_jetpack_newsletter_tier_id":0,"_jetpack_memberships_contains_paywalled_content":false,"_jetpack_memberships_contains_paid_content":false,"footnotes":"","jetpack_publicize_message":"","jetpack_publicize_feature_enabled":true,"jetpack_social_post_already_shared":true,"jetpack_social_options":{"image_generator_settings":{"template":"highway","enabled":false},"version":2}},"categories":[1],"tags":[],"class_list":["post-21968","post","type-post","status-publish","format-standard","hentry","category-notas"],"jetpack_publicize_connections":[],"jetpack_sharing_enabled":true,"jetpack_featured_media_url":"","jetpack_shortlink":"https:\/\/wp.me\/p7wKYW-5Ik","jetpack-related-posts":[],"_links":{"self":[{"href":"http:\/\/blogdalucianaoliveira.com.br\/blog\/wp-json\/wp\/v2\/posts\/21968","targetHints":{"allow":["GET"]}}],"collection":[{"href":"http:\/\/blogdalucianaoliveira.com.br\/blog\/wp-json\/wp\/v2\/posts"}],"about":[{"href":"http:\/\/blogdalucianaoliveira.com.br\/blog\/wp-json\/wp\/v2\/types\/post"}],"author":[{"embeddable":true,"href":"http:\/\/blogdalucianaoliveira.com.br\/blog\/wp-json\/wp\/v2\/users\/1"}],"replies":[{"embeddable":true,"href":"http:\/\/blogdalucianaoliveira.com.br\/blog\/wp-json\/wp\/v2\/comments?post=21968"}],"version-history":[{"count":1,"href":"http:\/\/blogdalucianaoliveira.com.br\/blog\/wp-json\/wp\/v2\/posts\/21968\/revisions"}],"predecessor-version":[{"id":21970,"href":"http:\/\/blogdalucianaoliveira.com.br\/blog\/wp-json\/wp\/v2\/posts\/21968\/revisions\/21970"}],"wp:attachment":[{"href":"http:\/\/blogdalucianaoliveira.com.br\/blog\/wp-json\/wp\/v2\/media?parent=21968"}],"wp:term":[{"taxonomy":"category","embeddable":true,"href":"http:\/\/blogdalucianaoliveira.com.br\/blog\/wp-json\/wp\/v2\/categories?post=21968"},{"taxonomy":"post_tag","embeddable":true,"href":"http:\/\/blogdalucianaoliveira.com.br\/blog\/wp-json\/wp\/v2\/tags?post=21968"}],"curies":[{"name":"wp","href":"https:\/\/api.w.org\/{rel}","templated":true}]}}