{"id":21982,"date":"2019-05-30T06:52:47","date_gmt":"2019-05-30T10:52:47","guid":{"rendered":"http:\/\/blogdalucianaoliveira.com.br\/blog\/?p=21982"},"modified":"2019-05-30T06:52:47","modified_gmt":"2019-05-30T10:52:47","slug":"santuario-jose-de-anchieta-repudia-proposta-do-psl-de-substituir-paulo-freire-como-patrono-da-educacao","status":"publish","type":"post","link":"http:\/\/blogdalucianaoliveira.com.br\/blog\/2019\/05\/30\/santuario-jose-de-anchieta-repudia-proposta-do-psl-de-substituir-paulo-freire-como-patrono-da-educacao\/","title":{"rendered":"Santu\u00e1rio Jos\u00e9 de Anchieta repudia proposta do PSL de substituir Paulo Freire como patrono da Educa\u00e7\u00e3o"},"content":{"rendered":"<p><img data-recalc-dims=\"1\" loading=\"lazy\" decoding=\"async\" data-attachment-id=\"21983\" data-permalink=\"http:\/\/blogdalucianaoliveira.com.br\/blog\/2019\/05\/30\/santuario-jose-de-anchieta-repudia-proposta-do-psl-de-substituir-paulo-freire-como-patrono-da-educacao\/b0ef7e20-6f3a-4279-9bf9-4ba6dae97896\/\" data-orig-file=\"https:\/\/i0.wp.com\/blogdalucianaoliveira.com.br\/blog\/wp-content\/uploads\/2019\/05\/B0EF7E20-6F3A-4279-9BF9-4BA6DAE97896.jpeg?fit=750%2C441\" data-orig-size=\"750,441\" data-comments-opened=\"0\" data-image-meta=\"{&quot;aperture&quot;:&quot;0&quot;,&quot;credit&quot;:&quot;&quot;,&quot;camera&quot;:&quot;&quot;,&quot;caption&quot;:&quot;&quot;,&quot;created_timestamp&quot;:&quot;0&quot;,&quot;copyright&quot;:&quot;&quot;,&quot;focal_length&quot;:&quot;0&quot;,&quot;iso&quot;:&quot;0&quot;,&quot;shutter_speed&quot;:&quot;0&quot;,&quot;title&quot;:&quot;&quot;,&quot;orientation&quot;:&quot;0&quot;}\" data-image-title=\"B0EF7E20-6F3A-4279-9BF9-4BA6DAE97896\" data-image-description=\"\" data-image-caption=\"\" data-medium-file=\"https:\/\/i0.wp.com\/blogdalucianaoliveira.com.br\/blog\/wp-content\/uploads\/2019\/05\/B0EF7E20-6F3A-4279-9BF9-4BA6DAE97896.jpeg?fit=300%2C176\" data-large-file=\"https:\/\/i0.wp.com\/blogdalucianaoliveira.com.br\/blog\/wp-content\/uploads\/2019\/05\/B0EF7E20-6F3A-4279-9BF9-4BA6DAE97896.jpeg?fit=600%2C353\" src=\"https:\/\/i0.wp.com\/blogdalucianaoliveira.com.br\/blog\/wp-content\/uploads\/2019\/05\/B0EF7E20-6F3A-4279-9BF9-4BA6DAE97896.jpeg?resize=600%2C353\" alt=\"B0EF7E20-6F3A-4279-9BF9-4BA6DAE97896\" width=\"600\" height=\"353\" class=\"alignnone size-full wp-image-21983\" srcset=\"https:\/\/i0.wp.com\/blogdalucianaoliveira.com.br\/blog\/wp-content\/uploads\/2019\/05\/B0EF7E20-6F3A-4279-9BF9-4BA6DAE97896.jpeg?w=750 750w, https:\/\/i0.wp.com\/blogdalucianaoliveira.com.br\/blog\/wp-content\/uploads\/2019\/05\/B0EF7E20-6F3A-4279-9BF9-4BA6DAE97896.jpeg?resize=300%2C176 300w, https:\/\/i0.wp.com\/blogdalucianaoliveira.com.br\/blog\/wp-content\/uploads\/2019\/05\/B0EF7E20-6F3A-4279-9BF9-4BA6DAE97896.jpeg?resize=510%2C300 510w\" sizes=\"auto, (max-width: 600px) 100vw, 600px\" \/><\/p>\n<p>DCM &#8211; Em uma rea\u00e7\u00e3o r\u00e1pida a apresenta\u00e7\u00e3o de projeto de lei que objetiva a substitui\u00e7\u00e3o de Paulo Freire pelo padre Anchieta como patrono da educa\u00e7\u00e3o brasileira, no \u00faltimo dia 25, a reitoria do Santu\u00e1rio Nacional S\u00e3o Jos\u00e9 de Anchieta emitiu nota oficial manifestando sua rejei\u00e7\u00e3o \u00e0 proposta.<!--more--><\/p>\n<p>No texto assinado pelos padres jesu\u00edtas Nilson Marostica e Bruno Franguelli, a institui\u00e7\u00e3o religiosa afirma que n\u00e3o pode aceitar que o legado do santo cat\u00f3lico \u201cseja instrumentalizado para fins meramente ideol\u00f3gicos\u201d e ainda ressalta a import\u00e2ncia de Paulo Freire para o Brasil e para o mundo.<\/p>\n<p>Ainda contrapondo a iniciativa do deputado federal Carlos Jordy (PSL-RJ), os sacerdotes respons\u00e1veis pelo Santu\u00e1rio dedicado \u00e0 Anchieta afirmam que tanto o padre, que foi canonizado em 2014, quanto o educador Paulo Freire \u201ccaminham na mesma dire\u00e7\u00e3o\u201d.<\/p>\n<p>Os jesu\u00edtas, em sua nota, ainda alfinetaram o governo de Jair Bolsonaro, do mesmo partido do deputado Jordy. Ao afirmar que Anchieta e Paulo Freire optaram por estar a servi\u00e7o da educa\u00e7\u00e3o dos marginalizados, praticando cada qual em sua \u00e9poca, uma pedagogia do oprimido, deixaram claro que o santo ainda n\u00e3o pode \u201cser proclamado patrono da educa\u00e7\u00e3o em um momento em que a educa\u00e7\u00e3o n\u00e3o parece ser prioridade na agenda do Brasil\u201d.<\/p>\n<p>A nota encerra pedindo respeito ao legado de Anchieta informando que o mesmo deve ser \u201cimitado, mas jamais manipulado\u201d. Ainda segundo o Santu\u00e1rio Nacional S\u00e3o Jos\u00e9 de Anchieta, \u201co primeiro defensor do meio ambiente n\u00e3o pode ser admirado em um momento em que nossas riquezas nacionais est\u00e3o amea\u00e7adas. O primeiro indigenista n\u00e3o pode ser reverenciado nesse tempo em que vemos tribos \u00e9tnicas desamparadas e sendo perseguidas e at\u00e9 expulsas de suas terras\u201d.<\/p>\n<p><img data-recalc-dims=\"1\" loading=\"lazy\" decoding=\"async\" data-attachment-id=\"21984\" data-permalink=\"http:\/\/blogdalucianaoliveira.com.br\/blog\/2019\/05\/30\/santuario-jose-de-anchieta-repudia-proposta-do-psl-de-substituir-paulo-freire-como-patrono-da-educacao\/ef322f6b-5661-47aa-9322-cf1699ced0a3\/\" data-orig-file=\"https:\/\/i0.wp.com\/blogdalucianaoliveira.com.br\/blog\/wp-content\/uploads\/2019\/05\/EF322F6B-5661-47AA-9322-CF1699CED0A3.jpeg?fit=539%2C741\" data-orig-size=\"539,741\" data-comments-opened=\"0\" data-image-meta=\"{&quot;aperture&quot;:&quot;0&quot;,&quot;credit&quot;:&quot;&quot;,&quot;camera&quot;:&quot;&quot;,&quot;caption&quot;:&quot;&quot;,&quot;created_timestamp&quot;:&quot;0&quot;,&quot;copyright&quot;:&quot;&quot;,&quot;focal_length&quot;:&quot;0&quot;,&quot;iso&quot;:&quot;0&quot;,&quot;shutter_speed&quot;:&quot;0&quot;,&quot;title&quot;:&quot;&quot;,&quot;orientation&quot;:&quot;0&quot;}\" data-image-title=\"EF322F6B-5661-47AA-9322-CF1699CED0A3\" data-image-description=\"\" data-image-caption=\"\" data-medium-file=\"https:\/\/i0.wp.com\/blogdalucianaoliveira.com.br\/blog\/wp-content\/uploads\/2019\/05\/EF322F6B-5661-47AA-9322-CF1699CED0A3.jpeg?fit=218%2C300\" data-large-file=\"https:\/\/i0.wp.com\/blogdalucianaoliveira.com.br\/blog\/wp-content\/uploads\/2019\/05\/EF322F6B-5661-47AA-9322-CF1699CED0A3.jpeg?fit=539%2C741\" src=\"https:\/\/i0.wp.com\/blogdalucianaoliveira.com.br\/blog\/wp-content\/uploads\/2019\/05\/EF322F6B-5661-47AA-9322-CF1699CED0A3.jpeg?resize=539%2C741\" alt=\"EF322F6B-5661-47AA-9322-CF1699CED0A3\" width=\"539\" height=\"741\" class=\"alignnone size-full wp-image-21984\" srcset=\"https:\/\/i0.wp.com\/blogdalucianaoliveira.com.br\/blog\/wp-content\/uploads\/2019\/05\/EF322F6B-5661-47AA-9322-CF1699CED0A3.jpeg?w=539 539w, https:\/\/i0.wp.com\/blogdalucianaoliveira.com.br\/blog\/wp-content\/uploads\/2019\/05\/EF322F6B-5661-47AA-9322-CF1699CED0A3.jpeg?resize=218%2C300 218w\" sizes=\"auto, (max-width: 539px) 100vw, 539px\" \/><\/p>\n","protected":false},"excerpt":{"rendered":"<p>DCM &#8211; Em uma rea\u00e7\u00e3o r\u00e1pida a apresenta\u00e7\u00e3o de projeto de lei que objetiva a substitui\u00e7\u00e3o de Paulo Freire pelo padre Anchieta como patrono da educa\u00e7\u00e3o brasileira, no \u00faltimo dia 25, a reitoria do Santu\u00e1rio Nacional S\u00e3o Jos\u00e9 de Anchieta emitiu nota oficial manifestando sua rejei\u00e7\u00e3o \u00e0 proposta.<\/p>\n","protected":false},"author":1,"featured_media":0,"comment_status":"closed","ping_status":"open","sticky":false,"template":"","format":"standard","meta":{"_exactmetrics_skip_tracking":false,"_exactmetrics_sitenote_active":false,"_exactmetrics_sitenote_note":"","_exactmetrics_sitenote_category":0,"jetpack_post_was_ever_published":false,"_jetpack_newsletter_access":"","_jetpack_dont_email_post_to_subs":false,"_jetpack_newsletter_tier_id":0,"_jetpack_memberships_contains_paywalled_content":false,"_jetpack_memberships_contains_paid_content":false,"footnotes":"","jetpack_publicize_message":"","jetpack_publicize_feature_enabled":true,"jetpack_social_post_already_shared":true,"jetpack_social_options":{"image_generator_settings":{"template":"highway","enabled":false},"version":2}},"categories":[1],"tags":[],"class_list":["post-21982","post","type-post","status-publish","format-standard","hentry","category-notas"],"jetpack_publicize_connections":[],"jetpack_sharing_enabled":true,"jetpack_featured_media_url":"","jetpack_shortlink":"https:\/\/wp.me\/p7wKYW-5Iy","jetpack-related-posts":[],"_links":{"self":[{"href":"http:\/\/blogdalucianaoliveira.com.br\/blog\/wp-json\/wp\/v2\/posts\/21982","targetHints":{"allow":["GET"]}}],"collection":[{"href":"http:\/\/blogdalucianaoliveira.com.br\/blog\/wp-json\/wp\/v2\/posts"}],"about":[{"href":"http:\/\/blogdalucianaoliveira.com.br\/blog\/wp-json\/wp\/v2\/types\/post"}],"author":[{"embeddable":true,"href":"http:\/\/blogdalucianaoliveira.com.br\/blog\/wp-json\/wp\/v2\/users\/1"}],"replies":[{"embeddable":true,"href":"http:\/\/blogdalucianaoliveira.com.br\/blog\/wp-json\/wp\/v2\/comments?post=21982"}],"version-history":[{"count":1,"href":"http:\/\/blogdalucianaoliveira.com.br\/blog\/wp-json\/wp\/v2\/posts\/21982\/revisions"}],"predecessor-version":[{"id":21985,"href":"http:\/\/blogdalucianaoliveira.com.br\/blog\/wp-json\/wp\/v2\/posts\/21982\/revisions\/21985"}],"wp:attachment":[{"href":"http:\/\/blogdalucianaoliveira.com.br\/blog\/wp-json\/wp\/v2\/media?parent=21982"}],"wp:term":[{"taxonomy":"category","embeddable":true,"href":"http:\/\/blogdalucianaoliveira.com.br\/blog\/wp-json\/wp\/v2\/categories?post=21982"},{"taxonomy":"post_tag","embeddable":true,"href":"http:\/\/blogdalucianaoliveira.com.br\/blog\/wp-json\/wp\/v2\/tags?post=21982"}],"curies":[{"name":"wp","href":"https:\/\/api.w.org\/{rel}","templated":true}]}}