{"id":21986,"date":"2019-05-30T12:21:15","date_gmt":"2019-05-30T16:21:15","guid":{"rendered":"http:\/\/blogdalucianaoliveira.com.br\/blog\/?p=21986"},"modified":"2019-05-30T12:21:15","modified_gmt":"2019-05-30T16:21:15","slug":"federon-vem-ai-o-primeiro-arraial-dos-arraiais-concurso-estadual-dos-grupos-juninos-quadrilhas-e-bois-bumbas","status":"publish","type":"post","link":"http:\/\/blogdalucianaoliveira.com.br\/blog\/2019\/05\/30\/federon-vem-ai-o-primeiro-arraial-dos-arraiais-concurso-estadual-dos-grupos-juninos-quadrilhas-e-bois-bumbas\/","title":{"rendered":"FEDERON; VEM A\u00cd O PRIMEIRO ARRAIAL DOS ARRAIAIS  \u2013 CONCURSO ESTADUAL DOS GRUPOS JUNINOS: QUADRILHAS E BOIS BUMB\u00c1S"},"content":{"rendered":"<p>Durante os \u00faltimos 38 anos a cidade de Porto Velho, em uma grande parceria entre os setores das administra\u00e7\u00f5es p\u00fablicas do Estado de Rond\u00f4nia e do Munic\u00edpio de Porto Velho e a iniciativa privada, atrav\u00e9s da Federa\u00e7\u00e3o de Quadrilhas e Bois Bumb\u00e1s de Rond\u00f4nia\/FEDERON, t\u00eam realizado, a duras penas o Arraial Flor do Maracuj\u00e1, que tem seu ponto alto no Concurso de Quadrilhas e Bois Bumb\u00e1s apresentado pela FEDERON, filiada da CONFEBRAQ. <\/p>\n<p>Neste ano de 2019, ap\u00f3s tantas dificuldades para manter viva nossa \u00faltima festa popular, assistimos, indignados, \u00e0s muitas cal\u00fanias e difama\u00e7\u00f5es que t\u00eam sido feitas contra a Federa\u00e7\u00e3o de Quadrilhas e Bois Bumb\u00e1s de Rond\u00f4nia\/FEDERON. As m\u00eddias t\u00eam noticiado um choque de ideias e princ\u00edpios entre as autoridades ligadas \u00e0 cultura no estado de Rond\u00f4nia e a representa\u00e7\u00e3o dos grupos juninos, que, historicamente tem realizado o festejo do Arraial Flor do Maracuj\u00e1. <\/p>\n<p>De um momento para o outro as coisas come\u00e7aram a desandar nas, at\u00e9 ent\u00e3o, bem estruturadas, rela\u00e7\u00f5es entre a FEDERON e SEJUCEL. Contando com a for\u00e7a do cargo, o novo Superintendente, deixou evidente seu desprezo ou desconhecimento por d\u00e9cadas de trabalho das diretorias juninas e disparou ataques superficiais e sem consist\u00eancia \u00e0 Federa\u00e7\u00e3o de Quadrilhas e Bois Bumb\u00e1s, acusando-a, sem prova alguma  de fazer mal uso do dinheiro arrecadado com o aluguel de barracas e de direitos de comercializa\u00e7\u00e3o de produtos por ambulantes durante os festejos. Um erro crasso. <\/p>\n<p>As contas da FEDERON foram todas apresentadas, ano a ano, quer durante a audi\u00eancia p\u00fablica realizada sob a presid\u00eancia do Deputado Jair Montes e que contou com a participa\u00e7\u00e3o do Deputado Marcelo Cruz,  na ALE, em 20\/05\/2019  ou na reuni\u00e3o de concilia\u00e7\u00e3o entre as partes, corrida na FEDERON, em 27\/05\/2019. <\/p>\n<p>Como bem ressaltou o jornalista e folclorista S\u00edlvio Santos, o Zekatraca, em sua coluna Lenha na Fogueira, datada de ontem, 29\/05: \u201cO neg\u00f3cio que j\u00e1 n\u00e3o andava muito bom entre a SEJUCEL e a FEDERON, em rela\u00e7\u00e3o \u00e0 realiza\u00e7\u00e3o do Arraial Flor do Maracuj\u00e1. Piorou ap\u00f3s a entrevista do superintendente da SEJUCEL, ao jornalista e apresentador L\u00e9o Ladeia na noite da \u00faltima ter\u00e7a feira 28, na Rede TV-RO.\u201d<\/p>\n<p>Salientamos que a FEDERON sempre foi parceira da SEJUCEL em todas as realiza\u00e7\u00f5es do Flor do Maracuj\u00e1, desde sua cria\u00e7\u00e3o h\u00e1 mais de quinze anos, at\u00e9 o presente ano. <\/p>\n<p>Por desconhecimento dos assuntos de sua pr\u00f3pria pasta, nosso Superintendente, dispara, em programas de TV, sua m\u00e1xima, o valor cobrado pela FEDERON, em rela\u00e7\u00e3o ao carrinho de pipoca, que atua com exclusividade, ao longo de dez dias no Arraial. <\/p>\n<p>Em momento algum ele manifestou como iria conseguir manter a festa, viabilizando recursos para os grupos juninos, que por si mesmos arcam com gastos gigantes para apresentar um belo espet\u00e1culo ao povo de Porto Velho e de Rond\u00f4nia.  <\/p>\n<p>Seu problema est\u00e1 situado na obsess\u00e3o de tornar a FEDERON, a respons\u00e1vel pelos pre\u00e7os cobrados em alimentos, ou demonstrar que ela n\u00e3o pode cobrar valores sobre o evento que \u00e9 celebrado em espa\u00e7o p\u00fablico, como ressaltou o Procurador Jur\u00eddico do Estado, na reuni\u00e3o de 27\/05. O curioso \u00e9 que no fim de semana seguinte, valores de dez reais eram cobrados pelo estacionamento, nesse mesmo espa\u00e7o, pelos organizadores p\u00fablicos do festival Boto Rock. <\/p>\n<p>Fica aquela d\u00favida: pode ou n\u00e3o pode cobrar ? E se pode pra um, pode menos pra outro?<br \/>\n Mais uma vez citando o l\u00edder das colunas juninas em Rond\u00f4nia, Zekatraca, mas alterando o tempo de alguns verbos, ressaltamos: \u201cPor sugest\u00e3o do Procurador a Comiss\u00e3o (de Concilia\u00e7\u00e3o) iria consultar o MP para saber sobre o assunto. Caso o respons\u00e1vel pelo segmento cultural no MP respondesse que n\u00e3o tinha problema, as coisas estariam resolvidas. Palavras do Procurador do Estado respons\u00e1vel pelo segmento cultural.\u201d <\/p>\n<p>No entanto, numa demonstra\u00e7\u00e3o clara de seu desprezo e falta de habilidade pol\u00edtica, o Sr Superintendente optou por novo confronto, dessa vez em um programa televisivo, onde o carrinho de pipoca foi, mais uma vez o mote dos ataques contra a FEDERON. <\/p>\n<p>Novamente citamos o jornalista Zekatraca, que t\u00e3o bem, capturou o conflito: \u201cTalvez por falta de experi\u00eancia ou at\u00e9 querendo mostrar, quem realmente \u00e9 respons\u00e1vel pela realiza\u00e7\u00e3o do Flor do Maracuj\u00e1 este ano, saiu-se com essa:<br \/>\n***********<br \/>\nO Flor do Maracuj\u00e1 n\u00e3o \u00e9 da FEDERON, n\u00e3o \u00e9 de Porto Velho, n\u00e3o \u00e9 da SEJUCEL ele \u00e9 um evento do estado de Rond\u00f4nia.<br \/>\n***********<br \/>\nAssim sendo, caso os grupos filiados \u00e0 FEDERON n\u00e3o aceitem se apresentar, vamos convidar grupos de quadrilhas do Col\u00e9gios, convidar os Bois de Guajar\u00e1 Mirim e at\u00e9 grupos de Humait\u00e1.\u201d<\/p>\n<p>E a\u00ed repousa o atual estado de confus\u00e3o. Diante dessas declara\u00e7\u00f5es, pairou a d\u00favida sobre a alega\u00e7\u00e3o inicial do Superintendente, quanto \u00e0 aus\u00eancia de recursos, que a FEDERON sempre obteve, atrav\u00e9s da administra\u00e7\u00e3o e gerenciamento do Arraial Flor do Maracuj\u00e1, para o apoio m\u00ednimo aos grupos de Quadrilhas e Bois Bumb\u00e1s.  <\/p>\n<p>Se n\u00e3o h\u00e1 recursos para os grupos locais, como nosso Superintendente pretende trazer grupos de fora, que lhe custar\u00e3o apoio financeiro para sua prepara\u00e7\u00e3o, passagens, hospedagens, alimenta\u00e7\u00e3o? O dinheiro, finalmente, apareceu? E, se apareceu, porque n\u00e3o foi melhor informar aos Grupos e \u00e1 pr\u00f3pria FEDERON, de que a SEJUCEL, agora disp\u00f5e de recursos capazes de assegurar a parte mais importante do evento: os grupos juninos que se apresentam e abrilhantam o maior Arraial  do Norte?<\/p>\n<p>Passando por cima da  representatividade e preced\u00eancia que, por direito,  tem a FEDERON de conclamar seus filiados a realizar a festa, o Superintendente preferiu, novamente, o caminho da hostilidade. Depois de difamar, em rede televisiva, a Federa\u00e7\u00e3o, da qual fazem parte TODOS os grupos juninos que se apresentam no Arraial Flor do Maracuj\u00e1, o senhor Superintendente resolveu convidar um a um para, sem a participa\u00e7\u00e3o ou apoio da FEDERON, lev\u00e1-los \u00e0 arena do 38\u00aa Flor do Maracuj\u00e1 e anunciou que, no pr\u00f3ximo domingo, dia 02  de junho, realizar\u00e1, sozinho e por vontade pessoal, interrompendo os procedimentos de concilia\u00e7\u00e3o, o lan\u00e7amento do Arraial no Shopping de Porto Velho. <\/p>\n<p>De uma forma triste, assistimos a mais este ato de imaturidade de uma autoridade que deve zelar pelas boas rela\u00e7\u00f5es daqueles que representam o maior valor de sua pasta: os artistas, folcloristas, presidentes e brincantes dos grupos juninos. Foram oferecidas vantagens \u00e0queles que abandonassem seus v\u00ednculos com a FEDERON e optassem por se apresentar no lan\u00e7amento do evento, confiando apenas nas promessas de que se iria buscar o financiamento capaz de viabilizar a prepara\u00e7\u00e3o dos grupos.<br \/>\n O resultado \u00fanico de tal procedimento \u00e9 a imediata sa\u00edda da FEDERON de todo o processo de prepara\u00e7\u00e3o, organiza\u00e7\u00e3o e apresenta\u00e7\u00e3o do e no Arraial Flor do Maracuj\u00e1\/2019. <\/p>\n<p>Esperamos que, como uma fraternidade consolidada que somos, nossos filiados se retirem junto conosco. Nas condi\u00e7\u00f5es impostas pelo atual gestor da SEJUCEL, N\u00c3O participaremos do evento.<br \/>\nEsperamos que nossos filiados nos acompanhem e se solidarizem com essa dura decis\u00e3o. Ser\u00e1 a primeira vez que, em 38 anos, o Flor do Maracuj\u00e1 n\u00e3o contar\u00e1 com suas principais atra\u00e7\u00f5es, os tradicionais grupos de Quadrilhas e Bois Bumb\u00e1s que formam a FEDERON.<\/p>\n<p>Como conhecedores de todo o processo de realiza\u00e7\u00e3o do Flor do Maracuj\u00e1, sabemos que comidas vendidas a supostos pre\u00e7os mais baratos (nada garante isso) e promessas sem lastro de recursos que poder\u00e3o aportar nos p\u00e1tios dos grupos, mas que h\u00e1 menos de um m\u00eas do evento nunca se materializaram,  n\u00e3o fazem a festa por s\u00ed mesmas.<\/p>\n<p>Sabendo de nossa responsabilidade para com TODOS os Grupos Juninos de Quadrilhas e Bois Bumb\u00e1s e do apre\u00e7o de nossa popula\u00e7\u00e3o pelas festas juninas de qualidade, nosso \u00fanico festejo sobrevivente \u00e0 \u00faltima d\u00e9cada de desastradas interven\u00e7\u00f5es dos poderes p\u00fablicos locais (que destru\u00edram outras festas como  o Carnaval de Rua, Carnaval na Pra\u00e7a, Concursos de Fanfarras, EXPOVEL e outras), tomamos a decis\u00e3o  de nos desvincularmos do poder p\u00fablico que nos rejeita e hostiliza. <\/p>\n<p>Buscaremos formas para a realiza\u00e7\u00e3o do \u00fanico e leg\u00edtimo Concurso de Quadrilhas e Bois Bumb\u00e1s em Rond\u00f4nia, que s\u00f3 pode ocorrer, atrav\u00e9s da FEDERON, entidade vinculada \u00e0 Confedera\u00e7\u00e3o Brasileira de Quadrilhas\/CONFEBRAQ. <\/p>\n<p>Desejamos poder retornar ao Flor do Maracuj\u00e1, t\u00e3o logo cessem as hostilidades e acusa\u00e7\u00f5es infundadas e o di\u00e1logo posa prevalecer sobre a difama\u00e7\u00e3o infundada.<br \/>\n Cidade de Porto Velho, Quadrilheiros Juninos de todos os bairros e comunidades, Bumbeiros, que guardam, h\u00e1 um s\u00e9culo, nossas mais preciosas tradi\u00e7\u00f5es folcl\u00f3ricas. Juntem-se a n\u00f3s. Como Federa\u00e7\u00e3o continuaremos existindo e superaremos esse tempo adverso, governos e gestores passam e o espirito festeiro do povo junino sobrevive. <\/p>\n<p>Informamos que j\u00e1 estamos tomando provid\u00eancias para a realiza\u00e7\u00e3o, independente de nosso Arraial, que ser\u00e1 a nova e grande tradi\u00e7\u00e3o junina do Estado de Rond\u00f4nia, daqui para o futuro. Desejamos vida longa ao Flor do Maracuj\u00e1, nosso ninho de felicidades e competi\u00e7\u00f5es ao longo desses 38 anos. Voltaremos em algum momento.<\/p>\n<p>Como diz a m\u00fasica: \u201cQuem sabe, faz a hora, n\u00e3o espera acontecer\u201d. Vamos fazer nossa hist\u00f3ria, refundar nossas tradi\u00e7\u00f5es, desimpedidos e sem nenhum tipo de cabresto ou arrog\u00e2ncia.<br \/>\n<img data-recalc-dims=\"1\" loading=\"lazy\" decoding=\"async\" data-attachment-id=\"21987\" data-permalink=\"http:\/\/blogdalucianaoliveira.com.br\/blog\/2019\/05\/30\/federon-vem-ai-o-primeiro-arraial-dos-arraiais-concurso-estadual-dos-grupos-juninos-quadrilhas-e-bois-bumbas\/df729776-6973-4b49-b2e2-18dec3012f34\/\" data-orig-file=\"https:\/\/i0.wp.com\/blogdalucianaoliveira.com.br\/blog\/wp-content\/uploads\/2019\/05\/DF729776-6973-4B49-B2E2-18DEC3012F34.jpeg?fit=640%2C427\" data-orig-size=\"640,427\" data-comments-opened=\"0\" data-image-meta=\"{&quot;aperture&quot;:&quot;0&quot;,&quot;credit&quot;:&quot;&quot;,&quot;camera&quot;:&quot;&quot;,&quot;caption&quot;:&quot;&quot;,&quot;created_timestamp&quot;:&quot;0&quot;,&quot;copyright&quot;:&quot;&quot;,&quot;focal_length&quot;:&quot;0&quot;,&quot;iso&quot;:&quot;0&quot;,&quot;shutter_speed&quot;:&quot;0&quot;,&quot;title&quot;:&quot;&quot;,&quot;orientation&quot;:&quot;0&quot;}\" data-image-title=\"DF729776-6973-4B49-B2E2-18DEC3012F34\" data-image-description=\"\" data-image-caption=\"\" data-medium-file=\"https:\/\/i0.wp.com\/blogdalucianaoliveira.com.br\/blog\/wp-content\/uploads\/2019\/05\/DF729776-6973-4B49-B2E2-18DEC3012F34.jpeg?fit=300%2C200\" data-large-file=\"https:\/\/i0.wp.com\/blogdalucianaoliveira.com.br\/blog\/wp-content\/uploads\/2019\/05\/DF729776-6973-4B49-B2E2-18DEC3012F34.jpeg?fit=600%2C400\" src=\"https:\/\/i0.wp.com\/blogdalucianaoliveira.com.br\/blog\/wp-content\/uploads\/2019\/05\/DF729776-6973-4B49-B2E2-18DEC3012F34.jpeg?resize=600%2C400\" alt=\"DF729776-6973-4B49-B2E2-18DEC3012F34\" width=\"600\" height=\"400\" class=\"alignnone size-full wp-image-21987\" srcset=\"https:\/\/i0.wp.com\/blogdalucianaoliveira.com.br\/blog\/wp-content\/uploads\/2019\/05\/DF729776-6973-4B49-B2E2-18DEC3012F34.jpeg?w=640 640w, https:\/\/i0.wp.com\/blogdalucianaoliveira.com.br\/blog\/wp-content\/uploads\/2019\/05\/DF729776-6973-4B49-B2E2-18DEC3012F34.jpeg?resize=300%2C200 300w, https:\/\/i0.wp.com\/blogdalucianaoliveira.com.br\/blog\/wp-content\/uploads\/2019\/05\/DF729776-6973-4B49-B2E2-18DEC3012F34.jpeg?resize=450%2C300 450w\" sizes=\"auto, (max-width: 600px) 100vw, 600px\" \/><\/p>\n<p>A FEDERON, em breve, apresentar\u00e1, j\u00e1 para agosto, seu pr\u00f3prio arraial, onde celebraremos o in\u00edcio dessa nova tradi\u00e7\u00e3o junina: o  Primeiro Arraial dos Arraiais da FEDERON, que vem com tudo o que voc\u00ea gosta: Concurso Estadual de Quadrilhas e Bois Bumb\u00e1s, Comidas T\u00edpicas, Espet\u00e1culos, Duelo Tribal e muita festa. <!--more--><\/p>\n<p>Porto Velho pode esperar, estamos preparando um grande evento junino, para pairar no n\u00edvel ou acima daquilo que fizemos de melhor at\u00e9 ent\u00e3o, o Flor do Maracuj\u00e1.<\/p>\n","protected":false},"excerpt":{"rendered":"<p>Durante os \u00faltimos 38 anos a cidade de Porto Velho, em uma grande parceria entre os setores das administra\u00e7\u00f5es p\u00fablicas do Estado de Rond\u00f4nia e do Munic\u00edpio de Porto Velho e a iniciativa privada, atrav\u00e9s da Federa\u00e7\u00e3o de Quadrilhas e Bois Bumb\u00e1s de Rond\u00f4nia\/FEDERON, t\u00eam realizado, a duras penas o Arraial Flor do Maracuj\u00e1, que&#8230;<a class=\"more-link\" href=\"http:\/\/blogdalucianaoliveira.com.br\/blog\/2019\/05\/30\/federon-vem-ai-o-primeiro-arraial-dos-arraiais-concurso-estadual-dos-grupos-juninos-quadrilhas-e-bois-bumbas\/\">Continue a leitura <span class=\"meta-nav\">&raquo;<\/span><\/a><\/p>\n","protected":false},"author":1,"featured_media":0,"comment_status":"closed","ping_status":"open","sticky":false,"template":"","format":"standard","meta":{"_exactmetrics_skip_tracking":false,"_exactmetrics_sitenote_active":false,"_exactmetrics_sitenote_note":"","_exactmetrics_sitenote_category":0,"jetpack_post_was_ever_published":false,"_jetpack_newsletter_access":"","_jetpack_dont_email_post_to_subs":false,"_jetpack_newsletter_tier_id":0,"_jetpack_memberships_contains_paywalled_content":false,"_jetpack_memberships_contains_paid_content":false,"footnotes":"","jetpack_publicize_message":"","jetpack_publicize_feature_enabled":true,"jetpack_social_post_already_shared":true,"jetpack_social_options":{"image_generator_settings":{"template":"highway","enabled":false},"version":2}},"categories":[1],"tags":[],"class_list":["post-21986","post","type-post","status-publish","format-standard","hentry","category-notas"],"jetpack_publicize_connections":[],"jetpack_sharing_enabled":true,"jetpack_featured_media_url":"","jetpack_shortlink":"https:\/\/wp.me\/p7wKYW-5IC","jetpack-related-posts":[],"_links":{"self":[{"href":"http:\/\/blogdalucianaoliveira.com.br\/blog\/wp-json\/wp\/v2\/posts\/21986","targetHints":{"allow":["GET"]}}],"collection":[{"href":"http:\/\/blogdalucianaoliveira.com.br\/blog\/wp-json\/wp\/v2\/posts"}],"about":[{"href":"http:\/\/blogdalucianaoliveira.com.br\/blog\/wp-json\/wp\/v2\/types\/post"}],"author":[{"embeddable":true,"href":"http:\/\/blogdalucianaoliveira.com.br\/blog\/wp-json\/wp\/v2\/users\/1"}],"replies":[{"embeddable":true,"href":"http:\/\/blogdalucianaoliveira.com.br\/blog\/wp-json\/wp\/v2\/comments?post=21986"}],"version-history":[{"count":1,"href":"http:\/\/blogdalucianaoliveira.com.br\/blog\/wp-json\/wp\/v2\/posts\/21986\/revisions"}],"predecessor-version":[{"id":21988,"href":"http:\/\/blogdalucianaoliveira.com.br\/blog\/wp-json\/wp\/v2\/posts\/21986\/revisions\/21988"}],"wp:attachment":[{"href":"http:\/\/blogdalucianaoliveira.com.br\/blog\/wp-json\/wp\/v2\/media?parent=21986"}],"wp:term":[{"taxonomy":"category","embeddable":true,"href":"http:\/\/blogdalucianaoliveira.com.br\/blog\/wp-json\/wp\/v2\/categories?post=21986"},{"taxonomy":"post_tag","embeddable":true,"href":"http:\/\/blogdalucianaoliveira.com.br\/blog\/wp-json\/wp\/v2\/tags?post=21986"}],"curies":[{"name":"wp","href":"https:\/\/api.w.org\/{rel}","templated":true}]}}