{"id":21989,"date":"2019-05-30T12:26:31","date_gmt":"2019-05-30T16:26:31","guid":{"rendered":"http:\/\/blogdalucianaoliveira.com.br\/blog\/?p=21989"},"modified":"2019-05-30T12:27:53","modified_gmt":"2019-05-30T16:27:53","slug":"justica-federal-de-rondonia-extingue-outra-acao-do-sindicato-da-unir-contra-o-mandato-do-atual-reitor","status":"publish","type":"post","link":"http:\/\/blogdalucianaoliveira.com.br\/blog\/2019\/05\/30\/justica-federal-de-rondonia-extingue-outra-acao-do-sindicato-da-unir-contra-o-mandato-do-atual-reitor\/","title":{"rendered":"Justi\u00e7a Federal de Rond\u00f4nia extingue outra a\u00e7\u00e3o do \u201csindicato\u201d da UNIR contra o mandato do atual reitor"},"content":{"rendered":"<p><img data-recalc-dims=\"1\" loading=\"lazy\" decoding=\"async\" data-attachment-id=\"21992\" data-permalink=\"http:\/\/blogdalucianaoliveira.com.br\/blog\/2019\/05\/30\/justica-federal-de-rondonia-extingue-outra-acao-do-sindicato-da-unir-contra-o-mandato-do-atual-reitor\/c76fe06b-cbfa-41e8-ab89-c6ab35fff862\/\" data-orig-file=\"https:\/\/i0.wp.com\/blogdalucianaoliveira.com.br\/blog\/wp-content\/uploads\/2019\/05\/C76FE06B-CBFA-41E8-AB89-C6AB35FFF862.jpeg?fit=960%2C640\" data-orig-size=\"960,640\" data-comments-opened=\"0\" data-image-meta=\"{&quot;aperture&quot;:&quot;0&quot;,&quot;credit&quot;:&quot;&quot;,&quot;camera&quot;:&quot;&quot;,&quot;caption&quot;:&quot;&quot;,&quot;created_timestamp&quot;:&quot;0&quot;,&quot;copyright&quot;:&quot;&quot;,&quot;focal_length&quot;:&quot;0&quot;,&quot;iso&quot;:&quot;0&quot;,&quot;shutter_speed&quot;:&quot;0&quot;,&quot;title&quot;:&quot;&quot;,&quot;orientation&quot;:&quot;1&quot;}\" data-image-title=\"C76FE06B-CBFA-41E8-AB89-C6AB35FFF862\" data-image-description=\"\" data-image-caption=\"\" data-medium-file=\"https:\/\/i0.wp.com\/blogdalucianaoliveira.com.br\/blog\/wp-content\/uploads\/2019\/05\/C76FE06B-CBFA-41E8-AB89-C6AB35FFF862.jpeg?fit=300%2C200\" data-large-file=\"https:\/\/i0.wp.com\/blogdalucianaoliveira.com.br\/blog\/wp-content\/uploads\/2019\/05\/C76FE06B-CBFA-41E8-AB89-C6AB35FFF862.jpeg?fit=600%2C400\" class=\"alignnone size-full wp-image-21992 aligncenter\" src=\"https:\/\/i0.wp.com\/blogdalucianaoliveira.com.br\/blog\/wp-content\/uploads\/2019\/05\/C76FE06B-CBFA-41E8-AB89-C6AB35FFF862.jpeg?resize=600%2C400\" alt=\"C76FE06B-CBFA-41E8-AB89-C6AB35FFF862\" width=\"600\" height=\"400\" srcset=\"https:\/\/i0.wp.com\/blogdalucianaoliveira.com.br\/blog\/wp-content\/uploads\/2019\/05\/C76FE06B-CBFA-41E8-AB89-C6AB35FFF862.jpeg?w=960 960w, https:\/\/i0.wp.com\/blogdalucianaoliveira.com.br\/blog\/wp-content\/uploads\/2019\/05\/C76FE06B-CBFA-41E8-AB89-C6AB35FFF862.jpeg?resize=300%2C200 300w, https:\/\/i0.wp.com\/blogdalucianaoliveira.com.br\/blog\/wp-content\/uploads\/2019\/05\/C76FE06B-CBFA-41E8-AB89-C6AB35FFF862.jpeg?resize=768%2C512 768w, https:\/\/i0.wp.com\/blogdalucianaoliveira.com.br\/blog\/wp-content\/uploads\/2019\/05\/C76FE06B-CBFA-41E8-AB89-C6AB35FFF862.jpeg?resize=450%2C300 450w\" sizes=\"auto, (max-width: 600px) 100vw, 600px\" \/><\/p>\n<p>&nbsp;<\/p>\n<p>Por Rondoniadinamica &#8211; Entidades presididades por Leonardo Severo (\u00e0 esq.) querem derrubar mandato de Ari Ott na Justi\u00e7a<!--more--><\/p>\n<p>Porto Velho, RO \u2013 O Sindicato dos Docentes das Universidades P\u00fablicas de Rond\u00f4nia (SIND-ADUNIR) e a Associa\u00e7\u00e3o dos Docentes da Funda\u00e7\u00e3o da Universidade Federal de Rond\u00f4nia (ADUNIR), ambas com a mesma personalidade jur\u00eddica inscrita no CNPJ n\u00b0. 15.883.671\/0001-15, tentaram, via Justi\u00e7a Federal de Rond\u00f4nia, derrubar o mandato do atual reitor Ari Miguel Teixeira Ott.<\/p>\n<p>Resumidamente, a mesma entidade tentou atuar por vias distintas apresentando a\u00e7\u00f5es civis p\u00fablicas a fim de derrubar Ari Ott da Reitoria.<\/p>\n<p>Na \u00faltima decis\u00e3o prolatada pela ju\u00edza de Direito Grace Anny de Souza Monteiro nos autos n\u00ba 1001607-21.2019.4.01.4100, no dia 09 de maio, a magistrada pontuou:<\/p>\n<p>\u201cN\u00e3o houve comprova\u00e7\u00e3o, contudo, de que o aludido Sindicato possua registro sindical junto ao Minist\u00e9rio do Trabalho e Emprego [extinto em 2019], ato que o habilita \u00e0 representa\u00e7\u00e3o de determinada categoria na qualidade de sindicato\u201d.<\/p>\n<p>Grace Anny de Souza Monteiro observou ainda que, em outra a\u00e7\u00e3o civil p\u00fablica (autos n\u00ba 1003444-48.2018.4.01.4100), o sindicato, antes de assumir essa condi\u00e7\u00e3o e ainda atuando como associa\u00e7\u00e3o, apresentou demanda id\u00eantica j\u00e1 recha\u00e7ada pelo Ju\u00edzo da 1\u00aa Vara Federal da Sec\u00e7\u00e3o Judici\u00e1ria de Rond\u00f4nia.<\/p>\n<p><img data-recalc-dims=\"1\" loading=\"lazy\" decoding=\"async\" data-attachment-id=\"21990\" data-permalink=\"http:\/\/blogdalucianaoliveira.com.br\/blog\/2019\/05\/30\/justica-federal-de-rondonia-extingue-outra-acao-do-sindicato-da-unir-contra-o-mandato-do-atual-reitor\/cc59c860-bc9d-45eb-827d-8f7d2b20a1bb\/\" data-orig-file=\"https:\/\/i0.wp.com\/blogdalucianaoliveira.com.br\/blog\/wp-content\/uploads\/2019\/05\/CC59C860-BC9D-45EB-827D-8F7D2B20A1BB.jpeg?fit=960%2C774\" data-orig-size=\"960,774\" data-comments-opened=\"0\" data-image-meta=\"{&quot;aperture&quot;:&quot;0&quot;,&quot;credit&quot;:&quot;&quot;,&quot;camera&quot;:&quot;&quot;,&quot;caption&quot;:&quot;&quot;,&quot;created_timestamp&quot;:&quot;0&quot;,&quot;copyright&quot;:&quot;&quot;,&quot;focal_length&quot;:&quot;0&quot;,&quot;iso&quot;:&quot;0&quot;,&quot;shutter_speed&quot;:&quot;0&quot;,&quot;title&quot;:&quot;&quot;,&quot;orientation&quot;:&quot;1&quot;}\" data-image-title=\"CC59C860-BC9D-45EB-827D-8F7D2B20A1BB\" data-image-description=\"\" data-image-caption=\"\" data-medium-file=\"https:\/\/i0.wp.com\/blogdalucianaoliveira.com.br\/blog\/wp-content\/uploads\/2019\/05\/CC59C860-BC9D-45EB-827D-8F7D2B20A1BB.jpeg?fit=300%2C242\" data-large-file=\"https:\/\/i0.wp.com\/blogdalucianaoliveira.com.br\/blog\/wp-content\/uploads\/2019\/05\/CC59C860-BC9D-45EB-827D-8F7D2B20A1BB.jpeg?fit=600%2C484\" class=\"alignnone size-full wp-image-21990\" src=\"https:\/\/i0.wp.com\/blogdalucianaoliveira.com.br\/blog\/wp-content\/uploads\/2019\/05\/CC59C860-BC9D-45EB-827D-8F7D2B20A1BB.jpeg?resize=600%2C484\" alt=\"CC59C860-BC9D-45EB-827D-8F7D2B20A1BB\" width=\"600\" height=\"484\" srcset=\"https:\/\/i0.wp.com\/blogdalucianaoliveira.com.br\/blog\/wp-content\/uploads\/2019\/05\/CC59C860-BC9D-45EB-827D-8F7D2B20A1BB.jpeg?w=960 960w, https:\/\/i0.wp.com\/blogdalucianaoliveira.com.br\/blog\/wp-content\/uploads\/2019\/05\/CC59C860-BC9D-45EB-827D-8F7D2B20A1BB.jpeg?resize=300%2C242 300w, https:\/\/i0.wp.com\/blogdalucianaoliveira.com.br\/blog\/wp-content\/uploads\/2019\/05\/CC59C860-BC9D-45EB-827D-8F7D2B20A1BB.jpeg?resize=768%2C619 768w, https:\/\/i0.wp.com\/blogdalucianaoliveira.com.br\/blog\/wp-content\/uploads\/2019\/05\/CC59C860-BC9D-45EB-827D-8F7D2B20A1BB.jpeg?resize=372%2C300 372w\" sizes=\"auto, (max-width: 600px) 100vw, 600px\" \/><\/p>\n<p>Peti\u00e7\u00f5es diferentes, entidades distintas, mas mesma data, mesmo CNPJ, os mesmos nomes envolvidos e um \u00fanico alvo: Ari Miguel Teixeira Ott<\/p>\n<p>\u201c[&#8230;] este \u00f3rg\u00e3o julgador indeferiu a inicial e extinguiu o processo sem resolu\u00e7\u00e3o do m\u00e9rito por aus\u00eancia de pertin\u00eancia tem\u00e1tica. Da mesma forma ocorre nos presentes autos\u201d, sacramentou.<\/p>\n<p>As a\u00e7\u00f5es foram promovidas em nome do presidente da entidade \u00e0 ocasi\u00e3o do peticionamento, qual seja: o professor Leonardo Severo da Luz Neto.<\/p>\n<p>Na \u00faltima ter\u00e7a-feira (28), <strong>Rond\u00f4nia Din\u00e2mica<\/strong>veiculou mat\u00e9ria intitulada:<\/p>\n<p><a href=\"https:\/\/www.rondoniadinamica.com\/noticias\/2019\/05\/quarteto-denuncista-da-unir-perde-pela-3-vez-no-mpf-ao-insistir-sobre-mentiras-a-respeito-do-diploma-de-ex-reitora,48168.shtml\" target=\"_blank\"><u><strong>Quarteto denuncista da UNIR perde pela 3\u00aa vez no MPF ao insistir sobre mentiras a respeito do diploma de ex-reitora<\/strong><\/u><\/a><\/p>\n<p>A reportagem abordou falsas den\u00fancias apresentadas por um quarteto contra a ex-reitora de UNIR, Maria Berenice Alho da Costa Tourinho. As investidas foram arquivadas em v\u00e1rias etapas pelo Minist\u00e9rio P\u00fablico Federal (MPF). Entre os signat\u00e1rios da representa\u00e7\u00e3o contra Berenice Tourinho est\u00e1 justamente Leonardo Severo, o presidente da institui\u00e7\u00e3o que visa tirar \u00e0 f\u00f3rceps o mandato de Ari Ott.<\/p>\n<p><strong>A decis\u00e3o<\/strong><\/p>\n<p>Em sua senten\u00e7a, a ju\u00edza federal asseverou:<\/p>\n<p>\u201cExtrai-se das aludidas disposi\u00e7\u00f5es que n\u00e3o est\u00e1 inclu\u00edda, dentre suas finalidades institucionais [refere-se ao sindicato], a tutela do patrim\u00f4nio da universidade, aus\u00eancia que compromete a adequada representatividade dos interesses a serem defendidos em ju\u00edzo\u201d.<\/p>\n<p>Grace Anny de Souza Monteiro destacou, por fim, que a eventual pr\u00e1tica de ato \u00edmprobo no exerc\u00edcio do cargo de reitor da UNIR \u201cdeve ser apurada em a\u00e7\u00e3o pr\u00f3pria \u2013 que em nada se confunde com A\u00e7\u00e3o Civil P\u00fablica prevista pela Lei n\u00ba 7.347\/85 \u2013 proposta por \u00f3rg\u00e3o legalmente investido de legitimidade, o que n\u00e3o ocorre com as associa\u00e7\u00f5es privadas e sindicatos\u201d.<\/p>\n<p>\u201cAnte o exposto, indefiro a inicial e o processo sem resolu\u00e7\u00e3o do m\u00e9rito, com extingo amparo no art. 5\u00ba, V, letra \u201cb\u201d, da Lei n\u00ba 7.347\/85 c\/c art. 485, VI, do CPC\u201d.<\/p>\n<p>Cabe recurso.<\/p>\n","protected":false},"excerpt":{"rendered":"<p>&nbsp; Por Rondoniadinamica &#8211; Entidades presididades por Leonardo Severo (\u00e0 esq.) querem derrubar mandato de Ari Ott na Justi\u00e7a<\/p>\n","protected":false},"author":1,"featured_media":21992,"comment_status":"closed","ping_status":"open","sticky":false,"template":"","format":"standard","meta":{"_exactmetrics_skip_tracking":false,"_exactmetrics_sitenote_active":false,"_exactmetrics_sitenote_note":"","_exactmetrics_sitenote_category":0,"jetpack_post_was_ever_published":false,"_jetpack_newsletter_access":"","_jetpack_dont_email_post_to_subs":false,"_jetpack_newsletter_tier_id":0,"_jetpack_memberships_contains_paywalled_content":false,"_jetpack_memberships_contains_paid_content":false,"footnotes":"","jetpack_publicize_message":"","jetpack_publicize_feature_enabled":true,"jetpack_social_post_already_shared":true,"jetpack_social_options":{"image_generator_settings":{"template":"highway","enabled":false},"version":2}},"categories":[1],"tags":[],"class_list":["post-21989","post","type-post","status-publish","format-standard","has-post-thumbnail","hentry","category-notas"],"jetpack_publicize_connections":[],"jetpack_sharing_enabled":true,"jetpack_featured_media_url":"https:\/\/i0.wp.com\/blogdalucianaoliveira.com.br\/blog\/wp-content\/uploads\/2019\/05\/C76FE06B-CBFA-41E8-AB89-C6AB35FFF862.jpeg?fit=960%2C640","jetpack_shortlink":"https:\/\/wp.me\/p7wKYW-5IF","jetpack-related-posts":[],"_links":{"self":[{"href":"http:\/\/blogdalucianaoliveira.com.br\/blog\/wp-json\/wp\/v2\/posts\/21989","targetHints":{"allow":["GET"]}}],"collection":[{"href":"http:\/\/blogdalucianaoliveira.com.br\/blog\/wp-json\/wp\/v2\/posts"}],"about":[{"href":"http:\/\/blogdalucianaoliveira.com.br\/blog\/wp-json\/wp\/v2\/types\/post"}],"author":[{"embeddable":true,"href":"http:\/\/blogdalucianaoliveira.com.br\/blog\/wp-json\/wp\/v2\/users\/1"}],"replies":[{"embeddable":true,"href":"http:\/\/blogdalucianaoliveira.com.br\/blog\/wp-json\/wp\/v2\/comments?post=21989"}],"version-history":[{"count":2,"href":"http:\/\/blogdalucianaoliveira.com.br\/blog\/wp-json\/wp\/v2\/posts\/21989\/revisions"}],"predecessor-version":[{"id":21993,"href":"http:\/\/blogdalucianaoliveira.com.br\/blog\/wp-json\/wp\/v2\/posts\/21989\/revisions\/21993"}],"wp:featuredmedia":[{"embeddable":true,"href":"http:\/\/blogdalucianaoliveira.com.br\/blog\/wp-json\/wp\/v2\/media\/21992"}],"wp:attachment":[{"href":"http:\/\/blogdalucianaoliveira.com.br\/blog\/wp-json\/wp\/v2\/media?parent=21989"}],"wp:term":[{"taxonomy":"category","embeddable":true,"href":"http:\/\/blogdalucianaoliveira.com.br\/blog\/wp-json\/wp\/v2\/categories?post=21989"},{"taxonomy":"post_tag","embeddable":true,"href":"http:\/\/blogdalucianaoliveira.com.br\/blog\/wp-json\/wp\/v2\/tags?post=21989"}],"curies":[{"name":"wp","href":"https:\/\/api.w.org\/{rel}","templated":true}]}}