{"id":21994,"date":"2019-05-31T00:31:28","date_gmt":"2019-05-31T04:31:28","guid":{"rendered":"http:\/\/blogdalucianaoliveira.com.br\/blog\/?p=21994"},"modified":"2019-05-31T00:31:28","modified_gmt":"2019-05-31T04:31:28","slug":"mais-de-1-milhao-de-brasileiros-saem-as-ruas-contra-o-desastre-bolsonaro","status":"publish","type":"post","link":"http:\/\/blogdalucianaoliveira.com.br\/blog\/2019\/05\/31\/mais-de-1-milhao-de-brasileiros-saem-as-ruas-contra-o-desastre-bolsonaro\/","title":{"rendered":"MAIS DE 1 MILH\u00c3O DE BRASILEIROS SAEM \u00c0S RUAS CONTRA O DESASTRE BOLSONARO"},"content":{"rendered":"<p><img data-recalc-dims=\"1\" loading=\"lazy\" decoding=\"async\" data-attachment-id=\"21995\" data-permalink=\"http:\/\/blogdalucianaoliveira.com.br\/blog\/2019\/05\/31\/mais-de-1-milhao-de-brasileiros-saem-as-ruas-contra-o-desastre-bolsonaro\/2a79a2cd-2fcd-46d2-8f02-e54fab550962\/\" data-orig-file=\"https:\/\/i0.wp.com\/blogdalucianaoliveira.com.br\/blog\/wp-content\/uploads\/2019\/05\/2A79A2CD-2FCD-46D2-8F02-E54FAB550962.jpeg?fit=480%2C240\" data-orig-size=\"480,240\" data-comments-opened=\"0\" data-image-meta=\"{&quot;aperture&quot;:&quot;0&quot;,&quot;credit&quot;:&quot;&quot;,&quot;camera&quot;:&quot;&quot;,&quot;caption&quot;:&quot;&quot;,&quot;created_timestamp&quot;:&quot;0&quot;,&quot;copyright&quot;:&quot;&quot;,&quot;focal_length&quot;:&quot;0&quot;,&quot;iso&quot;:&quot;0&quot;,&quot;shutter_speed&quot;:&quot;0&quot;,&quot;title&quot;:&quot;&quot;,&quot;orientation&quot;:&quot;0&quot;}\" data-image-title=\"2A79A2CD-2FCD-46D2-8F02-E54FAB550962\" data-image-description=\"\" data-image-caption=\"\" data-medium-file=\"https:\/\/i0.wp.com\/blogdalucianaoliveira.com.br\/blog\/wp-content\/uploads\/2019\/05\/2A79A2CD-2FCD-46D2-8F02-E54FAB550962.jpeg?fit=300%2C150\" data-large-file=\"https:\/\/i0.wp.com\/blogdalucianaoliveira.com.br\/blog\/wp-content\/uploads\/2019\/05\/2A79A2CD-2FCD-46D2-8F02-E54FAB550962.jpeg?fit=480%2C240\" class=\"alignnone size-full wp-image-21995\" src=\"https:\/\/i0.wp.com\/blogdalucianaoliveira.com.br\/blog\/wp-content\/uploads\/2019\/05\/2A79A2CD-2FCD-46D2-8F02-E54FAB550962.jpeg?resize=480%2C240\" alt=\"2A79A2CD-2FCD-46D2-8F02-E54FAB550962\" width=\"480\" height=\"240\" srcset=\"https:\/\/i0.wp.com\/blogdalucianaoliveira.com.br\/blog\/wp-content\/uploads\/2019\/05\/2A79A2CD-2FCD-46D2-8F02-E54FAB550962.jpeg?w=480 480w, https:\/\/i0.wp.com\/blogdalucianaoliveira.com.br\/blog\/wp-content\/uploads\/2019\/05\/2A79A2CD-2FCD-46D2-8F02-E54FAB550962.jpeg?resize=300%2C150 300w\" sizes=\"auto, (max-width: 480px) 100vw, 480px\" \/><\/p>\n<p>247 &#8211; Pela segunda vez em menos de um m\u00eas, os brasileiros sa\u00edram \u00e0s ruas contra o projeto de destrui\u00e7\u00e3o nacional representado por Jair Bolsonaro, que, em menos de seis meses no poder, colocou o Brasil em recess\u00e3o, cortou 30% da educa\u00e7\u00e3o, amea\u00e7ou professores e insultou a popula\u00e7\u00e3o ao deixar claro que n\u00e3o gosta de pobres. Nas ruas, os brasileiros se mostram dispostos a n\u00e3o permitir a destrui\u00e7\u00e3o completa do Brasil.<!--more--><\/p>\n<p>Havia uma certa apreens\u00e3o em alguns setores da organiza\u00e7\u00e3o dos protestos com rela\u00e7\u00e3o ao volume de uma segunda manifesta\u00e7\u00e3o t\u00e3o pr\u00f3xima da primeira. Mas a ades\u00e3o e a multid\u00e3o que tomou conta das ruas pelo pa\u00eds surpreendeu at\u00e9 o mais otimista dos manifestantes anti-Bolsonaro.<\/p>\n<p>A pauta da educa\u00e7\u00e3o organizou as demandas sociais e as ruas voltam a protagonizar o processo pol\u00edtico no Brasil, agora do lado esquerdo da hist\u00f3ria. <\/p>\n<p>Espremida entre duas manifesta\u00e7\u00f5es-monstro, a micareta fascista de domingo, artificial e convocada pelo pr\u00f3prio governo, ficou parecendo uma &#8216;quermesse&#8217;, sem pauta definida e com a tristeza estampada na cara dos s\u00f4fregos apoiadores de Bolsonaro. <\/p>\n<p>O pa\u00eds parece entrar em uma nova etapa, t\u00e3o esperada por aqueles que buscam a volta da democracia e da normalidade institucional, perdida desde o golpe de 2016, aplicado por Michel Temer e pelo moribundo PSDB. <\/p>\n<p>De posse das ruas, o segmento progressista agora \u00e9 reinvestido da responsabilidade de re-conduzir o pa\u00eds \u00e0 democracia popular e aos destinos naturais que a hist\u00f3ria reserva aos povos soberanos. Em outras palavras, o sucesso do 30M aumenta a responsabilidade dos estudantes como verdadeiros protagonistas do processo pol\u00edtico, como s\u00f3i acontecer em todos pa\u00edses que se viram atacados por processos degradantes de parasitagem no poder. <\/p>\n<p>A imagem emblem\u00e1tica deste hist\u00f3rico dia 30 de maio foi a recoloca\u00e7\u00e3o da faixa em defesa da educa\u00e7\u00e3o, retirada e depredada por fascistas apoiadores de Bolsonaro, no dia 26. O gesto significa que a esquerda n\u00e3o permitir\u00e1 mais o desrespeito e o esmagamento de suas pautas, seja no campo pol\u00edtico, seja no campo do discurso. <\/p>\n<p>O Brasil se fortalece e respira mais uma vez como na\u00e7\u00e3o, depois de um longo inverno pol\u00edtico. Os ventos da democracia parecem soprar, agora, mais fortes e mais insinuantes, similares ao clima das Diretas J\u00e1 de 1984, quando o pa\u00eds voltou a sonhar depois de uma longa ditadura midi\u00e1tico-militar. <\/p>\n<p>O dado mais relevante, no entanto, n\u00e3o \u00e9 o tamanho da manifesta\u00e7\u00e3o em si, imensa e surpreendente: \u00e9 o &#8216;desejo pol\u00edtico&#8217; realinhado. A express\u00e3o de cada estudante \u00e9 a express\u00e3o da resist\u00eancia e da retomada da hist\u00f3ria. Eles querem ser protagonistas e est\u00e3o sendo. Quando esse comich\u00e3o da hist\u00f3ria co\u00e7a no cangote da liberdade democr\u00e1tica, \u00e9 dif\u00edcil de segurar.<\/p>\n","protected":false},"excerpt":{"rendered":"<p>247 &#8211; Pela segunda vez em menos de um m\u00eas, os brasileiros sa\u00edram \u00e0s ruas contra o projeto de destrui\u00e7\u00e3o nacional representado por Jair Bolsonaro, que, em menos de seis meses no poder, colocou o Brasil em recess\u00e3o, cortou 30% da educa\u00e7\u00e3o, amea\u00e7ou professores e insultou a popula\u00e7\u00e3o ao deixar claro que n\u00e3o gosta de&#8230;<a class=\"more-link\" href=\"http:\/\/blogdalucianaoliveira.com.br\/blog\/2019\/05\/31\/mais-de-1-milhao-de-brasileiros-saem-as-ruas-contra-o-desastre-bolsonaro\/\">Continue a leitura <span class=\"meta-nav\">&raquo;<\/span><\/a><\/p>\n","protected":false},"author":1,"featured_media":0,"comment_status":"closed","ping_status":"open","sticky":false,"template":"","format":"standard","meta":{"_exactmetrics_skip_tracking":false,"_exactmetrics_sitenote_active":false,"_exactmetrics_sitenote_note":"","_exactmetrics_sitenote_category":0,"jetpack_post_was_ever_published":false,"_jetpack_newsletter_access":"","_jetpack_dont_email_post_to_subs":false,"_jetpack_newsletter_tier_id":0,"_jetpack_memberships_contains_paywalled_content":false,"_jetpack_memberships_contains_paid_content":false,"footnotes":"","jetpack_publicize_message":"","jetpack_publicize_feature_enabled":true,"jetpack_social_post_already_shared":true,"jetpack_social_options":{"image_generator_settings":{"template":"highway","enabled":false},"version":2}},"categories":[1],"tags":[],"class_list":["post-21994","post","type-post","status-publish","format-standard","hentry","category-notas"],"jetpack_publicize_connections":[],"jetpack_sharing_enabled":true,"jetpack_featured_media_url":"","jetpack_shortlink":"https:\/\/wp.me\/p7wKYW-5IK","jetpack-related-posts":[],"_links":{"self":[{"href":"http:\/\/blogdalucianaoliveira.com.br\/blog\/wp-json\/wp\/v2\/posts\/21994","targetHints":{"allow":["GET"]}}],"collection":[{"href":"http:\/\/blogdalucianaoliveira.com.br\/blog\/wp-json\/wp\/v2\/posts"}],"about":[{"href":"http:\/\/blogdalucianaoliveira.com.br\/blog\/wp-json\/wp\/v2\/types\/post"}],"author":[{"embeddable":true,"href":"http:\/\/blogdalucianaoliveira.com.br\/blog\/wp-json\/wp\/v2\/users\/1"}],"replies":[{"embeddable":true,"href":"http:\/\/blogdalucianaoliveira.com.br\/blog\/wp-json\/wp\/v2\/comments?post=21994"}],"version-history":[{"count":1,"href":"http:\/\/blogdalucianaoliveira.com.br\/blog\/wp-json\/wp\/v2\/posts\/21994\/revisions"}],"predecessor-version":[{"id":21996,"href":"http:\/\/blogdalucianaoliveira.com.br\/blog\/wp-json\/wp\/v2\/posts\/21994\/revisions\/21996"}],"wp:attachment":[{"href":"http:\/\/blogdalucianaoliveira.com.br\/blog\/wp-json\/wp\/v2\/media?parent=21994"}],"wp:term":[{"taxonomy":"category","embeddable":true,"href":"http:\/\/blogdalucianaoliveira.com.br\/blog\/wp-json\/wp\/v2\/categories?post=21994"},{"taxonomy":"post_tag","embeddable":true,"href":"http:\/\/blogdalucianaoliveira.com.br\/blog\/wp-json\/wp\/v2\/tags?post=21994"}],"curies":[{"name":"wp","href":"https:\/\/api.w.org\/{rel}","templated":true}]}}