{"id":22040,"date":"2019-05-31T09:39:25","date_gmt":"2019-05-31T13:39:25","guid":{"rendered":"http:\/\/blogdalucianaoliveira.com.br\/blog\/?p=22040"},"modified":"2019-05-31T09:39:25","modified_gmt":"2019-05-31T13:39:25","slug":"mariana-carvalho-finalmente-sentiu-a-diferenca","status":"publish","type":"post","link":"http:\/\/blogdalucianaoliveira.com.br\/blog\/2019\/05\/31\/mariana-carvalho-finalmente-sentiu-a-diferenca\/","title":{"rendered":"Mariana Carvalho finalmente sentiu a diferen\u00e7a&#8230;"},"content":{"rendered":"<p><img data-recalc-dims=\"1\" loading=\"lazy\" decoding=\"async\" data-attachment-id=\"22041\" data-permalink=\"http:\/\/blogdalucianaoliveira.com.br\/blog\/2019\/05\/31\/mariana-carvalho-finalmente-sentiu-a-diferenca\/2c7309eb-8db5-45bc-935d-2226168155f5\/\" data-orig-file=\"https:\/\/i0.wp.com\/blogdalucianaoliveira.com.br\/blog\/wp-content\/uploads\/2019\/05\/2C7309EB-8DB5-45BC-935D-2226168155F5.jpeg?fit=960%2C640\" data-orig-size=\"960,640\" data-comments-opened=\"0\" data-image-meta=\"{&quot;aperture&quot;:&quot;0&quot;,&quot;credit&quot;:&quot;&quot;,&quot;camera&quot;:&quot;&quot;,&quot;caption&quot;:&quot;&quot;,&quot;created_timestamp&quot;:&quot;0&quot;,&quot;copyright&quot;:&quot;&quot;,&quot;focal_length&quot;:&quot;0&quot;,&quot;iso&quot;:&quot;0&quot;,&quot;shutter_speed&quot;:&quot;0&quot;,&quot;title&quot;:&quot;&quot;,&quot;orientation&quot;:&quot;1&quot;}\" data-image-title=\"2C7309EB-8DB5-45BC-935D-2226168155F5\" data-image-description=\"\" data-image-caption=\"\" data-medium-file=\"https:\/\/i0.wp.com\/blogdalucianaoliveira.com.br\/blog\/wp-content\/uploads\/2019\/05\/2C7309EB-8DB5-45BC-935D-2226168155F5.jpeg?fit=300%2C200\" data-large-file=\"https:\/\/i0.wp.com\/blogdalucianaoliveira.com.br\/blog\/wp-content\/uploads\/2019\/05\/2C7309EB-8DB5-45BC-935D-2226168155F5.jpeg?fit=600%2C400\" class=\"alignnone size-full wp-image-22041\" src=\"https:\/\/i0.wp.com\/blogdalucianaoliveira.com.br\/blog\/wp-content\/uploads\/2019\/05\/2C7309EB-8DB5-45BC-935D-2226168155F5.jpeg?resize=600%2C400\" alt=\"2C7309EB-8DB5-45BC-935D-2226168155F5\" width=\"600\" height=\"400\" srcset=\"https:\/\/i0.wp.com\/blogdalucianaoliveira.com.br\/blog\/wp-content\/uploads\/2019\/05\/2C7309EB-8DB5-45BC-935D-2226168155F5.jpeg?w=960 960w, https:\/\/i0.wp.com\/blogdalucianaoliveira.com.br\/blog\/wp-content\/uploads\/2019\/05\/2C7309EB-8DB5-45BC-935D-2226168155F5.jpeg?resize=300%2C200 300w, https:\/\/i0.wp.com\/blogdalucianaoliveira.com.br\/blog\/wp-content\/uploads\/2019\/05\/2C7309EB-8DB5-45BC-935D-2226168155F5.jpeg?resize=768%2C512 768w, https:\/\/i0.wp.com\/blogdalucianaoliveira.com.br\/blog\/wp-content\/uploads\/2019\/05\/2C7309EB-8DB5-45BC-935D-2226168155F5.jpeg?resize=450%2C300 450w\" sizes=\"auto, (max-width: 600px) 100vw, 600px\" \/><\/p>\n<p>Em 2017, deputada de Rond\u00f4nia disse uma coisa sobre ser mulher; agora, na sess\u00e3o em homenagem aos 20 anos do PSDB-Mulher, o discurso \u00e9 outro<!--more--><\/p>\n<p class=\"post-author\">&lt;strong<\/p>\n<p>Por Rondoniadinamica \u2013 Na tarde desta quinta-feira (30), a deputada federal Mariana Carvalho, do PSDB de Rond\u00f4nia, usou a Tribuna para participar da sess\u00e3o em homenagens aos 20 anos do PSDB-Mulher.<\/p>\n<p>Durante o discurso, entre outros pontos, a parlamentar disse que se tornou a voz de milhares de mulheres no Congresso.<\/p>\n<p><strong>CONFIRA<\/strong><\/p>\n<div class=\"video-caixa\"><iframe loading=\"lazy\" src=\"https:\/\/www.youtube.com\/embed\/_k5Yp47-ZgA\" width=\"960\" height=\"640\" frameborder=\"0\" data-mce-fragment=\"1\"><\/iframe><\/div>\n<p>Em determinada passagem, aproveitou para dizer:<\/p>\n<p>\u201c[&#8230;] Num momento onde que vemos que a pol\u00edtica \u00e9 algo que muitas vezes n\u00e3o \u00e9 f\u00e1cil voc\u00ea dizer que voc\u00ea \u00e9 mulher e que voc\u00ea participa da pol\u00edtica\u201d.<\/p>\n<p>Em seguida, asseverou:<\/p>\n<p>\u201c[&#8230;] Principalmente quando a gente percebe que ainda somos minorias, mas, principalmente, quando a gente consegue com a nossa garra conseguir mostrar que essas mulheres podem chegar onde elas est\u00e3o\u201d.<\/p>\n<p>Adiante, enfatizou:<\/p>\n<p>\u201cN\u00e3o entrei numa condi\u00e7\u00e3o de ser mulher e de lugar de mulher na Mesa [Diretora]\u201d.<\/p>\n<p>E complementou:<\/p>\n<p>\u201cAqui a gente n\u00e3o sente essa diferen\u00e7a. Acho que a mulher que acaba sentindo uma diferen\u00e7a no tratamento \u00e9 quando ela pr\u00f3pria se vitimiza e se colocar num lugar de coitada, de que \u00e9 mulher\u201d.<\/p>\n<p>Dois anos e dois meses depois, pelo menos no discurso, Mariana Carvalho finalmente sentiu a diferen\u00e7a.<\/p>\n","protected":false},"excerpt":{"rendered":"<p>Em 2017, deputada de Rond\u00f4nia disse uma coisa sobre ser mulher; agora, na sess\u00e3o em homenagem aos 20 anos do PSDB-Mulher, o discurso \u00e9 outro<\/p>\n","protected":false},"author":1,"featured_media":22041,"comment_status":"closed","ping_status":"open","sticky":false,"template":"","format":"standard","meta":{"_exactmetrics_skip_tracking":false,"_exactmetrics_sitenote_active":false,"_exactmetrics_sitenote_note":"","_exactmetrics_sitenote_category":0,"jetpack_post_was_ever_published":false,"_jetpack_newsletter_access":"","_jetpack_dont_email_post_to_subs":false,"_jetpack_newsletter_tier_id":0,"_jetpack_memberships_contains_paywalled_content":false,"_jetpack_memberships_contains_paid_content":false,"footnotes":"","jetpack_publicize_message":"","jetpack_publicize_feature_enabled":true,"jetpack_social_post_already_shared":true,"jetpack_social_options":{"image_generator_settings":{"template":"highway","enabled":false},"version":2}},"categories":[1],"tags":[],"class_list":["post-22040","post","type-post","status-publish","format-standard","has-post-thumbnail","hentry","category-notas"],"jetpack_publicize_connections":[],"jetpack_sharing_enabled":true,"jetpack_featured_media_url":"https:\/\/i0.wp.com\/blogdalucianaoliveira.com.br\/blog\/wp-content\/uploads\/2019\/05\/2C7309EB-8DB5-45BC-935D-2226168155F5.jpeg?fit=960%2C640","jetpack_shortlink":"https:\/\/wp.me\/p7wKYW-5Ju","jetpack-related-posts":[],"_links":{"self":[{"href":"http:\/\/blogdalucianaoliveira.com.br\/blog\/wp-json\/wp\/v2\/posts\/22040","targetHints":{"allow":["GET"]}}],"collection":[{"href":"http:\/\/blogdalucianaoliveira.com.br\/blog\/wp-json\/wp\/v2\/posts"}],"about":[{"href":"http:\/\/blogdalucianaoliveira.com.br\/blog\/wp-json\/wp\/v2\/types\/post"}],"author":[{"embeddable":true,"href":"http:\/\/blogdalucianaoliveira.com.br\/blog\/wp-json\/wp\/v2\/users\/1"}],"replies":[{"embeddable":true,"href":"http:\/\/blogdalucianaoliveira.com.br\/blog\/wp-json\/wp\/v2\/comments?post=22040"}],"version-history":[{"count":2,"href":"http:\/\/blogdalucianaoliveira.com.br\/blog\/wp-json\/wp\/v2\/posts\/22040\/revisions"}],"predecessor-version":[{"id":22047,"href":"http:\/\/blogdalucianaoliveira.com.br\/blog\/wp-json\/wp\/v2\/posts\/22040\/revisions\/22047"}],"wp:featuredmedia":[{"embeddable":true,"href":"http:\/\/blogdalucianaoliveira.com.br\/blog\/wp-json\/wp\/v2\/media\/22041"}],"wp:attachment":[{"href":"http:\/\/blogdalucianaoliveira.com.br\/blog\/wp-json\/wp\/v2\/media?parent=22040"}],"wp:term":[{"taxonomy":"category","embeddable":true,"href":"http:\/\/blogdalucianaoliveira.com.br\/blog\/wp-json\/wp\/v2\/categories?post=22040"},{"taxonomy":"post_tag","embeddable":true,"href":"http:\/\/blogdalucianaoliveira.com.br\/blog\/wp-json\/wp\/v2\/tags?post=22040"}],"curies":[{"name":"wp","href":"https:\/\/api.w.org\/{rel}","templated":true}]}}