{"id":22043,"date":"2019-05-31T09:32:01","date_gmt":"2019-05-31T13:32:01","guid":{"rendered":"http:\/\/blogdalucianaoliveira.com.br\/blog\/?p=22043"},"modified":"2019-05-31T09:32:01","modified_gmt":"2019-05-31T13:32:01","slug":"ibge-13-milhoes-de-desempregados-28-milhoes-sem-trabalho-ou-subempregados","status":"publish","type":"post","link":"http:\/\/blogdalucianaoliveira.com.br\/blog\/2019\/05\/31\/ibge-13-milhoes-de-desempregados-28-milhoes-sem-trabalho-ou-subempregados\/","title":{"rendered":"IBGE: 13 MILH\u00d5ES DE DESEMPREGADOS, 28 MILH\u00d5ES SEM TRABALHO OU SUBEMPREGADOS"},"content":{"rendered":"<p><img data-recalc-dims=\"1\" loading=\"lazy\" decoding=\"async\" data-attachment-id=\"22044\" data-permalink=\"http:\/\/blogdalucianaoliveira.com.br\/blog\/2019\/05\/31\/ibge-13-milhoes-de-desempregados-28-milhoes-sem-trabalho-ou-subempregados\/7f8200bd-feb9-47ec-996a-ae6082998bcd\/\" data-orig-file=\"https:\/\/i0.wp.com\/blogdalucianaoliveira.com.br\/blog\/wp-content\/uploads\/2019\/05\/7F8200BD-FEB9-47EC-996A-AE6082998BCD.jpeg?fit=480%2C240\" data-orig-size=\"480,240\" data-comments-opened=\"0\" data-image-meta=\"{&quot;aperture&quot;:&quot;0&quot;,&quot;credit&quot;:&quot;&quot;,&quot;camera&quot;:&quot;&quot;,&quot;caption&quot;:&quot;&quot;,&quot;created_timestamp&quot;:&quot;0&quot;,&quot;copyright&quot;:&quot;&quot;,&quot;focal_length&quot;:&quot;0&quot;,&quot;iso&quot;:&quot;0&quot;,&quot;shutter_speed&quot;:&quot;0&quot;,&quot;title&quot;:&quot;&quot;,&quot;orientation&quot;:&quot;0&quot;}\" data-image-title=\"7F8200BD-FEB9-47EC-996A-AE6082998BCD\" data-image-description=\"\" data-image-caption=\"\" data-medium-file=\"https:\/\/i0.wp.com\/blogdalucianaoliveira.com.br\/blog\/wp-content\/uploads\/2019\/05\/7F8200BD-FEB9-47EC-996A-AE6082998BCD.jpeg?fit=300%2C150\" data-large-file=\"https:\/\/i0.wp.com\/blogdalucianaoliveira.com.br\/blog\/wp-content\/uploads\/2019\/05\/7F8200BD-FEB9-47EC-996A-AE6082998BCD.jpeg?fit=480%2C240\" src=\"https:\/\/i0.wp.com\/blogdalucianaoliveira.com.br\/blog\/wp-content\/uploads\/2019\/05\/7F8200BD-FEB9-47EC-996A-AE6082998BCD.jpeg?resize=480%2C240\" alt=\"7F8200BD-FEB9-47EC-996A-AE6082998BCD\" width=\"480\" height=\"240\" class=\"alignnone size-full wp-image-22044\" srcset=\"https:\/\/i0.wp.com\/blogdalucianaoliveira.com.br\/blog\/wp-content\/uploads\/2019\/05\/7F8200BD-FEB9-47EC-996A-AE6082998BCD.jpeg?w=480 480w, https:\/\/i0.wp.com\/blogdalucianaoliveira.com.br\/blog\/wp-content\/uploads\/2019\/05\/7F8200BD-FEB9-47EC-996A-AE6082998BCD.jpeg?resize=300%2C150 300w\" sizes=\"auto, (max-width: 480px) 100vw, 480px\" \/><\/p>\n<p>247 &#8211; O fiasco da pol\u00edtica econ\u00f4mica implantada pelo presidente Jair Bolsonaro e pelo ministro da Economia, Paulo Guedes, elevou para 28,4 milh\u00f5es o n\u00famero de trabalhadores subutilizados no Brasil no trimestre encerrado em abril, n\u00famero recorde da s\u00e9rie hist\u00f3rica iniciada em 2012. Na compara\u00e7\u00e3o com o trimestre encerrado em janeiro, houve crescimento de 3,9%, alcan\u00e7ando um contingente de 1,06 milh\u00e3o de pessoas.<!--more--><\/p>\n<p>Segundo dados do Instituto Brasileiro de Geografia e Estat\u00edstica (IBGE), a taxa de desemprego no Brasil no per\u00edodo foi de 12,5%, representando uma alta em compara\u00e7\u00e3o aos 12% registrados no trimestre encerrado em janeiro. Ao todo, cerca de 13,2 milh\u00f5es de brasileiros estavam desempregados no per\u00edodo, alta de 4,4% sobre o trimestre anterior.<\/p>\n<p>O IBGE j\u00e1 havia divulgado nesta quinta-feira (30) outro dado desalentador da economia ao apontar que o Produto Interno Bruto (PIB) caiu 0,2% no primeiro trimestre (aqui). A contra\u00e7\u00e3o foi a primeira registrada desde 2016 e aumenta a incerteza sobre os rumos da economia.<\/p>\n<p>Segundo o IBGE, o \u00edndice de subutiliza\u00e7\u00e3o passou de 24,2% no trimestre de novembro de 2018 a janeiro de 2019, para 24,9%. O indicador aponta que 1 em cada 4 brasileiros est\u00e1 desempregado ou tem sua for\u00e7a de trabalho subutilizada. J\u00e1 o n\u00famero de desalentados no trimestre terminado em abril chegou a 4,9 milh\u00f5es de trabalhadores, representando uma alta de 4,2% em um ano e um recorde da s\u00e9rie hist\u00f3rica.<\/p>\n<p>Segundo dados do Cadastro Geral de Empregados e Desempregados (Caged), o Brasil criou 129,6 mil postos de trabalhos com carteira assinada em abril. No acumulado entre janeiro e abril foram criadas 313.835 vagas com carteira assinada, queda de 6,83% em compara\u00e7\u00e3o com o mesmo per\u00edodo de 2018.<\/p>\n","protected":false},"excerpt":{"rendered":"<p>247 &#8211; O fiasco da pol\u00edtica econ\u00f4mica implantada pelo presidente Jair Bolsonaro e pelo ministro da Economia, Paulo Guedes, elevou para 28,4 milh\u00f5es o n\u00famero de trabalhadores subutilizados no Brasil no trimestre encerrado em abril, n\u00famero recorde da s\u00e9rie hist\u00f3rica iniciada em 2012. Na compara\u00e7\u00e3o com o trimestre encerrado em janeiro, houve crescimento de 3,9%,&#8230;<a class=\"more-link\" href=\"http:\/\/blogdalucianaoliveira.com.br\/blog\/2019\/05\/31\/ibge-13-milhoes-de-desempregados-28-milhoes-sem-trabalho-ou-subempregados\/\">Continue a leitura <span class=\"meta-nav\">&raquo;<\/span><\/a><\/p>\n","protected":false},"author":1,"featured_media":0,"comment_status":"closed","ping_status":"open","sticky":false,"template":"","format":"standard","meta":{"_exactmetrics_skip_tracking":false,"_exactmetrics_sitenote_active":false,"_exactmetrics_sitenote_note":"","_exactmetrics_sitenote_category":0,"jetpack_post_was_ever_published":false,"_jetpack_newsletter_access":"","_jetpack_dont_email_post_to_subs":false,"_jetpack_newsletter_tier_id":0,"_jetpack_memberships_contains_paywalled_content":false,"_jetpack_memberships_contains_paid_content":false,"footnotes":"","jetpack_publicize_message":"","jetpack_publicize_feature_enabled":true,"jetpack_social_post_already_shared":true,"jetpack_social_options":{"image_generator_settings":{"template":"highway","enabled":false},"version":2}},"categories":[1],"tags":[],"class_list":["post-22043","post","type-post","status-publish","format-standard","hentry","category-notas"],"jetpack_publicize_connections":[],"jetpack_sharing_enabled":true,"jetpack_featured_media_url":"","jetpack_shortlink":"https:\/\/wp.me\/p7wKYW-5Jx","jetpack-related-posts":[],"_links":{"self":[{"href":"http:\/\/blogdalucianaoliveira.com.br\/blog\/wp-json\/wp\/v2\/posts\/22043","targetHints":{"allow":["GET"]}}],"collection":[{"href":"http:\/\/blogdalucianaoliveira.com.br\/blog\/wp-json\/wp\/v2\/posts"}],"about":[{"href":"http:\/\/blogdalucianaoliveira.com.br\/blog\/wp-json\/wp\/v2\/types\/post"}],"author":[{"embeddable":true,"href":"http:\/\/blogdalucianaoliveira.com.br\/blog\/wp-json\/wp\/v2\/users\/1"}],"replies":[{"embeddable":true,"href":"http:\/\/blogdalucianaoliveira.com.br\/blog\/wp-json\/wp\/v2\/comments?post=22043"}],"version-history":[{"count":1,"href":"http:\/\/blogdalucianaoliveira.com.br\/blog\/wp-json\/wp\/v2\/posts\/22043\/revisions"}],"predecessor-version":[{"id":22045,"href":"http:\/\/blogdalucianaoliveira.com.br\/blog\/wp-json\/wp\/v2\/posts\/22043\/revisions\/22045"}],"wp:attachment":[{"href":"http:\/\/blogdalucianaoliveira.com.br\/blog\/wp-json\/wp\/v2\/media?parent=22043"}],"wp:term":[{"taxonomy":"category","embeddable":true,"href":"http:\/\/blogdalucianaoliveira.com.br\/blog\/wp-json\/wp\/v2\/categories?post=22043"},{"taxonomy":"post_tag","embeddable":true,"href":"http:\/\/blogdalucianaoliveira.com.br\/blog\/wp-json\/wp\/v2\/tags?post=22043"}],"curies":[{"name":"wp","href":"https:\/\/api.w.org\/{rel}","templated":true}]}}