{"id":22048,"date":"2019-05-31T12:37:43","date_gmt":"2019-05-31T16:37:43","guid":{"rendered":"http:\/\/blogdalucianaoliveira.com.br\/blog\/?p=22048"},"modified":"2019-05-31T13:07:36","modified_gmt":"2019-05-31T17:07:36","slug":"nao-tem-comparacao","status":"publish","type":"post","link":"http:\/\/blogdalucianaoliveira.com.br\/blog\/2019\/05\/31\/nao-tem-comparacao\/","title":{"rendered":"N\u00e3o tem compara\u00e7\u00e3o"},"content":{"rendered":"<p><img data-recalc-dims=\"1\" loading=\"lazy\" decoding=\"async\" data-attachment-id=\"22049\" data-permalink=\"http:\/\/blogdalucianaoliveira.com.br\/blog\/2019\/05\/31\/nao-tem-comparacao\/livro1\/\" data-orig-file=\"https:\/\/i0.wp.com\/blogdalucianaoliveira.com.br\/blog\/wp-content\/uploads\/2019\/05\/livro1.jpg?fit=960%2C720\" data-orig-size=\"960,720\" data-comments-opened=\"0\" data-image-meta=\"{&quot;aperture&quot;:&quot;0&quot;,&quot;credit&quot;:&quot;&quot;,&quot;camera&quot;:&quot;&quot;,&quot;caption&quot;:&quot;&quot;,&quot;created_timestamp&quot;:&quot;0&quot;,&quot;copyright&quot;:&quot;&quot;,&quot;focal_length&quot;:&quot;0&quot;,&quot;iso&quot;:&quot;0&quot;,&quot;shutter_speed&quot;:&quot;0&quot;,&quot;title&quot;:&quot;&quot;,&quot;orientation&quot;:&quot;0&quot;}\" data-image-title=\"livro1\" data-image-description=\"\" data-image-caption=\"\" data-medium-file=\"https:\/\/i0.wp.com\/blogdalucianaoliveira.com.br\/blog\/wp-content\/uploads\/2019\/05\/livro1.jpg?fit=300%2C225\" data-large-file=\"https:\/\/i0.wp.com\/blogdalucianaoliveira.com.br\/blog\/wp-content\/uploads\/2019\/05\/livro1.jpg?fit=600%2C450\" class=\"alignnone size-full wp-image-22049\" src=\"https:\/\/i0.wp.com\/blogdalucianaoliveira.com.br\/blog\/wp-content\/uploads\/2019\/05\/livro1.jpg?resize=600%2C450\" alt=\"livro1\" width=\"600\" height=\"450\" srcset=\"https:\/\/i0.wp.com\/blogdalucianaoliveira.com.br\/blog\/wp-content\/uploads\/2019\/05\/livro1.jpg?w=960 960w, https:\/\/i0.wp.com\/blogdalucianaoliveira.com.br\/blog\/wp-content\/uploads\/2019\/05\/livro1.jpg?resize=300%2C225 300w, https:\/\/i0.wp.com\/blogdalucianaoliveira.com.br\/blog\/wp-content\/uploads\/2019\/05\/livro1.jpg?resize=768%2C576 768w, https:\/\/i0.wp.com\/blogdalucianaoliveira.com.br\/blog\/wp-content\/uploads\/2019\/05\/livro1.jpg?resize=400%2C300 400w\" sizes=\"auto, (max-width: 600px) 100vw, 600px\" \/><\/p>\n<p>Fui aos atos pr\u00f3 e contra o governo Bolsonaro e acho que causa e senso cr\u00edtico dos manifestantes \u00e9 a grande diferen\u00e7a entre um e outro.<\/p>\n<p>Isso ficou muito claro nos cartazes, palavras de ordem e gestos que lan\u00e7aram \u00e0s extremidades duas massas robustas da sociedade brasileira.<\/p>\n<p>Uma atingiu mais cidades e a outra juntou mais gente e por mais tempo nas ruas.<\/p>\n<p>Se defesa ou desd\u00e9m com a educa\u00e7\u00e3o levaram tantos aos protestos, ganha relevo quais manifestantes demonstraram capacidade de vencer o debate racionalmente.<!--more--><\/p>\n<p>Alguma d\u00favida sobre o que n\u00e3o fez o menor sentido, erguer ou derrubar uma faixa pedindo educa\u00e7\u00e3o?<\/p>\n<p>O \u00f3bvio sobre quem tem raz\u00e3o incomoda e resta o apelo ao boicote ou\u00a0 \u00e0 censura.<\/p>\n<p>No primeiro grande ato contra o governo o presidente Jair Bolsonaro genericamente chamou manifestantes de idiotas \u00fateis.<\/p>\n<p>No segundo o ministro da educa\u00e7\u00e3o, Abraham Weintraub, ousou anunciar que professores, alunos e pais est\u00e3o proibidos de promover ou estimular protestos que tenham car\u00e1ter pol\u00edtico.<\/p>\n<p>O desespero leva \u00e0 loucura.<\/p>\n<p>Bolsonaro e Weintraub sabem que professores, estudantes e trabalhadores unidos n\u00e3o podem ser vencidos.<\/p>\n<p>A turba bolsonarista que defendeu privil\u00e9gios e o triunfo da hipocrisia no combate \u00e0 corrup\u00e7\u00e3o, tem tudo para encolher.<\/p>\n<p>Os que lutam pela educa\u00e7\u00e3o e consequentemente, pelo futuro do pa\u00eds, tudo para se agigantarem.<\/p>\n<p>Os atos unificados pela educa\u00e7\u00e3o e contra a reforma da previd\u00eancia foram emblem\u00e1ticos pela mensagem que enviaram n\u00e3o s\u00f3 ao planalto, mas aos demais poderes.<\/p>\n<p>A bandeira da educa\u00e7\u00e3o tem que estar permanentemente erguida como solu\u00e7\u00e3o e precisa de freio o governo que apoia mil\u00edcias e elege professores como inimigos.<\/p>\n<p>Os atos merecem compara\u00e7\u00e3o n\u00e3o por quantidade, mas por qualidade da causa.<\/p>\n<p>S\u00f3 quem gosta de sala de aula, professores e livros sabe por que queimaram as bandeiras dos Estados Unidos e de Israel no ato em Porto Velho (RO), em resposta \u00e0 vassalagem que Bolsonaro quer impor ao Brasil.<\/p>\n<p>P\u00e1tria armada com livros ou com o escudo da ignor\u00e2ncia?<\/p>\n<p>Quantos e por quanto tempo v\u00e3o se orgulhar de defender a burrice de Bolsonaro?<\/p>\n<p>S\u00e3o quest\u00f5es f\u00e1ceis de responder para escolher o lado certo na luta.<\/p>\n","protected":false},"excerpt":{"rendered":"<p>Fui aos atos pr\u00f3 e contra o governo Bolsonaro e acho que causa e senso cr\u00edtico dos manifestantes \u00e9 a grande diferen\u00e7a entre um e outro. Isso ficou muito claro nos cartazes, palavras de ordem e gestos que lan\u00e7aram \u00e0s extremidades duas massas robustas da sociedade brasileira. Uma atingiu mais cidades e a outra juntou&#8230;<a class=\"more-link\" href=\"http:\/\/blogdalucianaoliveira.com.br\/blog\/2019\/05\/31\/nao-tem-comparacao\/\">Continue a leitura <span class=\"meta-nav\">&raquo;<\/span><\/a><\/p>\n","protected":false},"author":1,"featured_media":0,"comment_status":"closed","ping_status":"open","sticky":false,"template":"","format":"standard","meta":{"_exactmetrics_skip_tracking":false,"_exactmetrics_sitenote_active":false,"_exactmetrics_sitenote_note":"","_exactmetrics_sitenote_category":0,"jetpack_post_was_ever_published":false,"_jetpack_newsletter_access":"","_jetpack_dont_email_post_to_subs":false,"_jetpack_newsletter_tier_id":0,"_jetpack_memberships_contains_paywalled_content":false,"_jetpack_memberships_contains_paid_content":false,"footnotes":"","jetpack_publicize_message":"","jetpack_publicize_feature_enabled":true,"jetpack_social_post_already_shared":true,"jetpack_social_options":{"image_generator_settings":{"template":"highway","enabled":false},"version":2}},"categories":[1],"tags":[],"class_list":["post-22048","post","type-post","status-publish","format-standard","hentry","category-notas"],"jetpack_publicize_connections":[],"jetpack_sharing_enabled":true,"jetpack_featured_media_url":"","jetpack_shortlink":"https:\/\/wp.me\/p7wKYW-5JC","jetpack-related-posts":[],"_links":{"self":[{"href":"http:\/\/blogdalucianaoliveira.com.br\/blog\/wp-json\/wp\/v2\/posts\/22048","targetHints":{"allow":["GET"]}}],"collection":[{"href":"http:\/\/blogdalucianaoliveira.com.br\/blog\/wp-json\/wp\/v2\/posts"}],"about":[{"href":"http:\/\/blogdalucianaoliveira.com.br\/blog\/wp-json\/wp\/v2\/types\/post"}],"author":[{"embeddable":true,"href":"http:\/\/blogdalucianaoliveira.com.br\/blog\/wp-json\/wp\/v2\/users\/1"}],"replies":[{"embeddable":true,"href":"http:\/\/blogdalucianaoliveira.com.br\/blog\/wp-json\/wp\/v2\/comments?post=22048"}],"version-history":[{"count":5,"href":"http:\/\/blogdalucianaoliveira.com.br\/blog\/wp-json\/wp\/v2\/posts\/22048\/revisions"}],"predecessor-version":[{"id":22054,"href":"http:\/\/blogdalucianaoliveira.com.br\/blog\/wp-json\/wp\/v2\/posts\/22048\/revisions\/22054"}],"wp:attachment":[{"href":"http:\/\/blogdalucianaoliveira.com.br\/blog\/wp-json\/wp\/v2\/media?parent=22048"}],"wp:term":[{"taxonomy":"category","embeddable":true,"href":"http:\/\/blogdalucianaoliveira.com.br\/blog\/wp-json\/wp\/v2\/categories?post=22048"},{"taxonomy":"post_tag","embeddable":true,"href":"http:\/\/blogdalucianaoliveira.com.br\/blog\/wp-json\/wp\/v2\/tags?post=22048"}],"curies":[{"name":"wp","href":"https:\/\/api.w.org\/{rel}","templated":true}]}}