{"id":22055,"date":"2019-05-31T13:40:04","date_gmt":"2019-05-31T17:40:04","guid":{"rendered":"http:\/\/blogdalucianaoliveira.com.br\/blog\/?p=22055"},"modified":"2019-05-31T13:57:56","modified_gmt":"2019-05-31T17:57:56","slug":"oxe-maninho-nao-vai-perder","status":"publish","type":"post","link":"http:\/\/blogdalucianaoliveira.com.br\/blog\/2019\/05\/31\/oxe-maninho-nao-vai-perder\/","title":{"rendered":"Oxe Maninho, n\u00e3o vai perder!"},"content":{"rendered":"<p><img data-recalc-dims=\"1\" loading=\"lazy\" decoding=\"async\" data-attachment-id=\"22056\" data-permalink=\"http:\/\/blogdalucianaoliveira.com.br\/blog\/2019\/05\/31\/oxe-maninho-nao-vai-perder\/oxe\/\" data-orig-file=\"https:\/\/i0.wp.com\/blogdalucianaoliveira.com.br\/blog\/wp-content\/uploads\/2019\/05\/oxe.jpg?fit=750%2C423\" data-orig-size=\"750,423\" data-comments-opened=\"0\" data-image-meta=\"{&quot;aperture&quot;:&quot;0&quot;,&quot;credit&quot;:&quot;&quot;,&quot;camera&quot;:&quot;&quot;,&quot;caption&quot;:&quot;&quot;,&quot;created_timestamp&quot;:&quot;0&quot;,&quot;copyright&quot;:&quot;&quot;,&quot;focal_length&quot;:&quot;0&quot;,&quot;iso&quot;:&quot;0&quot;,&quot;shutter_speed&quot;:&quot;0&quot;,&quot;title&quot;:&quot;&quot;,&quot;orientation&quot;:&quot;0&quot;}\" data-image-title=\"oxe\" data-image-description=\"\" data-image-caption=\"\" data-medium-file=\"https:\/\/i0.wp.com\/blogdalucianaoliveira.com.br\/blog\/wp-content\/uploads\/2019\/05\/oxe.jpg?fit=300%2C169\" data-large-file=\"https:\/\/i0.wp.com\/blogdalucianaoliveira.com.br\/blog\/wp-content\/uploads\/2019\/05\/oxe.jpg?fit=600%2C338\" class=\"alignnone size-full wp-image-22056\" src=\"https:\/\/i0.wp.com\/blogdalucianaoliveira.com.br\/blog\/wp-content\/uploads\/2019\/05\/oxe.jpg?resize=600%2C338\" alt=\"oxe\" width=\"600\" height=\"338\" srcset=\"https:\/\/i0.wp.com\/blogdalucianaoliveira.com.br\/blog\/wp-content\/uploads\/2019\/05\/oxe.jpg?w=750 750w, https:\/\/i0.wp.com\/blogdalucianaoliveira.com.br\/blog\/wp-content\/uploads\/2019\/05\/oxe.jpg?resize=300%2C169 300w, https:\/\/i0.wp.com\/blogdalucianaoliveira.com.br\/blog\/wp-content\/uploads\/2019\/05\/oxe.jpg?resize=532%2C300 532w\" sizes=\"auto, (max-width: 600px) 100vw, 600px\" \/><\/p>\n<p>Quem procura um chiado gostoso para dar in\u00edcio a agenda de festas juninas tem que correr para reservar mesa\u00a0 do Esquenta de S\u00e3o Jo\u00e3o\u00a0 Oxe Maninho, com o quarteto dos Cobras do Forr\u00f3.<\/p>\n<p>Ser\u00e1 neste domingo, 2, a partir das 17 horas, na Associa\u00e7\u00e3o dos Empregados da Ceron &#8211; AEC, que fica na avenida Tiradentes 3817.<\/p>\n<p>Al\u00e9m do melhor forr\u00f3 p\u00e9 de serra, xaxado e bai\u00e3o, vai ter quadrilha e comidas t\u00edpicas na festan\u00e7a.<!--more--><\/p>\n<p>\u00c9 para quem tem bom gosto e para todo bolso.<\/p>\n<p>A mesa custa 40 reais (antecipada) e o ingresso individual 10 reais.<\/p>\n<p>Todo tempo quanto houver ser\u00e1 pouco para acompanhar a anima\u00e7\u00e3o de Patr\u00edcia Morais que promete repert\u00f3rio\u00a0 pra ningu\u00e9m botar defeito.<\/p>\n<p><iframe loading=\"lazy\" src=\"https:\/\/www.facebook.com\/plugins\/video.php?href=https%3A%2F%2Fwww.facebook.com%2Fpatricia.morais.7370%2Fvideos%2F1836511916449011%2F&#038;show_text=0&#038;width=560\" width=\"560\" height=\"315\" style=\"border:none;overflow:hidden\" scrolling=\"no\" frameborder=\"0\" allowTransparency=\"true\" allowFullScreen=\"true\"><\/iframe><br \/>\n&nbsp;<\/p>\n<p>&nbsp;<\/p>\n","protected":false},"excerpt":{"rendered":"<p>Quem procura um chiado gostoso para dar in\u00edcio a agenda de festas juninas tem que correr para reservar mesa\u00a0 do Esquenta de S\u00e3o Jo\u00e3o\u00a0 Oxe Maninho, com o quarteto dos Cobras do Forr\u00f3. Ser\u00e1 neste domingo, 2, a partir das 17 horas, na Associa\u00e7\u00e3o dos Empregados da Ceron &#8211; AEC, que fica na avenida Tiradentes&#8230;<a class=\"more-link\" href=\"http:\/\/blogdalucianaoliveira.com.br\/blog\/2019\/05\/31\/oxe-maninho-nao-vai-perder\/\">Continue a leitura <span class=\"meta-nav\">&raquo;<\/span><\/a><\/p>\n","protected":false},"author":1,"featured_media":0,"comment_status":"closed","ping_status":"open","sticky":false,"template":"","format":"standard","meta":{"_exactmetrics_skip_tracking":false,"_exactmetrics_sitenote_active":false,"_exactmetrics_sitenote_note":"","_exactmetrics_sitenote_category":0,"jetpack_post_was_ever_published":false,"_jetpack_newsletter_access":"","_jetpack_dont_email_post_to_subs":false,"_jetpack_newsletter_tier_id":0,"_jetpack_memberships_contains_paywalled_content":false,"_jetpack_memberships_contains_paid_content":false,"footnotes":"","jetpack_publicize_message":"","jetpack_publicize_feature_enabled":true,"jetpack_social_post_already_shared":true,"jetpack_social_options":{"image_generator_settings":{"template":"highway","enabled":false},"version":2}},"categories":[1],"tags":[],"class_list":["post-22055","post","type-post","status-publish","format-standard","hentry","category-notas"],"jetpack_publicize_connections":[],"jetpack_sharing_enabled":true,"jetpack_featured_media_url":"","jetpack_shortlink":"https:\/\/wp.me\/p7wKYW-5JJ","jetpack-related-posts":[],"_links":{"self":[{"href":"http:\/\/blogdalucianaoliveira.com.br\/blog\/wp-json\/wp\/v2\/posts\/22055","targetHints":{"allow":["GET"]}}],"collection":[{"href":"http:\/\/blogdalucianaoliveira.com.br\/blog\/wp-json\/wp\/v2\/posts"}],"about":[{"href":"http:\/\/blogdalucianaoliveira.com.br\/blog\/wp-json\/wp\/v2\/types\/post"}],"author":[{"embeddable":true,"href":"http:\/\/blogdalucianaoliveira.com.br\/blog\/wp-json\/wp\/v2\/users\/1"}],"replies":[{"embeddable":true,"href":"http:\/\/blogdalucianaoliveira.com.br\/blog\/wp-json\/wp\/v2\/comments?post=22055"}],"version-history":[{"count":3,"href":"http:\/\/blogdalucianaoliveira.com.br\/blog\/wp-json\/wp\/v2\/posts\/22055\/revisions"}],"predecessor-version":[{"id":22060,"href":"http:\/\/blogdalucianaoliveira.com.br\/blog\/wp-json\/wp\/v2\/posts\/22055\/revisions\/22060"}],"wp:attachment":[{"href":"http:\/\/blogdalucianaoliveira.com.br\/blog\/wp-json\/wp\/v2\/media?parent=22055"}],"wp:term":[{"taxonomy":"category","embeddable":true,"href":"http:\/\/blogdalucianaoliveira.com.br\/blog\/wp-json\/wp\/v2\/categories?post=22055"},{"taxonomy":"post_tag","embeddable":true,"href":"http:\/\/blogdalucianaoliveira.com.br\/blog\/wp-json\/wp\/v2\/tags?post=22055"}],"curies":[{"name":"wp","href":"https:\/\/api.w.org\/{rel}","templated":true}]}}