{"id":22064,"date":"2019-05-31T17:39:08","date_gmt":"2019-05-31T21:39:08","guid":{"rendered":"http:\/\/blogdalucianaoliveira.com.br\/blog\/?p=22064"},"modified":"2019-05-31T17:39:08","modified_gmt":"2019-05-31T21:39:08","slug":"greve-geral-apos-atos-pela-educacao-ideia-e-parar-tudo-em-14-de-junho","status":"publish","type":"post","link":"http:\/\/blogdalucianaoliveira.com.br\/blog\/2019\/05\/31\/greve-geral-apos-atos-pela-educacao-ideia-e-parar-tudo-em-14-de-junho\/","title":{"rendered":"Greve geral: ap\u00f3s atos pela educa\u00e7\u00e3o, ideia \u00e9 &#8220;parar tudo&#8221; em 14 de junho"},"content":{"rendered":"<p><img data-recalc-dims=\"1\" loading=\"lazy\" decoding=\"async\" data-attachment-id=\"22065\" data-permalink=\"http:\/\/blogdalucianaoliveira.com.br\/blog\/2019\/05\/31\/greve-geral-apos-atos-pela-educacao-ideia-e-parar-tudo-em-14-de-junho\/03217105-73a4-42ad-a327-61f134914e1b\/\" data-orig-file=\"https:\/\/i0.wp.com\/blogdalucianaoliveira.com.br\/blog\/wp-content\/uploads\/2019\/05\/03217105-73A4-42AD-A327-61F134914E1B.jpeg?fit=536%2C531\" data-orig-size=\"536,531\" data-comments-opened=\"0\" data-image-meta=\"{&quot;aperture&quot;:&quot;0&quot;,&quot;credit&quot;:&quot;&quot;,&quot;camera&quot;:&quot;&quot;,&quot;caption&quot;:&quot;&quot;,&quot;created_timestamp&quot;:&quot;0&quot;,&quot;copyright&quot;:&quot;&quot;,&quot;focal_length&quot;:&quot;0&quot;,&quot;iso&quot;:&quot;0&quot;,&quot;shutter_speed&quot;:&quot;0&quot;,&quot;title&quot;:&quot;&quot;,&quot;orientation&quot;:&quot;0&quot;}\" data-image-title=\"03217105-73A4-42AD-A327-61F134914E1B\" data-image-description=\"\" data-image-caption=\"\" data-medium-file=\"https:\/\/i0.wp.com\/blogdalucianaoliveira.com.br\/blog\/wp-content\/uploads\/2019\/05\/03217105-73A4-42AD-A327-61F134914E1B.jpeg?fit=300%2C297\" data-large-file=\"https:\/\/i0.wp.com\/blogdalucianaoliveira.com.br\/blog\/wp-content\/uploads\/2019\/05\/03217105-73A4-42AD-A327-61F134914E1B.jpeg?fit=536%2C531\" src=\"https:\/\/i0.wp.com\/blogdalucianaoliveira.com.br\/blog\/wp-content\/uploads\/2019\/05\/03217105-73A4-42AD-A327-61F134914E1B.jpeg?resize=536%2C531\" alt=\"03217105-73A4-42AD-A327-61F134914E1B\" width=\"536\" height=\"531\" class=\"alignnone size-full wp-image-22065\" srcset=\"https:\/\/i0.wp.com\/blogdalucianaoliveira.com.br\/blog\/wp-content\/uploads\/2019\/05\/03217105-73A4-42AD-A327-61F134914E1B.jpeg?w=536 536w, https:\/\/i0.wp.com\/blogdalucianaoliveira.com.br\/blog\/wp-content\/uploads\/2019\/05\/03217105-73A4-42AD-A327-61F134914E1B.jpeg?resize=150%2C150 150w, https:\/\/i0.wp.com\/blogdalucianaoliveira.com.br\/blog\/wp-content\/uploads\/2019\/05\/03217105-73A4-42AD-A327-61F134914E1B.jpeg?resize=300%2C297 300w, https:\/\/i0.wp.com\/blogdalucianaoliveira.com.br\/blog\/wp-content\/uploads\/2019\/05\/03217105-73A4-42AD-A327-61F134914E1B.jpeg?resize=303%2C300 303w\" sizes=\"auto, (max-width: 536px) 100vw, 536px\" \/><\/p>\n<p>Para o secret\u00e1rio-geral da CUT-SP, mobiliza\u00e7\u00e3o das \u00faltimas semanas fortaleceram luta contra a reforma da Previd\u00eancia<!--more--><\/p>\n<p>Luciana Console<br \/>\nBrasil de Fato <\/p>\n<p>O sucesso das mobiliza\u00e7\u00f5es pela educa\u00e7\u00e3o, em todo o pa\u00eds, refor\u00e7ou o chamamento para a greve geral contra a perda de direitos dos trabalhadores brasileiros, marcada para 14 de junho. O ponto-chave da greve \u00e9 a defesa da Previd\u00eancia p\u00fablica e solid\u00e1ria que est\u00e1 sendo atacada pelo projeto de reforma do governo Bolsonaro.<\/p>\n<p>&#8220;A reforma do Bolsonaro n\u00e3o \u00e9 uma reforma, \u00e9 uma destrui\u00e7\u00e3o do sistema de seguridade social&#8221;, explica o secret\u00e1rio-geral da CUT-SP, Jo\u00e3o Cayres, em entrevista ao Brasil de Fato. Leia abaixo os principais trechos:<\/p>\n<p>Brasil de Fato: Qual a import\u00e2ncia das mobiliza\u00e7\u00f5es da educa\u00e7\u00e3o para o chamamento da Greve Geral?<\/p>\n<p>Jo\u00e3o Cayres: A greve geral j\u00e1 estava sendo discutida antes do movimento da educa\u00e7\u00e3o. (\u2026) Foi muito bom porque foi um sucesso (\u2026), e neste momento todo a gente tamb\u00e9m est\u00e1 agregando \u00e0 discuss\u00e3o da Previd\u00eancia, da Seguridade Social, e j\u00e1 estamos agregando tamb\u00e9m para a Greve Geral a quest\u00e3o dos cortes na Educa\u00e7\u00e3o (\u2026). <\/p>\n<p>Em rela\u00e7\u00e3o \u00e0 Previd\u00eancia, as centrais divergem em alguns pontos. Gostaria que voc\u00ea falasse um pouco nesse sentido.<\/p>\n<p>N\u00f3s estamos lidando muito bem, pela primeira vez na hist\u00f3ria n\u00f3s conseguimos fazer um 1\u00ba de Maio unificado, com todas as centrais sindicais. Algo in\u00e9dito, cada central sindical fazia o seu, falava com seu p\u00fablico espec\u00edfico, mas a gente conseguiu depois de muita conversa unificar. Do ponto de vista da reforma, o que tem claro pra n\u00f3s \u00e9 que a reforma do Bolsonaro n\u00e3o \u00e9 uma reforma, \u00e9 uma destrui\u00e7\u00e3o do sistema de seguridade social. O que ele apresenta, que \u00e9 o sistema de capitaliza\u00e7\u00e3o, n\u00e3o agrada nenhum tipo de central sindical. Pode ter uma ou outra pensando alguma coisa, em fazer algum tipo de reforma, mas n\u00f3s da CUT entendemos que as reformas j\u00e1 foram feitas. A \u00faltima foi em 2015 com a Dilma, com o fator 85\/95, que j\u00e1 virou 86\/95, que j\u00e1 resolve v\u00e1rios problemas. E a reforma de 2003, (\u2026) que foi essa hist\u00f3ria de combate aos privil\u00e9gios. O pessoal fala muito disso, que agora funcion\u00e1rio p\u00fablico n\u00e3o vai mais receber isso aquilo, isso \u00e9 mentira, por que isso j\u00e1 foi resolvido. (\u2026) Ent\u00e3o essa discuss\u00e3o pra n\u00f3s est\u00e1 tranquila. N\u00f3s unimos neste sentido, de que somos contra o sistema de capitaliza\u00e7\u00e3o porque dentro da reforma da Previd\u00eancia tem tamb\u00e9m umas mudan\u00e7as que aprofunda o desastre da Reforma Trabalhista. Que \u00e9 o caso da chamada Carteira Verde Amarela. <\/p>\n<p>Em rela\u00e7\u00e3o a di\u00e1logo com governo, h\u00e1 espa\u00e7o ou \u00e9 invi\u00e1vel?<\/p>\n<p>\u00c9 s\u00f3 pegar a declara\u00e7\u00e3o do Ministro da Economia, que diz que se mexer uma v\u00edrgula ele vai embora do pa\u00eds. \u00c9 um garoto mimado que n\u00e3o aceita nada e que se n\u00e3o tiver o que ele est\u00e1 pedindo ele vai morar fora. Ou seja, n\u00e3o tem conversa. <\/p>\n<p>Faltando cerca de 15 dias para a Greve Geral, v\u00e3o ser realizadas atividades de mobiliza\u00e7\u00e3o at\u00e9 l\u00e1?<\/p>\n<p>O que a gente tem feito, falando pela CUT e as subsedes de v\u00e1rias regi\u00f5es de S\u00e3o Paulo, estamos realizando plen\u00e1rias nos sindicatos debatendo justamente a forma de fazer as atividades. Vamos fazer panfletagem, assembleias nos locais de trabalho, mobilizando e conscientizando, usando as redes sociais tamb\u00e9m. Estamos conversando com setor de transporte e a ideia \u00e9 parar tudo, como aconteceu no dia 28 de abril de 2017.<\/p>\n<p>Edi\u00e7\u00e3o: Jo\u00e3o Paulo Soares<\/p>\n","protected":false},"excerpt":{"rendered":"<p>Para o secret\u00e1rio-geral da CUT-SP, mobiliza\u00e7\u00e3o das \u00faltimas semanas fortaleceram luta contra a reforma da Previd\u00eancia<\/p>\n","protected":false},"author":1,"featured_media":0,"comment_status":"closed","ping_status":"open","sticky":false,"template":"","format":"standard","meta":{"_exactmetrics_skip_tracking":false,"_exactmetrics_sitenote_active":false,"_exactmetrics_sitenote_note":"","_exactmetrics_sitenote_category":0,"jetpack_post_was_ever_published":false,"_jetpack_newsletter_access":"","_jetpack_dont_email_post_to_subs":false,"_jetpack_newsletter_tier_id":0,"_jetpack_memberships_contains_paywalled_content":false,"_jetpack_memberships_contains_paid_content":false,"footnotes":"","jetpack_publicize_message":"","jetpack_publicize_feature_enabled":true,"jetpack_social_post_already_shared":true,"jetpack_social_options":{"image_generator_settings":{"template":"highway","enabled":false},"version":2}},"categories":[1],"tags":[],"class_list":["post-22064","post","type-post","status-publish","format-standard","hentry","category-notas"],"jetpack_publicize_connections":[],"jetpack_sharing_enabled":true,"jetpack_featured_media_url":"","jetpack_shortlink":"https:\/\/wp.me\/p7wKYW-5JS","jetpack-related-posts":[],"_links":{"self":[{"href":"http:\/\/blogdalucianaoliveira.com.br\/blog\/wp-json\/wp\/v2\/posts\/22064","targetHints":{"allow":["GET"]}}],"collection":[{"href":"http:\/\/blogdalucianaoliveira.com.br\/blog\/wp-json\/wp\/v2\/posts"}],"about":[{"href":"http:\/\/blogdalucianaoliveira.com.br\/blog\/wp-json\/wp\/v2\/types\/post"}],"author":[{"embeddable":true,"href":"http:\/\/blogdalucianaoliveira.com.br\/blog\/wp-json\/wp\/v2\/users\/1"}],"replies":[{"embeddable":true,"href":"http:\/\/blogdalucianaoliveira.com.br\/blog\/wp-json\/wp\/v2\/comments?post=22064"}],"version-history":[{"count":1,"href":"http:\/\/blogdalucianaoliveira.com.br\/blog\/wp-json\/wp\/v2\/posts\/22064\/revisions"}],"predecessor-version":[{"id":22067,"href":"http:\/\/blogdalucianaoliveira.com.br\/blog\/wp-json\/wp\/v2\/posts\/22064\/revisions\/22067"}],"wp:attachment":[{"href":"http:\/\/blogdalucianaoliveira.com.br\/blog\/wp-json\/wp\/v2\/media?parent=22064"}],"wp:term":[{"taxonomy":"category","embeddable":true,"href":"http:\/\/blogdalucianaoliveira.com.br\/blog\/wp-json\/wp\/v2\/categories?post=22064"},{"taxonomy":"post_tag","embeddable":true,"href":"http:\/\/blogdalucianaoliveira.com.br\/blog\/wp-json\/wp\/v2\/tags?post=22064"}],"curies":[{"name":"wp","href":"https:\/\/api.w.org\/{rel}","templated":true}]}}