{"id":2207,"date":"2016-07-09T12:39:59","date_gmt":"2016-07-09T16:39:59","guid":{"rendered":"http:\/\/blogdalucianaoliveira.com.br\/blog\/?p=2207"},"modified":"2016-07-09T12:41:16","modified_gmt":"2016-07-09T16:41:16","slug":"no-fundo-as-coisas-tem-seu-plano-secreto-embora-nos-nao-entendamos","status":"publish","type":"post","link":"http:\/\/blogdalucianaoliveira.com.br\/blog\/2016\/07\/09\/no-fundo-as-coisas-tem-seu-plano-secreto-embora-nos-nao-entendamos\/","title":{"rendered":"No fundo as coisas t\u00eam seu plano secreto, embora n\u00f3s n\u00e3o entendamos"},"content":{"rendered":"<p><img data-recalc-dims=\"1\" loading=\"lazy\" decoding=\"async\" data-attachment-id=\"2208\" data-permalink=\"http:\/\/blogdalucianaoliveira.com.br\/blog\/2016\/07\/09\/no-fundo-as-coisas-tem-seu-plano-secreto-embora-nos-nao-entendamos\/image-491\/\" data-orig-file=\"https:\/\/i0.wp.com\/blogdalucianaoliveira.com.br\/blog\/wp-content\/uploads\/2016\/07\/image-43.jpeg?fit=960%2C720\" data-orig-size=\"960,720\" data-comments-opened=\"0\" data-image-meta=\"{&quot;aperture&quot;:&quot;0&quot;,&quot;credit&quot;:&quot;&quot;,&quot;camera&quot;:&quot;&quot;,&quot;caption&quot;:&quot;&quot;,&quot;created_timestamp&quot;:&quot;0&quot;,&quot;copyright&quot;:&quot;&quot;,&quot;focal_length&quot;:&quot;0&quot;,&quot;iso&quot;:&quot;0&quot;,&quot;shutter_speed&quot;:&quot;0&quot;,&quot;title&quot;:&quot;&quot;,&quot;orientation&quot;:&quot;1&quot;}\" data-image-title=\"image\" data-image-description=\"\" data-image-caption=\"\" data-medium-file=\"https:\/\/i0.wp.com\/blogdalucianaoliveira.com.br\/blog\/wp-content\/uploads\/2016\/07\/image-43.jpeg?fit=300%2C225\" data-large-file=\"https:\/\/i0.wp.com\/blogdalucianaoliveira.com.br\/blog\/wp-content\/uploads\/2016\/07\/image-43.jpeg?fit=600%2C450\" src=\"https:\/\/i0.wp.com\/blogdalucianaoliveira.com.br\/blog\/wp-content\/uploads\/2016\/07\/image-43.jpeg?resize=600%2C450\" alt=\"image\" width=\"600\" height=\"450\" class=\"alignnone size-full wp-image-2208\" srcset=\"https:\/\/i0.wp.com\/blogdalucianaoliveira.com.br\/blog\/wp-content\/uploads\/2016\/07\/image-43.jpeg?w=960 960w, https:\/\/i0.wp.com\/blogdalucianaoliveira.com.br\/blog\/wp-content\/uploads\/2016\/07\/image-43.jpeg?resize=300%2C225 300w, https:\/\/i0.wp.com\/blogdalucianaoliveira.com.br\/blog\/wp-content\/uploads\/2016\/07\/image-43.jpeg?resize=400%2C300 400w\" sizes=\"auto, (max-width: 600px) 100vw, 600px\" \/><\/p>\n<p>Era uma vez um dia qualquer para o m\u00e9dico que entrou num sebo em S\u00e3o Paulo em busca de um livro interessante. <!--more--><\/p>\n<p>Ren\u00e9 Mendes come\u00e7ou a explorar o acervo pela letra A e assim conheceu a obra Madeira Mamor\u00e9, O Vag\u00e3o Dos Esquecidos, do escritor rondoniense Ant\u00f4nio C\u00e2ndido da Silva. <\/p>\n<p>\u00c9 a \u00fanica que conta a hist\u00f3ria da lend\u00e1ria ferrovia em versos. <\/p>\n<p>O m\u00e9dico aposentado que tamb\u00e9m \u00e9 escritor como especialista em Sa\u00fade P\u00fablica e Medicina do Trabalho, em visita \u00e0 Porto Velho, lembrou do autor do livro e pediu um encontro ao Superintendente Estadual de Turismo, J\u00falio Olivar.  <\/p>\n<p>Por caso ou destino, os escritores se conheceram na Vila Candel\u00e1ria e degustaram o peixe mais saboroso da cidade.<br \/>\nEles visitaram pontos tur\u00edsticos, trocaram livros e experi\u00eancias liter\u00e1rias. <\/p>\n<p><img data-recalc-dims=\"1\" loading=\"lazy\" decoding=\"async\" data-attachment-id=\"2209\" data-permalink=\"http:\/\/blogdalucianaoliveira.com.br\/blog\/2016\/07\/09\/no-fundo-as-coisas-tem-seu-plano-secreto-embora-nos-nao-entendamos\/image-492\/\" data-orig-file=\"https:\/\/i0.wp.com\/blogdalucianaoliveira.com.br\/blog\/wp-content\/uploads\/2016\/07\/image-44.jpeg?fit=960%2C720\" data-orig-size=\"960,720\" data-comments-opened=\"0\" data-image-meta=\"{&quot;aperture&quot;:&quot;0&quot;,&quot;credit&quot;:&quot;&quot;,&quot;camera&quot;:&quot;&quot;,&quot;caption&quot;:&quot;&quot;,&quot;created_timestamp&quot;:&quot;0&quot;,&quot;copyright&quot;:&quot;&quot;,&quot;focal_length&quot;:&quot;0&quot;,&quot;iso&quot;:&quot;0&quot;,&quot;shutter_speed&quot;:&quot;0&quot;,&quot;title&quot;:&quot;&quot;,&quot;orientation&quot;:&quot;1&quot;}\" data-image-title=\"image\" data-image-description=\"\" data-image-caption=\"\" data-medium-file=\"https:\/\/i0.wp.com\/blogdalucianaoliveira.com.br\/blog\/wp-content\/uploads\/2016\/07\/image-44.jpeg?fit=300%2C225\" data-large-file=\"https:\/\/i0.wp.com\/blogdalucianaoliveira.com.br\/blog\/wp-content\/uploads\/2016\/07\/image-44.jpeg?fit=600%2C450\" src=\"https:\/\/i0.wp.com\/blogdalucianaoliveira.com.br\/blog\/wp-content\/uploads\/2016\/07\/image-44.jpeg?resize=600%2C450\" alt=\"image\" width=\"600\" height=\"450\" class=\"alignnone size-full wp-image-2209\" srcset=\"https:\/\/i0.wp.com\/blogdalucianaoliveira.com.br\/blog\/wp-content\/uploads\/2016\/07\/image-44.jpeg?w=960 960w, https:\/\/i0.wp.com\/blogdalucianaoliveira.com.br\/blog\/wp-content\/uploads\/2016\/07\/image-44.jpeg?resize=300%2C225 300w, https:\/\/i0.wp.com\/blogdalucianaoliveira.com.br\/blog\/wp-content\/uploads\/2016\/07\/image-44.jpeg?resize=768%2C576 768w, https:\/\/i0.wp.com\/blogdalucianaoliveira.com.br\/blog\/wp-content\/uploads\/2016\/07\/image-44.jpeg?resize=400%2C300 400w\" sizes=\"auto, (max-width: 600px) 100vw, 600px\" \/><\/p>\n<p>O estudioso trouxe o livro que havia adquirido no sebo para que o autor autografasse. <\/p>\n<p>&#8220;A forma como meu livro chegou at\u00e9 a ele, num sebo, em um grande centro, como o tocou e promoveu este encontro \u00e9 uma das coisas incr\u00edveis que acontecem na vida da gente.&#8221;, disse o imortal da Academia de Letras de Rond\u00f4nia. <\/p>\n<p>Perfil do Ren\u00e9 Mendes<\/p>\n<p>M\u00e9dico formado pela Escola Paulista de Medicina (1971). Especialista em Sa\u00fade P\u00fablica, Universidade de S\u00e3o Paulo (1974). Especialista em Medicina do Trabalho, Associa\u00e7\u00e3o Nacional de Medicina do Trabalho\/Associa\u00e7\u00e3o M\u00e9dica Brasileira (1975). Mestre em Sa\u00fade P\u00fablica, Universidade de S\u00e3o Paulo (1975). Doutor em Sa\u00fade P\u00fablica, Universidade de S\u00e3o Paulo (1978). Livre-Docente em Sa\u00fade P\u00fablica, Universidade de S\u00e3o Paulo (1986). Professor-Titular de Medicina Preventiva e Social, Universidade Federal de Minas Gerais (1991). 40 anos de experi\u00eancia profissional, havendo trabalhado e ocupado cargos de dire\u00e7\u00e3o na Fundacentro (1972-1976); CETESB (1976); Minist\u00e9rio da Sa\u00fade (Bras\u00edlia, 1977, 1990\/91); Minist\u00e9rio do Trabalho (Bras\u00edlia, 1990); Secretaria de Estado da Sa\u00fade, S\u00e3o Paulo (1987); Organiza\u00e7\u00e3o Pan-Americana de Sa\u00fade, (Washington, 1982-1984) e Organiza\u00e7\u00e3o Internacional do Trabalho (S\u00e3o Paulo e Lima, 1987-1989). Foi Professor Assistente-Doutor da UNICAMP (1977-1991); Professor Visitante da Escola de Sa\u00fade P\u00fablica da Johns Hopkins University (Baltimore, EUA, desde 1983); Professor Titular da Faculdade de Medicina da UFMG (Belo Horizonte, 1991-1997). Atualmente aposentado, colaborando em car\u00e1ter volunt\u00e1rio. Cerca de 180 trabalhos publicados na forma de artigos em peri\u00f3dicos, resumos em anais de congressos, teses de p\u00f3s-gradua\u00e7\u00e3o, cap\u00edtulos de livros, autoria, edi\u00e7\u00e3o ou organiza\u00e7\u00e3o de livros, com destaque para o tratado Patologia do Trabalho , atualmente em 2 volumes de 1.000 p\u00e1ginas cada, que conta com a colabora\u00e7\u00e3o de 76 co-autores e colaboradores. Vida associativa dedicada a entidades cient\u00edficas e associativas de Medicina do Trabalho e Sa\u00fade do Trabalhador, estaduais (S\u00e3o Paulo e Minas Gerais); nacional: Associa\u00e7\u00e3o Nacional de Medicina do Trabalho ANAMT, da qual foi seu Presidente. Consultor de organiza\u00e7\u00f5es p\u00fablicas e privadas, com extenso portf\u00f3lio de consultorias internacionais, mediadas pela Organiza\u00e7\u00e3o Pan-Americana de Sa\u00fade (OPAS), Organiza\u00e7\u00e3o Mundial de Sa\u00fade (OMS) e Organiza\u00e7\u00e3o Internacional do Trabalho (OIT).<\/p>\n","protected":false},"excerpt":{"rendered":"<p>Era uma vez um dia qualquer para o m\u00e9dico que entrou num sebo em S\u00e3o Paulo em busca de um livro interessante.<\/p>\n","protected":false},"author":1,"featured_media":0,"comment_status":"closed","ping_status":"open","sticky":false,"template":"","format":"standard","meta":{"_exactmetrics_skip_tracking":false,"_exactmetrics_sitenote_active":false,"_exactmetrics_sitenote_note":"","_exactmetrics_sitenote_category":0,"jetpack_post_was_ever_published":false,"_jetpack_newsletter_access":"","_jetpack_dont_email_post_to_subs":false,"_jetpack_newsletter_tier_id":0,"_jetpack_memberships_contains_paywalled_content":false,"_jetpack_memberships_contains_paid_content":false,"footnotes":"","jetpack_publicize_message":"","jetpack_publicize_feature_enabled":true,"jetpack_social_post_already_shared":true,"jetpack_social_options":{"image_generator_settings":{"template":"highway","enabled":false},"version":2}},"categories":[1],"tags":[],"class_list":["post-2207","post","type-post","status-publish","format-standard","hentry","category-notas"],"jetpack_publicize_connections":[],"jetpack_sharing_enabled":true,"jetpack_featured_media_url":"","jetpack_shortlink":"https:\/\/wp.me\/p7wKYW-zB","jetpack-related-posts":[],"_links":{"self":[{"href":"http:\/\/blogdalucianaoliveira.com.br\/blog\/wp-json\/wp\/v2\/posts\/2207","targetHints":{"allow":["GET"]}}],"collection":[{"href":"http:\/\/blogdalucianaoliveira.com.br\/blog\/wp-json\/wp\/v2\/posts"}],"about":[{"href":"http:\/\/blogdalucianaoliveira.com.br\/blog\/wp-json\/wp\/v2\/types\/post"}],"author":[{"embeddable":true,"href":"http:\/\/blogdalucianaoliveira.com.br\/blog\/wp-json\/wp\/v2\/users\/1"}],"replies":[{"embeddable":true,"href":"http:\/\/blogdalucianaoliveira.com.br\/blog\/wp-json\/wp\/v2\/comments?post=2207"}],"version-history":[{"count":1,"href":"http:\/\/blogdalucianaoliveira.com.br\/blog\/wp-json\/wp\/v2\/posts\/2207\/revisions"}],"predecessor-version":[{"id":2212,"href":"http:\/\/blogdalucianaoliveira.com.br\/blog\/wp-json\/wp\/v2\/posts\/2207\/revisions\/2212"}],"wp:attachment":[{"href":"http:\/\/blogdalucianaoliveira.com.br\/blog\/wp-json\/wp\/v2\/media?parent=2207"}],"wp:term":[{"taxonomy":"category","embeddable":true,"href":"http:\/\/blogdalucianaoliveira.com.br\/blog\/wp-json\/wp\/v2\/categories?post=2207"},{"taxonomy":"post_tag","embeddable":true,"href":"http:\/\/blogdalucianaoliveira.com.br\/blog\/wp-json\/wp\/v2\/tags?post=2207"}],"curies":[{"name":"wp","href":"https:\/\/api.w.org\/{rel}","templated":true}]}}