{"id":22077,"date":"2019-06-01T10:31:46","date_gmt":"2019-06-01T14:31:46","guid":{"rendered":"http:\/\/blogdalucianaoliveira.com.br\/blog\/?p=22077"},"modified":"2019-06-01T10:31:46","modified_gmt":"2019-06-01T14:31:46","slug":"educacao-no-brasil-vive-clima-de-ditadura","status":"publish","type":"post","link":"http:\/\/blogdalucianaoliveira.com.br\/blog\/2019\/06\/01\/educacao-no-brasil-vive-clima-de-ditadura\/","title":{"rendered":"Educa\u00e7\u00e3o no Brasil vive clima de ditadura"},"content":{"rendered":"<p><img data-recalc-dims=\"1\" loading=\"lazy\" decoding=\"async\" data-attachment-id=\"22078\" data-permalink=\"http:\/\/blogdalucianaoliveira.com.br\/blog\/2019\/06\/01\/educacao-no-brasil-vive-clima-de-ditadura\/une-2\/\" data-orig-file=\"https:\/\/i0.wp.com\/blogdalucianaoliveira.com.br\/blog\/wp-content\/uploads\/2019\/06\/une.jpg?fit=1960%2C1190\" data-orig-size=\"1960,1190\" data-comments-opened=\"0\" data-image-meta=\"{&quot;aperture&quot;:&quot;0&quot;,&quot;credit&quot;:&quot;&quot;,&quot;camera&quot;:&quot;&quot;,&quot;caption&quot;:&quot;&quot;,&quot;created_timestamp&quot;:&quot;0&quot;,&quot;copyright&quot;:&quot;&quot;,&quot;focal_length&quot;:&quot;0&quot;,&quot;iso&quot;:&quot;0&quot;,&quot;shutter_speed&quot;:&quot;0&quot;,&quot;title&quot;:&quot;&quot;,&quot;orientation&quot;:&quot;0&quot;}\" data-image-title=\"une\" data-image-description=\"\" data-image-caption=\"\" data-medium-file=\"https:\/\/i0.wp.com\/blogdalucianaoliveira.com.br\/blog\/wp-content\/uploads\/2019\/06\/une.jpg?fit=300%2C182\" data-large-file=\"https:\/\/i0.wp.com\/blogdalucianaoliveira.com.br\/blog\/wp-content\/uploads\/2019\/06\/une.jpg?fit=600%2C364\" class=\"alignnone size-full wp-image-22078\" src=\"https:\/\/i0.wp.com\/blogdalucianaoliveira.com.br\/blog\/wp-content\/uploads\/2019\/06\/une.jpg?resize=600%2C364\" alt=\"une\" width=\"600\" height=\"364\" srcset=\"https:\/\/i0.wp.com\/blogdalucianaoliveira.com.br\/blog\/wp-content\/uploads\/2019\/06\/une.jpg?w=1960 1960w, https:\/\/i0.wp.com\/blogdalucianaoliveira.com.br\/blog\/wp-content\/uploads\/2019\/06\/une.jpg?resize=300%2C182 300w, https:\/\/i0.wp.com\/blogdalucianaoliveira.com.br\/blog\/wp-content\/uploads\/2019\/06\/une.jpg?resize=768%2C466 768w, https:\/\/i0.wp.com\/blogdalucianaoliveira.com.br\/blog\/wp-content\/uploads\/2019\/06\/une.jpg?resize=1024%2C622 1024w, https:\/\/i0.wp.com\/blogdalucianaoliveira.com.br\/blog\/wp-content\/uploads\/2019\/06\/une.jpg?resize=494%2C300 494w, https:\/\/i0.wp.com\/blogdalucianaoliveira.com.br\/blog\/wp-content\/uploads\/2019\/06\/une.jpg?w=1200 1200w, https:\/\/i0.wp.com\/blogdalucianaoliveira.com.br\/blog\/wp-content\/uploads\/2019\/06\/une.jpg?w=1800 1800w\" sizes=\"auto, (max-width: 600px) 100vw, 600px\" \/><\/p>\n<div class=\"articulo-encabezado-texto\">\n<div id=\"articulo-titulares\" class=\"articulo-titulares\">\n<div class=\"articulo-subtitulos\">\n<h2 class=\"articulo-subtitulo\">Esse medo de professores e alunos com rela\u00e7\u00e3o \u00e0s amea\u00e7as do MEC pode ter sido a causa da forte diminui\u00e7\u00e3o de p\u00fablico nas manifesta\u00e7\u00f5es de quinta-feira<\/h2>\n<\/div>\n<\/div>\n<\/div>\n<p><!--more--><\/p>\n<aside id=\"compartir_superior\" class=\"compartir\">\n<div class=\"compartir__interior\">\u00a0Juan Arias<\/div>\n<div class=\"compartir__interior\">No El Pa\u00eds<\/div>\n<\/aside>\n<div class=\"compartir__interior\">\n<p>Junto com o descalabro econ\u00f4mico que poderia levar o Brasil a uma\u00a0<a href=\"https:\/\/brasil.elpais.com\/brasil\/2019\/05\/30\/economia\/1559169026_343146.html\">recess\u00e3o t\u00e9cnica<\/a>, o clima de medo nas institui\u00e7\u00f5es educacionais p\u00fablicas \u00e9 um dos pontos cruciais do novo Governo de extrema direita presidido por\u00a0<a href=\"https:\/\/brasil.elpais.com\/tag\/jair_messias_bolsonaro\/a\">Jair Bolsonaro<\/a>. A tal ponto que no mundo da educa\u00e7\u00e3o j\u00e1 se vive um clima de ditadura e medo perante as amea\u00e7as impostas pelo ministro Abraham Weintraub.<\/p>\n<div id=\"elpais_gpt-INTEXT\" data-google-query-id=\"COqeuqe_yOICFY1gwQodWHsFLQ\"><\/div>\n<p>Esse medo de professores e alunos com rela\u00e7\u00e3o \u00e0s amea\u00e7as do MEC pode ter sido a causa da forte\u00a0<a href=\"https:\/\/brasil.elpais.com\/brasil\/2019\/05\/30\/politica\/1559218903_836093.html\">diminui\u00e7\u00e3o de p\u00fablico<\/a>\u00a0nas manifesta\u00e7\u00f5es desta quinta-feira em rela\u00e7\u00e3o \u00e0\u00a0<a href=\"https:\/\/brasil.elpais.com\/brasil\/2019\/05\/15\/politica\/1557950158_551237.html?rel=mas\">gigantesca mobiliza\u00e7\u00e3o<\/a>\u00a0do \u00faltimo dia 15. Se 220 cidades aderiram \u00e0 primeira marcha contra os cortes or\u00e7ament\u00e1rios no ensino, nesta quinta foram s\u00f3 82.<\/p>\n<p>As amea\u00e7as das autoridades do MEC foram taxativas: \u201cNenhuma institui\u00e7\u00e3o p\u00fablica de ensino tem prerrogativas legais para incentivar movimentos pol\u00edticos partid\u00e1rios e promover a participa\u00e7\u00e3o de alunos nas manifesta\u00e7\u00f5es\u201d. Mais ainda, houve uma solicita\u00e7\u00e3o oficial do MEC para que \u201ca popula\u00e7\u00e3o denuncie quem estimula manifesta\u00e7\u00f5es em hor\u00e1rio escolar\u201d.<\/p>\n<p>Se os estudantes que se manifestaram contra os cortes do or\u00e7amento educacional foram descritos por Bolsonaro de \u201cidiotas \u00fateis\u201d, nesta quinta-feira um jovem em Fortaleza o chamou, em um cartaz escrito \u00e0 m\u00e3o, de \u201cidiota in\u00fatil\u201d. Isso indica o clima de tens\u00e3o, preocupa\u00e7\u00e3o e medo que se vive o mundo da escola e da universidade, que se veem acusados de infundir ideologia marxista aos seus alunos e que incitam a sociedade a denunciar professores e alunos.<\/p>\n<p>Todo isso junto cria, com efeito, um clima de regime ditatorial que s\u00f3 pode causar preju\u00edzos graves \u00e0 j\u00e1 cinzenta\u00a0<a href=\"https:\/\/brasil.elpais.com\/tag\/educacion\">educa\u00e7\u00e3o<\/a>\u00a0no Brasil. Se Bolsonaro pode ter raz\u00e3o em denunciar que recebeu a educa\u00e7\u00e3o com \u00edndices que aparecem sempre entre os piores em n\u00edvel mundial, e que \u00e9 preciso melhorar todo o universo do ensino, o que n\u00e3o pode \u00e9 acusar os professores de terem institu\u00eddo um clima ideol\u00f3gico de esquerda imposto aos alunos, e agora querer substitui-lo por outro de ultradireita com intimida\u00e7\u00f5es adicionais a quem n\u00e3o aceitar esse tipo de imposi\u00e7\u00e3o.<\/p>\n<p>Enquanto isso, o presidente Bolsonaro parece querer emular o carism\u00e1tico\u00a0<a href=\"https:\/\/brasil.elpais.com\/tag\/luiz_inacio_da_silva\/a\">ex-presidente Lula<\/a>, que se apresentava como Lulinha paz e amor. O at\u00e9 ontem duro mandat\u00e1rio, apaixonado pelas armas e a briga, parece transformado em Jairzinho paz e amor. Assim o vimos trocar o gesto de suas m\u00e3os imitando a uma arma pelo gesto de um cora\u00e7\u00e3o. Mais ainda, rodeado de sorridentes deputadas e tendo ao seu lado o presidente do STF,\u00a0<a href=\"https:\/\/brasil.elpais.com\/tag\/jose_antonio_dias_toffoli\">Dias Toffoli<\/a>, tamb\u00e9m com um sorriso de orelha a orelha.<\/p>\n<p>A foto \u00e9 emblem\u00e1tica porque \u00e9 sabida a pouca simpatia e estima de Bolsonaro pelas mulheres. Basta recordar que defende que devem ganhar menos que os homens, e que, referindo-se \u00e0 \u00fanica filha de seus tr\u00eas matrim\u00f4nios, confessou que nasceu mulher por causa de \u201cuma fraquejada\u201d. Assim como \u00e9 enigm\u00e1tico a repentina paix\u00e3o de Bolsonaro por Dias Toffoli, presidente do\u00a0<a href=\"https:\/\/brasil.elpais.com\/tag\/stf_supremo_tribunal_federal\/a\">Supremo Tribunal Federal<\/a>, quando seus seguidores mais radicais pedem o fechamento desse \u00f3rg\u00e3o.<\/p>\n<p>Algo de significativo deve existir nesse amor repentino de Bolsonaro por Toffoli, a tal ponto que, enquanto fazia o gesto do cora\u00e7\u00e3o com as m\u00e3os, transformando-se uma vez em pacifista, chegou a confessar: \u201c\u00c9 muito bom ter a Justi\u00e7a ao nosso lado\u201d. Caberia se perguntar qual interesse, inclusive pessoal ou familiar, pode ter o presidente para sentir o gozo de ter ao seu lado, como protetor, o controvertido presidente do STF, Dias Toffoli.<\/p>\n<div id=\"cuerpo_noticia\" class=\"articulo-cuerpo\">\n<p>Enquanto isso, no Minist\u00e9rio da Educa\u00e7\u00e3o, pede-se \u00e0 sociedade e aos alunos que denunciem os professores que tentarem estimul\u00e1-los a desenvolver um direito sagrado e constitucional de manifesta\u00e7\u00e3o e de liberdade de express\u00e3o e pensamento. O que far\u00e1 Dias Toffoli, o presidente do Supremo, a \u00faltima conquista amorosa de Bolsonaro, se chegar \u00e0s suas m\u00e3os um pedido para julgar esse clima ditatorial e de medo nas escolas e universidades?<\/p>\n<p>Tem raz\u00e3o Bolsonaro ao dizer que \u201c\u00e9 muito bom\u201d, em certos momentos, \u201cter a Justi\u00e7a ao seu lado\u201d. Enquanto isso, com o Governo \u00e0s voltas com essas in\u00fateis brigas ideol\u00f3gicas, parece que os milh\u00f5es de pobres, que o s\u00e3o cada dia mais e mais numerosos, sumiram de cena. Ningu\u00e9m fala dos 13 milh\u00f5es de pessoas sem emprego, das quais seis milh\u00f5es, desiludidas, nem o buscam mais. Dos milhares de estudantes que tiveram que deixar as salas de aula para ir aliviar a pobreza de seus pais trabalhando para pagar d\u00edvidas.<\/p>\n<p>Ningu\u00e9m fala em fazer uma grande campanha para ajudar os milh\u00f5es de analfabetos funcionais que este pa\u00eds arrasta desde os tempos da escravid\u00e3o, e que s\u00e3o os verdadeiros p\u00e1rias, porque ficam sempre \u00e0 margem da riqueza e da cultura, massa de manobra para a compra de votos que perpetua a pol\u00edtica incapaz de se colocar ao lado dessa gente e escutar a dor que levam dentro de si h\u00e1 gera\u00e7\u00f5es.<\/p>\n<p>Ainda ontem, um trabalhador, que tem a sorte de contar com um pequeno sal\u00e1rio, me dizia: \u201cPobre tem que morrer\u201d. Terr\u00edvel exame de consci\u00eancia para os satisfeitos, os que sim t\u00eam direito a viver, embora seja \u00e0 custa de quem nasceu para morrer antes de ter tempo de sonhar.<\/p>\n<\/div>\n<div class=\"articulo-trust\"><\/div>\n<\/div>\n","protected":false},"excerpt":{"rendered":"<p>Esse medo de professores e alunos com rela\u00e7\u00e3o \u00e0s amea\u00e7as do MEC pode ter sido a causa da forte diminui\u00e7\u00e3o de p\u00fablico nas manifesta\u00e7\u00f5es de quinta-feira<\/p>\n","protected":false},"author":1,"featured_media":0,"comment_status":"closed","ping_status":"open","sticky":false,"template":"","format":"standard","meta":{"_exactmetrics_skip_tracking":false,"_exactmetrics_sitenote_active":false,"_exactmetrics_sitenote_note":"","_exactmetrics_sitenote_category":0,"jetpack_post_was_ever_published":false,"_jetpack_newsletter_access":"","_jetpack_dont_email_post_to_subs":false,"_jetpack_newsletter_tier_id":0,"_jetpack_memberships_contains_paywalled_content":false,"_jetpack_memberships_contains_paid_content":false,"footnotes":"","jetpack_publicize_message":"","jetpack_publicize_feature_enabled":true,"jetpack_social_post_already_shared":true,"jetpack_social_options":{"image_generator_settings":{"template":"highway","enabled":false},"version":2}},"categories":[1],"tags":[],"class_list":["post-22077","post","type-post","status-publish","format-standard","hentry","category-notas"],"jetpack_publicize_connections":[],"jetpack_sharing_enabled":true,"jetpack_featured_media_url":"","jetpack_shortlink":"https:\/\/wp.me\/p7wKYW-5K5","jetpack-related-posts":[],"_links":{"self":[{"href":"http:\/\/blogdalucianaoliveira.com.br\/blog\/wp-json\/wp\/v2\/posts\/22077","targetHints":{"allow":["GET"]}}],"collection":[{"href":"http:\/\/blogdalucianaoliveira.com.br\/blog\/wp-json\/wp\/v2\/posts"}],"about":[{"href":"http:\/\/blogdalucianaoliveira.com.br\/blog\/wp-json\/wp\/v2\/types\/post"}],"author":[{"embeddable":true,"href":"http:\/\/blogdalucianaoliveira.com.br\/blog\/wp-json\/wp\/v2\/users\/1"}],"replies":[{"embeddable":true,"href":"http:\/\/blogdalucianaoliveira.com.br\/blog\/wp-json\/wp\/v2\/comments?post=22077"}],"version-history":[{"count":1,"href":"http:\/\/blogdalucianaoliveira.com.br\/blog\/wp-json\/wp\/v2\/posts\/22077\/revisions"}],"predecessor-version":[{"id":22079,"href":"http:\/\/blogdalucianaoliveira.com.br\/blog\/wp-json\/wp\/v2\/posts\/22077\/revisions\/22079"}],"wp:attachment":[{"href":"http:\/\/blogdalucianaoliveira.com.br\/blog\/wp-json\/wp\/v2\/media?parent=22077"}],"wp:term":[{"taxonomy":"category","embeddable":true,"href":"http:\/\/blogdalucianaoliveira.com.br\/blog\/wp-json\/wp\/v2\/categories?post=22077"},{"taxonomy":"post_tag","embeddable":true,"href":"http:\/\/blogdalucianaoliveira.com.br\/blog\/wp-json\/wp\/v2\/tags?post=22077"}],"curies":[{"name":"wp","href":"https:\/\/api.w.org\/{rel}","templated":true}]}}