{"id":22086,"date":"2019-06-02T19:42:43","date_gmt":"2019-06-02T23:42:43","guid":{"rendered":"http:\/\/blogdalucianaoliveira.com.br\/blog\/?p=22086"},"modified":"2019-06-02T19:42:43","modified_gmt":"2019-06-02T23:42:43","slug":"a-fome-e-um-holocausto-silencioso-que-nao-gera-debate-diz-cientista","status":"publish","type":"post","link":"http:\/\/blogdalucianaoliveira.com.br\/blog\/2019\/06\/02\/a-fome-e-um-holocausto-silencioso-que-nao-gera-debate-diz-cientista\/","title":{"rendered":"&#8216;A fome \u00e9 um Holocausto silencioso que n\u00e3o gera debate&#8217;, diz cientista"},"content":{"rendered":"<p><img data-recalc-dims=\"1\" loading=\"lazy\" decoding=\"async\" data-attachment-id=\"22087\" data-permalink=\"http:\/\/blogdalucianaoliveira.com.br\/blog\/2019\/06\/02\/a-fome-e-um-holocausto-silencioso-que-nao-gera-debate-diz-cientista\/83430439-6588-4819-a9a7-2ef65a73b2a6\/\" data-orig-file=\"https:\/\/i0.wp.com\/blogdalucianaoliveira.com.br\/blog\/wp-content\/uploads\/2019\/06\/83430439-6588-4819-A9A7-2EF65A73B2A6.jpeg?fit=639%2C384\" data-orig-size=\"639,384\" data-comments-opened=\"0\" data-image-meta=\"{&quot;aperture&quot;:&quot;0&quot;,&quot;credit&quot;:&quot;&quot;,&quot;camera&quot;:&quot;&quot;,&quot;caption&quot;:&quot;&quot;,&quot;created_timestamp&quot;:&quot;0&quot;,&quot;copyright&quot;:&quot;&quot;,&quot;focal_length&quot;:&quot;0&quot;,&quot;iso&quot;:&quot;0&quot;,&quot;shutter_speed&quot;:&quot;0&quot;,&quot;title&quot;:&quot;&quot;,&quot;orientation&quot;:&quot;0&quot;}\" data-image-title=\"83430439-6588-4819-A9A7-2EF65A73B2A6\" data-image-description=\"\" data-image-caption=\"\" data-medium-file=\"https:\/\/i0.wp.com\/blogdalucianaoliveira.com.br\/blog\/wp-content\/uploads\/2019\/06\/83430439-6588-4819-A9A7-2EF65A73B2A6.jpeg?fit=300%2C180\" data-large-file=\"https:\/\/i0.wp.com\/blogdalucianaoliveira.com.br\/blog\/wp-content\/uploads\/2019\/06\/83430439-6588-4819-A9A7-2EF65A73B2A6.jpeg?fit=600%2C361\" class=\"alignnone size-full wp-image-22087\" src=\"https:\/\/i0.wp.com\/blogdalucianaoliveira.com.br\/blog\/wp-content\/uploads\/2019\/06\/83430439-6588-4819-A9A7-2EF65A73B2A6.jpeg?resize=600%2C361\" alt=\"83430439-6588-4819-A9A7-2EF65A73B2A6\" width=\"600\" height=\"361\" srcset=\"https:\/\/i0.wp.com\/blogdalucianaoliveira.com.br\/blog\/wp-content\/uploads\/2019\/06\/83430439-6588-4819-A9A7-2EF65A73B2A6.jpeg?w=639 639w, https:\/\/i0.wp.com\/blogdalucianaoliveira.com.br\/blog\/wp-content\/uploads\/2019\/06\/83430439-6588-4819-A9A7-2EF65A73B2A6.jpeg?resize=300%2C180 300w, https:\/\/i0.wp.com\/blogdalucianaoliveira.com.br\/blog\/wp-content\/uploads\/2019\/06\/83430439-6588-4819-A9A7-2EF65A73B2A6.jpeg?resize=499%2C300 499w\" sizes=\"auto, (max-width: 600px) 100vw, 600px\" \/><\/p>\n<p>O GLOBO \u2014 \u00c9 dif\u00edcil definir a forma\u00e7\u00e3o profissional de Ismail Serageldin. Nascido em Giz\u00e9 em 1944, ele fundou a Biblioteca de Alexandria, foi vice-presidente do Banco Mundial, codiretor de pain\u00e9is africanos sobre biotecnologia e inova\u00e7\u00e3o. Escreveu mais de cem livros e recebeu 37 doutorados honoris causa, de pa\u00edses t\u00e3o diversos como Austr\u00e1lia, EUA, \u00cdndia, L\u00edbano, Bulg\u00e1ria e Azerbaij\u00e3o.<!--more--><\/p>\n<p>A trajet\u00f3ria de sucesso \u00e9 definida em poucas frases em seu site: &#8220;O mundo \u00e9 minha casa. A Humanidade \u00e9 minha fam\u00edlia. A n\u00e3o viol\u00eancia \u00e9 meu credo. Paz, justi\u00e7a, igualdade e dignidade para todos \u00e9 meu prop\u00f3sito&#8221;.<\/p>\n<p>Serageldin abriu a confer\u00eancia &#8220;Como ci\u00eancia e tecnologia podem contribuir para a redu\u00e7\u00e3o da pobreza e da desigualdade&#8221;, organizada em mar\u00e7o pela Academia Brasileira de Ci\u00eancias. Em entrevista ao GLOBO, ele conta como a desigualdade social cresce em ritmo acelerado, apesar dos benef\u00edcios da globaliza\u00e7\u00e3o, e critica o despreparo das autoridades para atender a popula\u00e7\u00e3o miser\u00e1vel. H\u00e1, no entanto, boas not\u00edcias \u2014 a comunidade cient\u00edfica internacional nunca esteve t\u00e3o integrada, e isso pode ajudar no desenvolvimento de novos f\u00e1rmacos e em tecnologias que, no futuro, podem ajudar a combater a fome.<\/p>\n<p>A ci\u00eancia contribuiu para enormes avan\u00e7os no desenvolvimento socioecon\u00f4mico. Por que, ent\u00e3o, ainda temos tantas pessoas sem condi\u00e7\u00f5es b\u00e1sicas de sobreviv\u00eancia, como acesso a \u00e1gua pot\u00e1vel e a saneamento b\u00e1sico?<\/p>\n<p>De fato, conseguimos progredir muito. No in\u00edcio do s\u00e9culo XIX, 99% da popula\u00e7\u00e3o do planeta vivia em condi\u00e7\u00e3o de pobreza extrema. Agora, esperamos extingui-la em dez ou 15 anos. Mas as transforma\u00e7\u00f5es podem ser mais r\u00e1pidas. Ainda nos deparamos com a fome cr\u00f4nica, e \u00e9 dif\u00edcil atac\u00e1-la, j\u00e1 que suas v\u00edtimas est\u00e3o em locais de dif\u00edcil acesso e, geralmente, sem condi\u00e7\u00f5es de cultivo agr\u00edcola. Muitas vezes s\u00e3o refugiados, seja pela guerra ou pelos impactos das mudan\u00e7as clim\u00e1ticas.<\/p>\n<p>O senhor acredita que o planeta est\u00e1 atento a essa popula\u00e7\u00e3o?<\/p>\n<p>N\u00e3o. A fome \u00e9 um Holocausto silencioso. Custa milhares de vidas e, ainda assim, n\u00e3o gera como\u00e7\u00e3o ou debate.<\/p>\n<p>Por que o fosso entre ricos e pobres \u00e9 cada vez maior?<\/p>\n<p>Acredito que isso tenha come\u00e7ado na d\u00e9cada de 1980, quando governos neoliberais convenceram o mundo de que o setor privado poderia assumir tarefas b\u00e1sicas do servi\u00e7o p\u00fablico. Era uma mentira, que aumentou a desigualdade em todos os pa\u00edses, da Su\u00e9cia \u00e0 Som\u00e1lia. Nos EUA, o pa\u00eds mais rico do mundo, 20% da renda estava nas m\u00e3os da metade da popula\u00e7\u00e3o mais pobre em 1980. Este \u00edndice caiu para 12,5% em 2014. No mesmo intervalo, a camada de 1% dos mais ricos, que controlava 10,7% da renda nacional, passou a ter 20,2% em suas m\u00e3os.<\/p>\n<p>Por que muitas pessoas encaram a ci\u00eancia como algo t\u00e3o distante de sua realidade?<\/p>\n<p>Em muitos casos, n\u00e3o h\u00e1 mesmo um di\u00e1logo direto entre cientistas e a sociedade. Ambos se conhecem apenas atrav\u00e9s da tecnologia desenvolvida nos laborat\u00f3rios e incorporada ao nosso cotidiano. Mas outras finalidades da ci\u00eancia tamb\u00e9m devem receber mais aten\u00e7\u00e3o, como o investimento na curiosidade. Na primeira metade do s\u00e9culo XX, Albert Einstein desenvolveu trabalhos sobre a f\u00edsica qu\u00e2ntica que, \u00e0 \u00e9poca, n\u00e3o tinham qualquer aplica\u00e7\u00e3o pr\u00e1tica. Depois, suas f\u00f3rmulas tornaram-se fundamentais para a cria\u00e7\u00e3o do computador e do celular. O setor privado, laborat\u00f3rios nacionais e universidades devem proporcionar recursos a estas experi\u00eancias.<\/p>\n<p>Milhares de rem\u00e9dios foram desenvolvidos nas \u00faltimas d\u00e9cadas, mas somente algumas dezenas foram destinados ao tratamento de doen\u00e7as tropicais. Falta di\u00e1logo entre pa\u00edses desenvolvidos e em desenvolvimento?<\/p>\n<p>Acredito que este di\u00e1logo nunca foi t\u00e3o intenso. Uma pessoa infectada por ebola na \u00c1frica pode parecer um caso isolado, mas, se ela viajar de avi\u00e3o, em poucas horas leva o sintoma da doen\u00e7a para o outro lado do mundo. Por isso, h\u00e1 cada vez mais colabora\u00e7\u00f5es, e n\u00e3o apenas na preven\u00e7\u00e3o de doen\u00e7as. Pa\u00edses como o Brasil e os EUA est\u00e3o investindo no aumento da produtividade agr\u00edcola. Os avan\u00e7os obtidos a partir da\u00ed deveriam ser levados a partes do planeta que ser\u00e3o mais atingidas pelas mudan\u00e7as clim\u00e1ticas, onde os cultivos ser\u00e3o prejudicados por eventos como enchentes e secas. Tamb\u00e9m devemos pensar mais em biotecnologia, dando recursos a produtos como a carne artificial, que tem o mesmo gosto da natural, mas \u00e9 feita em laborat\u00f3rio, sem que essa atividade ocupe terrenos enormes.<\/p>\n<p>Qual \u00e9 o futuro da ci\u00eancia?<\/p>\n<p>Ele \u00e9 baseado em um princ\u00edpio: o desejo de destruir a atual forma de se pensar. Isaac Newton revolucionou o mundo, at\u00e9 que um total desconhecido, de 26 anos, que nem sequer trabalhava em uma universidade, mudou a ci\u00eancia. Era Einstein. Agora, procuramos um p\u00f3s-Einstein. Precisamos estar abertos a novas ideias, que contrariem as nossas cren\u00e7as, e muitas vezes estas descobertas v\u00eam de jovens que ainda est\u00e3o na casa dos 20 anos. S\u00e3o nossos alunos, \u00e0s vezes algu\u00e9m que trabalha em uma garagem.<\/p>\n<p>O Brasil investe menos de 2% de seu or\u00e7amento em ci\u00eancia. \u00c9 poss\u00edvel avan\u00e7ar com a falta de recursos?<\/p>\n<p>O pa\u00eds reduziu razoavelmente bem o fosso entre ricos e pobres no in\u00edcio do s\u00e9culo XXI, quando atacou simultaneamente a desigualdade e a pobreza. Mas n\u00e3o adianta ter dinheiro sem seguir alguns fatores, como ter institui\u00e7\u00f5es p\u00fablicas que deem amparo pol\u00edtico \u00e0 pesquisa. O Brasil aumentou sua produ\u00e7\u00e3o cient\u00edfica, mas a qualidade ainda n\u00e3o avan\u00e7ou suficientemente.<\/p>\n","protected":false},"excerpt":{"rendered":"<p>O GLOBO \u2014 \u00c9 dif\u00edcil definir a forma\u00e7\u00e3o profissional de Ismail Serageldin. Nascido em Giz\u00e9 em 1944, ele fundou a Biblioteca de Alexandria, foi vice-presidente do Banco Mundial, codiretor de pain\u00e9is africanos sobre biotecnologia e inova\u00e7\u00e3o. Escreveu mais de cem livros e recebeu 37 doutorados honoris causa, de pa\u00edses t\u00e3o diversos como Austr\u00e1lia, EUA, \u00cdndia,&#8230;<a class=\"more-link\" href=\"http:\/\/blogdalucianaoliveira.com.br\/blog\/2019\/06\/02\/a-fome-e-um-holocausto-silencioso-que-nao-gera-debate-diz-cientista\/\">Continue a leitura <span class=\"meta-nav\">&raquo;<\/span><\/a><\/p>\n","protected":false},"author":1,"featured_media":0,"comment_status":"closed","ping_status":"open","sticky":false,"template":"","format":"standard","meta":{"_exactmetrics_skip_tracking":false,"_exactmetrics_sitenote_active":false,"_exactmetrics_sitenote_note":"","_exactmetrics_sitenote_category":0,"jetpack_post_was_ever_published":false,"_jetpack_newsletter_access":"","_jetpack_dont_email_post_to_subs":false,"_jetpack_newsletter_tier_id":0,"_jetpack_memberships_contains_paywalled_content":false,"_jetpack_memberships_contains_paid_content":false,"footnotes":"","jetpack_publicize_message":"","jetpack_publicize_feature_enabled":true,"jetpack_social_post_already_shared":true,"jetpack_social_options":{"image_generator_settings":{"template":"highway","enabled":false},"version":2}},"categories":[1],"tags":[],"class_list":["post-22086","post","type-post","status-publish","format-standard","hentry","category-notas"],"jetpack_publicize_connections":[],"jetpack_sharing_enabled":true,"jetpack_featured_media_url":"","jetpack_shortlink":"https:\/\/wp.me\/p7wKYW-5Ke","jetpack-related-posts":[],"_links":{"self":[{"href":"http:\/\/blogdalucianaoliveira.com.br\/blog\/wp-json\/wp\/v2\/posts\/22086","targetHints":{"allow":["GET"]}}],"collection":[{"href":"http:\/\/blogdalucianaoliveira.com.br\/blog\/wp-json\/wp\/v2\/posts"}],"about":[{"href":"http:\/\/blogdalucianaoliveira.com.br\/blog\/wp-json\/wp\/v2\/types\/post"}],"author":[{"embeddable":true,"href":"http:\/\/blogdalucianaoliveira.com.br\/blog\/wp-json\/wp\/v2\/users\/1"}],"replies":[{"embeddable":true,"href":"http:\/\/blogdalucianaoliveira.com.br\/blog\/wp-json\/wp\/v2\/comments?post=22086"}],"version-history":[{"count":1,"href":"http:\/\/blogdalucianaoliveira.com.br\/blog\/wp-json\/wp\/v2\/posts\/22086\/revisions"}],"predecessor-version":[{"id":22088,"href":"http:\/\/blogdalucianaoliveira.com.br\/blog\/wp-json\/wp\/v2\/posts\/22086\/revisions\/22088"}],"wp:attachment":[{"href":"http:\/\/blogdalucianaoliveira.com.br\/blog\/wp-json\/wp\/v2\/media?parent=22086"}],"wp:term":[{"taxonomy":"category","embeddable":true,"href":"http:\/\/blogdalucianaoliveira.com.br\/blog\/wp-json\/wp\/v2\/categories?post=22086"},{"taxonomy":"post_tag","embeddable":true,"href":"http:\/\/blogdalucianaoliveira.com.br\/blog\/wp-json\/wp\/v2\/tags?post=22086"}],"curies":[{"name":"wp","href":"https:\/\/api.w.org\/{rel}","templated":true}]}}