{"id":2228,"date":"2016-07-10T18:16:57","date_gmt":"2016-07-10T22:16:57","guid":{"rendered":"http:\/\/blogdalucianaoliveira.com.br\/blog\/?p=2228"},"modified":"2016-07-10T19:59:52","modified_gmt":"2016-07-10T23:59:52","slug":"dicas-da-abin-para-identificar-suspeitos-de-terrorismo-nas-olimpiadas-lembram-erro-da-policia-londrina-com-jean-charles","status":"publish","type":"post","link":"http:\/\/blogdalucianaoliveira.com.br\/blog\/2016\/07\/10\/dicas-da-abin-para-identificar-suspeitos-de-terrorismo-nas-olimpiadas-lembram-erro-da-policia-londrina-com-jean-charles\/","title":{"rendered":"Dicas da ABIN para identificar suspeitos de terrorismo nas Olimp\u00edadas lembram &#8216;erro&#8217; da pol\u00edcia londrina com Jean Charles"},"content":{"rendered":"<p><img data-recalc-dims=\"1\" loading=\"lazy\" decoding=\"async\" data-attachment-id=\"2229\" data-permalink=\"http:\/\/blogdalucianaoliveira.com.br\/blog\/2016\/07\/10\/dicas-da-abin-para-identificar-suspeitos-de-terrorismo-nas-olimpiadas-lembram-erro-da-policia-londrina-com-jean-charles\/image-500\/\" data-orig-file=\"https:\/\/i0.wp.com\/blogdalucianaoliveira.com.br\/blog\/wp-content\/uploads\/2016\/07\/image-52.jpeg?fit=1280%2C1280\" data-orig-size=\"1280,1280\" data-comments-opened=\"0\" data-image-meta=\"{&quot;aperture&quot;:&quot;0&quot;,&quot;credit&quot;:&quot;&quot;,&quot;camera&quot;:&quot;&quot;,&quot;caption&quot;:&quot;&quot;,&quot;created_timestamp&quot;:&quot;0&quot;,&quot;copyright&quot;:&quot;&quot;,&quot;focal_length&quot;:&quot;0&quot;,&quot;iso&quot;:&quot;0&quot;,&quot;shutter_speed&quot;:&quot;0&quot;,&quot;title&quot;:&quot;&quot;,&quot;orientation&quot;:&quot;1&quot;}\" data-image-title=\"image\" data-image-description=\"\" data-image-caption=\"\" data-medium-file=\"https:\/\/i0.wp.com\/blogdalucianaoliveira.com.br\/blog\/wp-content\/uploads\/2016\/07\/image-52.jpeg?fit=300%2C300\" data-large-file=\"https:\/\/i0.wp.com\/blogdalucianaoliveira.com.br\/blog\/wp-content\/uploads\/2016\/07\/image-52.jpeg?fit=600%2C600\" src=\"https:\/\/i0.wp.com\/blogdalucianaoliveira.com.br\/blog\/wp-content\/uploads\/2016\/07\/image-52.jpeg?resize=600%2C600\" alt=\"image\" width=\"600\" height=\"600\" class=\"alignnone size-full wp-image-2229\" srcset=\"https:\/\/i0.wp.com\/blogdalucianaoliveira.com.br\/blog\/wp-content\/uploads\/2016\/07\/image-52.jpeg?w=1280 1280w, https:\/\/i0.wp.com\/blogdalucianaoliveira.com.br\/blog\/wp-content\/uploads\/2016\/07\/image-52.jpeg?resize=150%2C150 150w, https:\/\/i0.wp.com\/blogdalucianaoliveira.com.br\/blog\/wp-content\/uploads\/2016\/07\/image-52.jpeg?resize=300%2C300 300w, https:\/\/i0.wp.com\/blogdalucianaoliveira.com.br\/blog\/wp-content\/uploads\/2016\/07\/image-52.jpeg?resize=768%2C768 768w, https:\/\/i0.wp.com\/blogdalucianaoliveira.com.br\/blog\/wp-content\/uploads\/2016\/07\/image-52.jpeg?resize=1024%2C1024 1024w, https:\/\/i0.wp.com\/blogdalucianaoliveira.com.br\/blog\/wp-content\/uploads\/2016\/07\/image-52.jpeg?w=1200 1200w\" sizes=\"auto, (max-width: 600px) 100vw, 600px\" \/> <\/p>\n<p>A p\u00e1gina da ABIN no Facebook informa que qualquer pessoa &#8220;pode comunicar diretamente \u00e0 ABIN situa\u00e7\u00f5es que pare\u00e7am suspeitas, pelo e-mail prevencaoaoterrorismo@abin.gov.br &#8220;<!--more--><\/p>\n<p>Como orienta\u00e7\u00e3o pra identificar terroristas, pede aten\u00e7\u00e3o a pessoas que usarem &#8220;bolsas e mochilas destoantes da circunst\u00e2ncia e do clima&#8221; ou agirem de forma estranha, demonstrando nervosismo. <\/p>\n<p>Foi por uma an\u00e1lise superficial de perfil como essa que a pol\u00edcia londrina matou o brasileiro Jean Charles de Menezes na esta\u00e7\u00e3o de metr\u00f4 Stockwell.<\/p>\n<p><img data-recalc-dims=\"1\" loading=\"lazy\" decoding=\"async\" data-attachment-id=\"2230\" data-permalink=\"http:\/\/blogdalucianaoliveira.com.br\/blog\/2016\/07\/10\/dicas-da-abin-para-identificar-suspeitos-de-terrorismo-nas-olimpiadas-lembram-erro-da-policia-londrina-com-jean-charles\/image-501\/\" data-orig-file=\"https:\/\/i0.wp.com\/blogdalucianaoliveira.com.br\/blog\/wp-content\/uploads\/2016\/07\/image-53.jpeg?fit=400%2C266\" data-orig-size=\"400,266\" data-comments-opened=\"0\" data-image-meta=\"{&quot;aperture&quot;:&quot;0&quot;,&quot;credit&quot;:&quot;&quot;,&quot;camera&quot;:&quot;&quot;,&quot;caption&quot;:&quot;&quot;,&quot;created_timestamp&quot;:&quot;0&quot;,&quot;copyright&quot;:&quot;&quot;,&quot;focal_length&quot;:&quot;0&quot;,&quot;iso&quot;:&quot;0&quot;,&quot;shutter_speed&quot;:&quot;0&quot;,&quot;title&quot;:&quot;&quot;,&quot;orientation&quot;:&quot;0&quot;}\" data-image-title=\"image\" data-image-description=\"\" data-image-caption=\"\" data-medium-file=\"https:\/\/i0.wp.com\/blogdalucianaoliveira.com.br\/blog\/wp-content\/uploads\/2016\/07\/image-53.jpeg?fit=300%2C200\" data-large-file=\"https:\/\/i0.wp.com\/blogdalucianaoliveira.com.br\/blog\/wp-content\/uploads\/2016\/07\/image-53.jpeg?fit=400%2C266\" src=\"https:\/\/i0.wp.com\/blogdalucianaoliveira.com.br\/blog\/wp-content\/uploads\/2016\/07\/image-53.jpeg?resize=400%2C266\" alt=\"image\" width=\"400\" height=\"266\" class=\"alignnone size-full wp-image-2230\" srcset=\"https:\/\/i0.wp.com\/blogdalucianaoliveira.com.br\/blog\/wp-content\/uploads\/2016\/07\/image-53.jpeg?w=400 400w, https:\/\/i0.wp.com\/blogdalucianaoliveira.com.br\/blog\/wp-content\/uploads\/2016\/07\/image-53.jpeg?resize=300%2C200 300w\" sizes=\"auto, (max-width: 400px) 100vw, 400px\" \/><\/p>\n<p>Ele foi morto com nove tiros, ap\u00f3s ser confundido com o terrorista et\u00edope Hussain Osman, que morava no mesmo bloco de apartamentos. <\/p>\n<p>Jean foi fuzilado com uma mochila nas costas enquanto corria, assustado com a opera\u00e7\u00e3o policial.<\/p>\n<p>A orienta\u00e7\u00e3o curta, mas que amplia a justificativa pra pol\u00edcia brasileira agir duro contra pessoas suspeitas pelos motivos elencados pela ABIN \u00e9 preocupante. <\/p>\n<p>A Organiza\u00e7\u00e3o das Na\u00e7\u00f5es Unidas (ONU) alertou pra letalidade da a\u00e7\u00e3o policial no pa\u00eds num relat\u00f3rio que denunciou cinco mortes a cada dia, totalizando apenas em 2015 cerca de 2 mil incidentes. Denunciou desproporcionalidade e motiva\u00e7\u00e3o por afrodescend\u00eancia. <\/p>\n<p>Que mochila combina com a Olimp\u00edada? E caso haja um tumulto, quem ficar nervoso passa a ser suspeito de terrorismo?<br \/>\nSe dois correrem de forma suspeita com uma mochila nas costas, um negro e um branco, qual ser\u00e1 o alvo?<\/p>\n","protected":false},"excerpt":{"rendered":"<p>A p\u00e1gina da ABIN no Facebook informa que qualquer pessoa &#8220;pode comunicar diretamente \u00e0 ABIN situa\u00e7\u00f5es que pare\u00e7am suspeitas, pelo e-mail prevencaoaoterrorismo@abin.gov.br &#8220;<\/p>\n","protected":false},"author":1,"featured_media":0,"comment_status":"closed","ping_status":"open","sticky":false,"template":"","format":"standard","meta":{"_exactmetrics_skip_tracking":false,"_exactmetrics_sitenote_active":false,"_exactmetrics_sitenote_note":"","_exactmetrics_sitenote_category":0,"jetpack_post_was_ever_published":false,"_jetpack_newsletter_access":"","_jetpack_dont_email_post_to_subs":false,"_jetpack_newsletter_tier_id":0,"_jetpack_memberships_contains_paywalled_content":false,"_jetpack_memberships_contains_paid_content":false,"footnotes":"","jetpack_publicize_message":"","jetpack_publicize_feature_enabled":true,"jetpack_social_post_already_shared":true,"jetpack_social_options":{"image_generator_settings":{"template":"highway","enabled":false},"version":2}},"categories":[1],"tags":[152,149,153,150,151],"class_list":["post-2228","post","type-post","status-publish","format-standard","hentry","category-notas","tag-abin","tag-i","tag-jean-charles","tag-oli","tag-olimpiadas"],"jetpack_publicize_connections":[],"jetpack_sharing_enabled":true,"jetpack_featured_media_url":"","jetpack_shortlink":"https:\/\/wp.me\/p7wKYW-zW","jetpack-related-posts":[],"_links":{"self":[{"href":"http:\/\/blogdalucianaoliveira.com.br\/blog\/wp-json\/wp\/v2\/posts\/2228","targetHints":{"allow":["GET"]}}],"collection":[{"href":"http:\/\/blogdalucianaoliveira.com.br\/blog\/wp-json\/wp\/v2\/posts"}],"about":[{"href":"http:\/\/blogdalucianaoliveira.com.br\/blog\/wp-json\/wp\/v2\/types\/post"}],"author":[{"embeddable":true,"href":"http:\/\/blogdalucianaoliveira.com.br\/blog\/wp-json\/wp\/v2\/users\/1"}],"replies":[{"embeddable":true,"href":"http:\/\/blogdalucianaoliveira.com.br\/blog\/wp-json\/wp\/v2\/comments?post=2228"}],"version-history":[{"count":4,"href":"http:\/\/blogdalucianaoliveira.com.br\/blog\/wp-json\/wp\/v2\/posts\/2228\/revisions"}],"predecessor-version":[{"id":2234,"href":"http:\/\/blogdalucianaoliveira.com.br\/blog\/wp-json\/wp\/v2\/posts\/2228\/revisions\/2234"}],"wp:attachment":[{"href":"http:\/\/blogdalucianaoliveira.com.br\/blog\/wp-json\/wp\/v2\/media?parent=2228"}],"wp:term":[{"taxonomy":"category","embeddable":true,"href":"http:\/\/blogdalucianaoliveira.com.br\/blog\/wp-json\/wp\/v2\/categories?post=2228"},{"taxonomy":"post_tag","embeddable":true,"href":"http:\/\/blogdalucianaoliveira.com.br\/blog\/wp-json\/wp\/v2\/tags?post=2228"}],"curies":[{"name":"wp","href":"https:\/\/api.w.org\/{rel}","templated":true}]}}