{"id":22346,"date":"2019-06-16T18:11:48","date_gmt":"2019-06-16T22:11:48","guid":{"rendered":"http:\/\/blogdalucianaoliveira.com.br\/blog\/?p=22346"},"modified":"2019-06-16T18:11:48","modified_gmt":"2019-06-16T22:11:48","slug":"lilia-schwarcz-o-judiciario-foi-usado-como-vinganca-e-impediu-que-a-democracia-siga-seu-curso","status":"publish","type":"post","link":"http:\/\/blogdalucianaoliveira.com.br\/blog\/2019\/06\/16\/lilia-schwarcz-o-judiciario-foi-usado-como-vinganca-e-impediu-que-a-democracia-siga-seu-curso\/","title":{"rendered":"Lilia Schwarcz: \u201cO Judici\u00e1rio foi usado como vingan\u00e7a e impediu que a democracia siga seu curso\u201d"},"content":{"rendered":"<p><img data-recalc-dims=\"1\" loading=\"lazy\" decoding=\"async\" data-attachment-id=\"22343\" data-permalink=\"http:\/\/blogdalucianaoliveira.com.br\/blog\/2019\/06\/16\/advogados-dizem-que-nunca-tiveram-telefone-ou-abertura-para-pedir-audiencias-a-moro\/2e483bc9-259c-4d0c-9ad0-053d17ddfdb3\/\" data-orig-file=\"https:\/\/i0.wp.com\/blogdalucianaoliveira.com.br\/blog\/wp-content\/uploads\/2019\/06\/2E483BC9-259C-4D0C-9AD0-053D17DDFDB3.jpeg?fit=768%2C512\" data-orig-size=\"768,512\" data-comments-opened=\"0\" data-image-meta=\"{&quot;aperture&quot;:&quot;0&quot;,&quot;credit&quot;:&quot;&quot;,&quot;camera&quot;:&quot;&quot;,&quot;caption&quot;:&quot;&quot;,&quot;created_timestamp&quot;:&quot;0&quot;,&quot;copyright&quot;:&quot;&quot;,&quot;focal_length&quot;:&quot;0&quot;,&quot;iso&quot;:&quot;0&quot;,&quot;shutter_speed&quot;:&quot;0&quot;,&quot;title&quot;:&quot;&quot;,&quot;orientation&quot;:&quot;0&quot;}\" data-image-title=\"2E483BC9-259C-4D0C-9AD0-053D17DDFDB3\" data-image-description=\"\" data-image-caption=\"\" data-medium-file=\"https:\/\/i0.wp.com\/blogdalucianaoliveira.com.br\/blog\/wp-content\/uploads\/2019\/06\/2E483BC9-259C-4D0C-9AD0-053D17DDFDB3.jpeg?fit=300%2C200\" data-large-file=\"https:\/\/i0.wp.com\/blogdalucianaoliveira.com.br\/blog\/wp-content\/uploads\/2019\/06\/2E483BC9-259C-4D0C-9AD0-053D17DDFDB3.jpeg?fit=600%2C400\" src=\"https:\/\/i0.wp.com\/blogdalucianaoliveira.com.br\/blog\/wp-content\/uploads\/2019\/06\/2E483BC9-259C-4D0C-9AD0-053D17DDFDB3.jpeg?resize=600%2C400\" alt=\"2E483BC9-259C-4D0C-9AD0-053D17DDFDB3\" width=\"600\" height=\"400\" class=\"alignnone size-full wp-image-22343\" srcset=\"https:\/\/i0.wp.com\/blogdalucianaoliveira.com.br\/blog\/wp-content\/uploads\/2019\/06\/2E483BC9-259C-4D0C-9AD0-053D17DDFDB3.jpeg?w=768 768w, https:\/\/i0.wp.com\/blogdalucianaoliveira.com.br\/blog\/wp-content\/uploads\/2019\/06\/2E483BC9-259C-4D0C-9AD0-053D17DDFDB3.jpeg?resize=300%2C200 300w, https:\/\/i0.wp.com\/blogdalucianaoliveira.com.br\/blog\/wp-content\/uploads\/2019\/06\/2E483BC9-259C-4D0C-9AD0-053D17DDFDB3.jpeg?resize=450%2C300 450w\" sizes=\"auto, (max-width: 600px) 100vw, 600px\" \/><\/p>\n<p>Antrop\u00f3loga, autora do livro &#8216;Sobre o autoritarismo brasileiro&#8217;, diz que o vazamento das mensagens de The Intercept Brasil mostra o Judici\u00e1rio atuando em causas pr\u00f3prias<!--more--><\/p>\n<p>El Pa\u00eds <\/p>\n<p>O brasileiro \u00e9, antes de tudo, um autorit\u00e1rio. Depois de s\u00e9culos escondendo-se por tr\u00e1s da ideia de de povo aberto, diverso, tolerante, pac\u00edfico e acolhedor \u2014o conceito de &#8220;homem cordial&#8221;, cunhado pelo historiador S\u00e9rgio Buarque de Holanda em 1936, em Ra\u00edzes do Brasil\u2014, ele tirou a m\u00e1scara da cordialidade e revelou-se abertamente intolerante. Essa \u00e9 a tese do rec\u00e9m-lan\u00e7ado Sobre o Autoritarismo Brasileiro (Companhia das Letras), livro da historiadora e antrop\u00f3loga Lilia Schwarcz. Em um exerc\u00edcio de ir ao passado para pensar o presente, a autora destrincha as fei\u00e7\u00f5es do autoritarismo \u00e0 brasileira, que nasce na escravid\u00e3o e nas mazelas do racismo e passa pelo patrimonialismo, viol\u00eancia, corrup\u00e7\u00e3o e pela desigualdade de g\u00eanero, resultando na polariza\u00e7\u00e3o atual.<\/p>\n<p><img data-recalc-dims=\"1\" loading=\"lazy\" decoding=\"async\" data-attachment-id=\"22347\" data-permalink=\"http:\/\/blogdalucianaoliveira.com.br\/blog\/2019\/06\/16\/lilia-schwarcz-o-judiciario-foi-usado-como-vinganca-e-impediu-que-a-democracia-siga-seu-curso\/4aa6c1a2-0382-4de9-ae82-4373007a3bae\/\" data-orig-file=\"https:\/\/i0.wp.com\/blogdalucianaoliveira.com.br\/blog\/wp-content\/uploads\/2019\/06\/4AA6C1A2-0382-4DE9-AE82-4373007A3BAE.jpeg?fit=360%2C257\" data-orig-size=\"360,257\" data-comments-opened=\"0\" data-image-meta=\"{&quot;aperture&quot;:&quot;0&quot;,&quot;credit&quot;:&quot;&quot;,&quot;camera&quot;:&quot;&quot;,&quot;caption&quot;:&quot;&quot;,&quot;created_timestamp&quot;:&quot;0&quot;,&quot;copyright&quot;:&quot;&quot;,&quot;focal_length&quot;:&quot;0&quot;,&quot;iso&quot;:&quot;0&quot;,&quot;shutter_speed&quot;:&quot;0&quot;,&quot;title&quot;:&quot;&quot;,&quot;orientation&quot;:&quot;0&quot;}\" data-image-title=\"4AA6C1A2-0382-4DE9-AE82-4373007A3BAE\" data-image-description=\"\" data-image-caption=\"\" data-medium-file=\"https:\/\/i0.wp.com\/blogdalucianaoliveira.com.br\/blog\/wp-content\/uploads\/2019\/06\/4AA6C1A2-0382-4DE9-AE82-4373007A3BAE.jpeg?fit=300%2C214\" data-large-file=\"https:\/\/i0.wp.com\/blogdalucianaoliveira.com.br\/blog\/wp-content\/uploads\/2019\/06\/4AA6C1A2-0382-4DE9-AE82-4373007A3BAE.jpeg?fit=360%2C257\" src=\"https:\/\/i0.wp.com\/blogdalucianaoliveira.com.br\/blog\/wp-content\/uploads\/2019\/06\/4AA6C1A2-0382-4DE9-AE82-4373007A3BAE.jpeg?resize=360%2C257\" alt=\"4AA6C1A2-0382-4DE9-AE82-4373007A3BAE\" width=\"360\" height=\"257\" class=\"alignnone size-full wp-image-22347\" srcset=\"https:\/\/i0.wp.com\/blogdalucianaoliveira.com.br\/blog\/wp-content\/uploads\/2019\/06\/4AA6C1A2-0382-4DE9-AE82-4373007A3BAE.jpeg?w=360 360w, https:\/\/i0.wp.com\/blogdalucianaoliveira.com.br\/blog\/wp-content\/uploads\/2019\/06\/4AA6C1A2-0382-4DE9-AE82-4373007A3BAE.jpeg?resize=300%2C214 300w\" sizes=\"auto, (max-width: 360px) 100vw, 360px\" \/><\/p>\n<p>Schwarcz observa o autoritarismo presente j\u00e1 no nascimento da Rep\u00fablica Brasileira. &#8220;Os dois primeiros presidentes da nossa hist\u00f3ria foram militares que governaram em estado de s\u00edtio&#8221;, explica em seu escrit\u00f3rio. A autora defende que essa cultura autorit\u00e1ria ganhou novos tons desde as manifesta\u00e7\u00f5es de 2013 e do impeachment de Dilma Rousseff, que desencadearam uma grande crise sociopol\u00edtica. &#8220;Esses fatos destamparam o caldeir\u00e3o da democracia. Valores que muitos brasileiros j\u00e1 tinham, mas se sentiam vexados de disseminar, come\u00e7aram a aparecer e foram totalmente avalizados pelo atual governo&#8221;, diz ela. Foi precisamente a busca de raz\u00f5es que explicassem a elei\u00e7\u00e3o de Jair Bolsonaro que levou Schwarcz a escrever o livro.<\/p>\n<p>A revela\u00e7\u00e3o pela s\u00e9rie de reportagens publicadas por The Intercept, no domingo, de que o ent\u00e3o juiz federal Sergio Moro, hoje ministro da Justi\u00e7a, e o procurador da Deltan Dallagnol trocavam mensagens controversas sobre o andamento da Opera\u00e7\u00e3o Lava Jato \u00e9, de acordo com Schwarz, o mais recente cap\u00edtulo do autoritarismo \u00e0 brasileira. &#8220;Esse epis\u00f3dio confirma a ideia de judicradura ou a ditadura do Judici\u00e1rio, quer dizer, de um Judici\u00e1rio que cumpre com sua liturgia, mas que cresceu de modo a n\u00e3o equiparar-se com os outros poderes. \u00c9 um Judici\u00e1rio que perde a medida do seu poder e p\u00f5e em quest\u00e3o a pr\u00e1tica da equanimidade&#8221;.<\/p>\n<p>A historiadora e antrop\u00f3loga tamb\u00e9m relaciona o epis\u00f3dios com outros ismos muito presentes na cultura e na hist\u00f3ria brasileira. O teor das conversas vazadas evidencia a atualidade do autoritarismo e do patrimonialismo no Brasil. Juntamente com a corrup\u00e7\u00e3o, seriam os grandes inimigos da Rep\u00fablica no pa\u00eds.<\/p>\n<p>A subvers\u00e3o da &#8220;coisa p\u00fablica&#8221;<\/p>\n<p>J\u00e1 dizia o historiador Jos\u00e9 Murilo de Carvalho que &#8220;nossa Rep\u00fablica nunca foi republicana&#8221;. Schwarcz concorda com ele, ao lembrar que a res p\u00fablica \u2014a coisa p\u00fablica ou o bem comum\u2014 deveria opor-se aos interesses privados. Mas, no Brasil, observa, nunca foi assim.  &#8220;O patrimonialismo \u00e9 resultado da rela\u00e7\u00e3o viciada que se estabelece entre a sociedade e o Estado. \u00c9 o entendimento, equivocado, de que o Estado \u00e9 bem pessoal, &#8216;patrim\u00f4nio&#8217; de quem det\u00e9m o poder. O que vimos ocorrer desde domingo [9], com o vazamento de informa\u00e7\u00f5es sobre Sergio Moro, se chama patrimonialismo. O uso do Judici\u00e1rio para causas particulares, como forma de vingan\u00e7a e de impedimento \u00e0 que a democracia siga seu curso&#8221;, afirma Schwarz.  <\/p>\n<p>A autora tamb\u00e9m v\u00ea esse uso do poder para interesses particulares no Governo Bolsonaro (apesar de n\u00e3o citar diretamente o presidente no livro), que, segunda ela, tem caracter\u00edsticas populistas e autorit\u00e1rias similares aos governos de Donald Trump, nos Estados Unidos, de Viktor Orb\u00e1n, na Hungria, de Rodrigo Duterte em Filipinas, ou de Nicol\u00e1s Maduro, na Venezuela. &#8220;S\u00e3o governos que t\u00eam uma compreens\u00e3o muito restrita da democracia. Propagam a ideia de que democracia se resume a ganhar elei\u00e7\u00e3o&#8221;.<\/p>\n<p>No caso do atual Executivo brasileiro, Schwarz destaca o personalismo, a figura forte do Bolsonaro como &#8220;salvador da p\u00e1tria&#8221;, como tra\u00e7o autorit\u00e1rio. &#8220;\u00c9 essa coisa de &#8216;eu sou o po\u00e7o da verdade&#8217;. Basta ver que a primeira manifesta\u00e7\u00e3o de apoio ao presidente foi contra o Congresso e contra o Supremo, ou seja, a ideia \u00e9 do Governo \u00e9 &#8216;eu n\u00e3o preciso dos outros poderes, eu sou o poder&#8217;. \u00c9 um governo que n\u00e3o sabe governar, que continua com falas de campanha, que n\u00e3o consegue ser propositivo e que n\u00e3o pratica o que \u00e9, na minha opini\u00e3o, a melhor pol\u00edtica: a arte de construir consensos. Ao contr\u00e1rio, ele [Jair Bolsonaro] vai cada vez mais apostando na polariza\u00e7\u00e3o dos afetos&#8221;, diz.<\/p>\n<p>Schwarcz tamb\u00e9m menciona a constante hist\u00f3rica que permitiu que diversas fam\u00edlias se perpetuassem na vida pol\u00edtica do pa\u00eds. &#8220;Isso de governar pela parentela \u00e9 um costume aceito no Brasil. Mas agora temos um presidente e tr\u00eas de seus filhos que foram eleitos para outros cargos tomando decis\u00f5es em Bras\u00edlia. Houve um recrudescimento da bancada dos parentes, e os Bolsonaro exacerbam esse modelo de familismo muito vigente no pa\u00eds&#8221;, critica.<\/p>\n<p>Ela pondera, no entanto, que o autoritarismo, pelo menos no Brasil, n\u00e3o se apega a ideologias. &#8220;Ele tamb\u00e9m cabe na esquerda&#8221;, afirma. O cap\u00edtulo sobre corrup\u00e7\u00e3o \u2014o maior do livro\u2014 est\u00e1 quase inteiramente dedicado ao caso do Mensal\u00e3o [esc\u00e2ndalo de compra de votos de parlamentares no Congresso durante o Governo Lula], \u00e0 Opera\u00e7\u00e3o Lava Jato e o papel do PT nela. &#8220;A polariza\u00e7\u00e3o que vivemos hoje \u00e9 consequ\u00eancia disso. Um lado s\u00f3 se radicaliza se o outro se radicalizar tamb\u00e9m. \u00c9 com isso que os partidos de esquerda ou progressistas t\u00eam que lidar hoje&#8221;.<\/p>\n<p>Apesar de interpretar o Mensal\u00e3o como uma tentativa de perpetua\u00e7\u00e3o no poder, Schwarcz n\u00e3o considera os governos progressistas autorit\u00e1rios. &#8220;Tanto os governos do PT quanto do PSDB estavam muito preocupados em ampliar a educa\u00e7\u00e3o, em fomentar a inclus\u00e3o, n\u00e3o afastaram da sua pauta a quest\u00e3o das minorias que estavam ascendendo. A corrup\u00e7\u00e3o virou uma m\u00e1quina de governar, mas a quest\u00e3o do autoritarismo \u00e9 de outra ordem. O governo atual n\u00e3o tem nenhum apego \u00e0 quest\u00e3o das minorias, n\u00e3o tem uma agenda progressista, a favor da diminui\u00e7\u00e3o das desigualdades, e deu provas de que n\u00e3o tem voca\u00e7\u00e3o nem vontade pol\u00edtica de batalhar pela educa\u00e7\u00e3o, a \u00fanica coisa que pode desarmar o gatilho da desigualdade e da exclus\u00e3o social&#8221;, argumenta.<\/p>\n<p>Cicatrizes hist\u00f3ricas e a &#8220;utopia&#8221; da Constitui\u00e7\u00e3o de 1988<\/p>\n<p>Em Sobre o autoritarismo brasileiro, Schwarcz resgata v\u00e1rias cicatrizes hist\u00f3ricas que persistem como n\u00f3s sem desatar no panorama atual do pa\u00eds. O colonialismo, baseado em um modelo de explora\u00e7\u00e3o, e a experi\u00eancia de coloniza\u00e7\u00e3o portuguesa \u2014uma coroa pequena, com poucos recursos para povoar o territ\u00f3rio e que baseou-se no sistema latifundi\u00e1rio, al\u00e9m de configurar uma metr\u00f3pole ausente da vida social local\u2014 s\u00e3o respons\u00e1veis, segundo ela, pelas especificidades do autoritarismo brasileiro. A maior e mais profunda dessas cicatrizes \u00e9, no entanto, a escravid\u00e3o. \u201cN\u00e3o \u00e9 \u00e0 toa que abro o livro com esse debate. Nem todos os pa\u00edses de governos populistas e autorit\u00e1rios contaram com m\u00e3o de obra escrava como n\u00f3s contamos. A escravid\u00e3o virou uma linguagem entre n\u00f3s e com graves consequ\u00eancias. Esse \u00e9 um grande n\u00f3 da hist\u00f3ria brasileira, um n\u00f3 que a gente n\u00e3o desata e que gera esse racismo t\u00e3o estrutural e institucional que vivemos hoje\u201d. <\/p>\n<p>A historiadora e antrop\u00f3loga aponta que a Constitui\u00e7\u00e3o de 1988 foi uma tentativa de mitigar esses danos hist\u00f3ricos, mas falhou em n\u00e3o reconhecer uma parcela da popula\u00e7\u00e3o que n\u00e3o se sentiu atendida por ela. &#8220;A Constitui\u00e7\u00e3o de 1988 \u00e9 generosa com muitos dos nossos direitos, mas falhou em alguns pontos. Um deles foi n\u00e3o mencionar a situa\u00e7\u00e3o dos militares. Outro foi n\u00e3o tratar dos privil\u00e9gios de uma sociedade desigual. Minha gera\u00e7\u00e3o falhou em n\u00e3o ver isso, em n\u00e3o ver essa parte da popula\u00e7\u00e3o que n\u00e3o se espelhava na utopia da Constitui\u00e7\u00e3o&#8221;.  <\/p>\n<p>Para Schwarcz, esse \u00e9 um dos fatores que explicam &#8220;como os brasileiros colocamos no poder um projeto autorit\u00e1rio&#8221;. As solu\u00e7\u00f5es para romper com a cultura de autoritarismo, afirma, passam pelo fortalecimento das institui\u00e7\u00f5es e pela educa\u00e7\u00e3o. Mas n\u00e3o h\u00e1 garantias.  &#8220;Hist\u00f3ria n\u00e3o \u00e9 que nem bula de rem\u00e9dio. A tristeza da Hist\u00f3ria \u00e9 que, muitas vezes, em vez de irmos para frente, voltamos atr\u00e1s&#8221;, diz.<\/p>\n","protected":false},"excerpt":{"rendered":"<p>Antrop\u00f3loga, autora do livro &#8216;Sobre o autoritarismo brasileiro&#8217;, diz que o vazamento das mensagens de The Intercept Brasil mostra o Judici\u00e1rio atuando em causas pr\u00f3prias<\/p>\n","protected":false},"author":1,"featured_media":0,"comment_status":"closed","ping_status":"open","sticky":false,"template":"","format":"standard","meta":{"_exactmetrics_skip_tracking":false,"_exactmetrics_sitenote_active":false,"_exactmetrics_sitenote_note":"","_exactmetrics_sitenote_category":0,"jetpack_post_was_ever_published":false,"_jetpack_newsletter_access":"","_jetpack_dont_email_post_to_subs":false,"_jetpack_newsletter_tier_id":0,"_jetpack_memberships_contains_paywalled_content":false,"_jetpack_memberships_contains_paid_content":false,"footnotes":"","jetpack_publicize_message":"","jetpack_publicize_feature_enabled":true,"jetpack_social_post_already_shared":true,"jetpack_social_options":{"image_generator_settings":{"template":"highway","enabled":false},"version":2}},"categories":[1],"tags":[],"class_list":["post-22346","post","type-post","status-publish","format-standard","hentry","category-notas"],"jetpack_publicize_connections":[],"jetpack_sharing_enabled":true,"jetpack_featured_media_url":"","jetpack_shortlink":"https:\/\/wp.me\/p7wKYW-5Oq","jetpack-related-posts":[],"_links":{"self":[{"href":"http:\/\/blogdalucianaoliveira.com.br\/blog\/wp-json\/wp\/v2\/posts\/22346","targetHints":{"allow":["GET"]}}],"collection":[{"href":"http:\/\/blogdalucianaoliveira.com.br\/blog\/wp-json\/wp\/v2\/posts"}],"about":[{"href":"http:\/\/blogdalucianaoliveira.com.br\/blog\/wp-json\/wp\/v2\/types\/post"}],"author":[{"embeddable":true,"href":"http:\/\/blogdalucianaoliveira.com.br\/blog\/wp-json\/wp\/v2\/users\/1"}],"replies":[{"embeddable":true,"href":"http:\/\/blogdalucianaoliveira.com.br\/blog\/wp-json\/wp\/v2\/comments?post=22346"}],"version-history":[{"count":1,"href":"http:\/\/blogdalucianaoliveira.com.br\/blog\/wp-json\/wp\/v2\/posts\/22346\/revisions"}],"predecessor-version":[{"id":22348,"href":"http:\/\/blogdalucianaoliveira.com.br\/blog\/wp-json\/wp\/v2\/posts\/22346\/revisions\/22348"}],"wp:attachment":[{"href":"http:\/\/blogdalucianaoliveira.com.br\/blog\/wp-json\/wp\/v2\/media?parent=22346"}],"wp:term":[{"taxonomy":"category","embeddable":true,"href":"http:\/\/blogdalucianaoliveira.com.br\/blog\/wp-json\/wp\/v2\/categories?post=22346"},{"taxonomy":"post_tag","embeddable":true,"href":"http:\/\/blogdalucianaoliveira.com.br\/blog\/wp-json\/wp\/v2\/tags?post=22346"}],"curies":[{"name":"wp","href":"https:\/\/api.w.org\/{rel}","templated":true}]}}