{"id":22356,"date":"2019-06-17T10:52:05","date_gmt":"2019-06-17T14:52:05","guid":{"rendered":"http:\/\/blogdalucianaoliveira.com.br\/blog\/?p=22356"},"modified":"2019-06-17T10:52:05","modified_gmt":"2019-06-17T14:52:05","slug":"fabio-comparato-diz-que-os-vazamentos-do-intercept-comprometem-moro-e-acusa-cia-de-ter-idealizado-a-lava-jato","status":"publish","type":"post","link":"http:\/\/blogdalucianaoliveira.com.br\/blog\/2019\/06\/17\/fabio-comparato-diz-que-os-vazamentos-do-intercept-comprometem-moro-e-acusa-cia-de-ter-idealizado-a-lava-jato\/","title":{"rendered":"F\u00e1bio Comparato diz que os vazamentos do Intercept comprometem Moro e acusa CIA de ter idealizado a Lava Jato"},"content":{"rendered":"<p><img data-recalc-dims=\"1\" loading=\"lazy\" decoding=\"async\" data-attachment-id=\"22357\" data-permalink=\"http:\/\/blogdalucianaoliveira.com.br\/blog\/2019\/06\/17\/fabio-comparato-diz-que-os-vazamentos-do-intercept-comprometem-moro-e-acusa-cia-de-ter-idealizado-a-lava-jato\/comparato-600x400\/\" data-orig-file=\"https:\/\/i0.wp.com\/blogdalucianaoliveira.com.br\/blog\/wp-content\/uploads\/2019\/06\/comparato-600x400.jpg?fit=600%2C400\" data-orig-size=\"600,400\" data-comments-opened=\"0\" data-image-meta=\"{&quot;aperture&quot;:&quot;0&quot;,&quot;credit&quot;:&quot;&quot;,&quot;camera&quot;:&quot;&quot;,&quot;caption&quot;:&quot;&quot;,&quot;created_timestamp&quot;:&quot;0&quot;,&quot;copyright&quot;:&quot;&quot;,&quot;focal_length&quot;:&quot;0&quot;,&quot;iso&quot;:&quot;0&quot;,&quot;shutter_speed&quot;:&quot;0&quot;,&quot;title&quot;:&quot;&quot;,&quot;orientation&quot;:&quot;0&quot;}\" data-image-title=\"comparato-600&amp;#215;400\" data-image-description=\"\" data-image-caption=\"\" data-medium-file=\"https:\/\/i0.wp.com\/blogdalucianaoliveira.com.br\/blog\/wp-content\/uploads\/2019\/06\/comparato-600x400.jpg?fit=300%2C200\" data-large-file=\"https:\/\/i0.wp.com\/blogdalucianaoliveira.com.br\/blog\/wp-content\/uploads\/2019\/06\/comparato-600x400.jpg?fit=600%2C400\" src=\"https:\/\/i0.wp.com\/blogdalucianaoliveira.com.br\/blog\/wp-content\/uploads\/2019\/06\/comparato-600x400.jpg?resize=600%2C400\" alt=\"comparato-600x400\" width=\"600\" height=\"400\" class=\"alignnone size-full wp-image-22357\" srcset=\"https:\/\/i0.wp.com\/blogdalucianaoliveira.com.br\/blog\/wp-content\/uploads\/2019\/06\/comparato-600x400.jpg?resize=600%2C400 600w, https:\/\/i0.wp.com\/blogdalucianaoliveira.com.br\/blog\/wp-content\/uploads\/2019\/06\/comparato-600x400.jpg?resize=300%2C200 300w, https:\/\/i0.wp.com\/blogdalucianaoliveira.com.br\/blog\/wp-content\/uploads\/2019\/06\/comparato-600x400.jpg?resize=450%2C300 450w\" sizes=\"auto, (max-width: 600px) 100vw, 600px\" \/><\/p>\n<p>\u201cA chamada Opera\u00e7\u00e3o Lava Jato foi idealizada pelos norte-americanos (notadamente a CIA) e teve por principal objetivo afastar Lula das elei\u00e7\u00f5es\u201d.<!--more--><\/p>\n<p>No DCM<\/p>\n<p>A declara\u00e7\u00e3o \u00e9 do professor e jurista F\u00e1bio Konder Comparato, um dos principais constitucionalistas do pa\u00eds.<\/p>\n<p>Em entrevista exclusiva ao DCM, o fundador e primeiro professor da Escola de Governo de S\u00e3o Paulo falou sobre o esc\u00e2ndalo dos vazamentos que revelam conluio entre o ent\u00e3o juiz Sergio Moro e os procuradores de Curitiba no processo que levou Lula \u00e0 pris\u00e3o e impediu o petista de disputar a elei\u00e7\u00e3o presidencial no ano passado.<\/p>\n<p>Segundo Comparato, \u201cas informa\u00e7\u00f5es divulgadas pelo Intercept, na melhor das hip\u00f3teses, comprometem a imparcialidade do ent\u00e3o juiz Moro\u201d.<\/p>\n<p>Ele diz ainda que \u201co Procurador Deltan Dallagnol revelou claramente suas liga\u00e7\u00f5es com o norte-americanos e n\u00e3o poderia igualmente prosseguir como acusador nos processos da Lava Jato\u201d.<\/p>\n<p>Por fim, revelou suas impress\u00f5es sobre o que deve ocorrer no STF. \u201cN\u00e3o acho improv\u00e1vel que os ministros anulem os processos criminais em que Lula foi acusado e condenado\u201d.<\/p>\n","protected":false},"excerpt":{"rendered":"<p>\u201cA chamada Opera\u00e7\u00e3o Lava Jato foi idealizada pelos norte-americanos (notadamente a CIA) e teve por principal objetivo afastar Lula das elei\u00e7\u00f5es\u201d.<\/p>\n","protected":false},"author":1,"featured_media":0,"comment_status":"closed","ping_status":"open","sticky":false,"template":"","format":"standard","meta":{"_exactmetrics_skip_tracking":false,"_exactmetrics_sitenote_active":false,"_exactmetrics_sitenote_note":"","_exactmetrics_sitenote_category":0,"jetpack_post_was_ever_published":false,"_jetpack_newsletter_access":"","_jetpack_dont_email_post_to_subs":false,"_jetpack_newsletter_tier_id":0,"_jetpack_memberships_contains_paywalled_content":false,"_jetpack_memberships_contains_paid_content":false,"footnotes":"","jetpack_publicize_message":"","jetpack_publicize_feature_enabled":true,"jetpack_social_post_already_shared":true,"jetpack_social_options":{"image_generator_settings":{"template":"highway","enabled":false},"version":2}},"categories":[1],"tags":[],"class_list":["post-22356","post","type-post","status-publish","format-standard","hentry","category-notas"],"jetpack_publicize_connections":[],"jetpack_sharing_enabled":true,"jetpack_featured_media_url":"","jetpack_shortlink":"https:\/\/wp.me\/p7wKYW-5OA","jetpack-related-posts":[],"_links":{"self":[{"href":"http:\/\/blogdalucianaoliveira.com.br\/blog\/wp-json\/wp\/v2\/posts\/22356","targetHints":{"allow":["GET"]}}],"collection":[{"href":"http:\/\/blogdalucianaoliveira.com.br\/blog\/wp-json\/wp\/v2\/posts"}],"about":[{"href":"http:\/\/blogdalucianaoliveira.com.br\/blog\/wp-json\/wp\/v2\/types\/post"}],"author":[{"embeddable":true,"href":"http:\/\/blogdalucianaoliveira.com.br\/blog\/wp-json\/wp\/v2\/users\/1"}],"replies":[{"embeddable":true,"href":"http:\/\/blogdalucianaoliveira.com.br\/blog\/wp-json\/wp\/v2\/comments?post=22356"}],"version-history":[{"count":1,"href":"http:\/\/blogdalucianaoliveira.com.br\/blog\/wp-json\/wp\/v2\/posts\/22356\/revisions"}],"predecessor-version":[{"id":22358,"href":"http:\/\/blogdalucianaoliveira.com.br\/blog\/wp-json\/wp\/v2\/posts\/22356\/revisions\/22358"}],"wp:attachment":[{"href":"http:\/\/blogdalucianaoliveira.com.br\/blog\/wp-json\/wp\/v2\/media?parent=22356"}],"wp:term":[{"taxonomy":"category","embeddable":true,"href":"http:\/\/blogdalucianaoliveira.com.br\/blog\/wp-json\/wp\/v2\/categories?post=22356"},{"taxonomy":"post_tag","embeddable":true,"href":"http:\/\/blogdalucianaoliveira.com.br\/blog\/wp-json\/wp\/v2\/tags?post=22356"}],"curies":[{"name":"wp","href":"https:\/\/api.w.org\/{rel}","templated":true}]}}