{"id":22360,"date":"2019-06-17T11:06:12","date_gmt":"2019-06-17T15:06:12","guid":{"rendered":"http:\/\/blogdalucianaoliveira.com.br\/blog\/?p=22360"},"modified":"2019-06-17T11:08:28","modified_gmt":"2019-06-17T15:08:28","slug":"mulheres-em-risco","status":"publish","type":"post","link":"http:\/\/blogdalucianaoliveira.com.br\/blog\/2019\/06\/17\/mulheres-em-risco\/","title":{"rendered":"Mulheres em risco"},"content":{"rendered":"<p><img data-recalc-dims=\"1\" loading=\"lazy\" decoding=\"async\" data-attachment-id=\"22361\" data-permalink=\"http:\/\/blogdalucianaoliveira.com.br\/blog\/2019\/06\/17\/mulheres-em-risco\/fe\/\" data-orig-file=\"https:\/\/i0.wp.com\/blogdalucianaoliveira.com.br\/blog\/wp-content\/uploads\/2019\/06\/fe.jpg?fit=311%2C162\" data-orig-size=\"311,162\" data-comments-opened=\"0\" data-image-meta=\"{&quot;aperture&quot;:&quot;0&quot;,&quot;credit&quot;:&quot;&quot;,&quot;camera&quot;:&quot;&quot;,&quot;caption&quot;:&quot;&quot;,&quot;created_timestamp&quot;:&quot;0&quot;,&quot;copyright&quot;:&quot;&quot;,&quot;focal_length&quot;:&quot;0&quot;,&quot;iso&quot;:&quot;0&quot;,&quot;shutter_speed&quot;:&quot;0&quot;,&quot;title&quot;:&quot;&quot;,&quot;orientation&quot;:&quot;0&quot;}\" data-image-title=\"fe\" data-image-description=\"\" data-image-caption=\"\" data-medium-file=\"https:\/\/i0.wp.com\/blogdalucianaoliveira.com.br\/blog\/wp-content\/uploads\/2019\/06\/fe.jpg?fit=300%2C156\" data-large-file=\"https:\/\/i0.wp.com\/blogdalucianaoliveira.com.br\/blog\/wp-content\/uploads\/2019\/06\/fe.jpg?fit=311%2C162\" class=\"alignnone size-full wp-image-22361\" src=\"https:\/\/i0.wp.com\/blogdalucianaoliveira.com.br\/blog\/wp-content\/uploads\/2019\/06\/fe.jpg?resize=311%2C162\" alt=\"fe\" width=\"311\" height=\"162\" srcset=\"https:\/\/i0.wp.com\/blogdalucianaoliveira.com.br\/blog\/wp-content\/uploads\/2019\/06\/fe.jpg?w=311 311w, https:\/\/i0.wp.com\/blogdalucianaoliveira.com.br\/blog\/wp-content\/uploads\/2019\/06\/fe.jpg?resize=300%2C156 300w\" sizes=\"auto, (max-width: 311px) 100vw, 311px\" \/><\/p>\n<p><span class=\"capitalize\">A\u00a0<\/span>cada duas horas, uma mulher \u00e9 assassinada no Brasil. Em meio \u00e0 epidemia de homic\u00eddios, com 65,6 mil mortes por ano, os assassinatos de mulheres tamb\u00e9m crescem. Em 2017, 5 mil mulheres foram mortas no pa\u00eds, maior n\u00famero registrado desde 2007. Gra\u00e7as \u00e0s mudan\u00e7as na lei brasileira, \u00e9 poss\u00edvel tipificar pelo menos um quinto desses homic\u00eddios como feminic\u00eddios \u2013 assassinatos de mulheres somente por conta do g\u00eanero.<!--more--><\/p>\n<div id=\"piaui-938396451\" class=\"piaui-miolopost\">Na Revista Piau\u00ed, por\u00a0<span class=\"bloco-autor\">EMILY ALMEIDA E CAROL CAVALEIRO<\/span><\/div>\n<div class=\"piaui-miolopost\"><\/div>\n<div class=\"piaui-miolopost\">\n<div class=\"post-inner\">\n<p><img data-recalc-dims=\"1\" loading=\"lazy\" decoding=\"async\" class=\"alignnone size-full wp-image-369798\" src=\"https:\/\/i0.wp.com\/piaui.folha.uol.com.br\/wp-content\/uploads\/2019\/06\/piaui_feminicidio-01.jpg?resize=600%2C303&#038;ssl=1\" alt=\"\" width=\"600\" height=\"303\" \/><\/p>\n<p>Em 2007, foram registrados\u00a0<strong>10 homic\u00eddios<\/strong>\u00a0de mulheres por dia. Em 2017, o n\u00famero de casos subiu para\u00a0<strong>13,5<\/strong>.<\/p>\n<p>&nbsp;<\/p>\n<p><img data-recalc-dims=\"1\" loading=\"lazy\" decoding=\"async\" class=\"alignnone size-full wp-image-369799\" src=\"https:\/\/i0.wp.com\/piaui.folha.uol.com.br\/wp-content\/uploads\/2019\/06\/piaui_feminicidio-02.jpg?resize=600%2C433&#038;ssl=1\" alt=\"\" width=\"600\" height=\"433\" \/><\/p>\n<p>A taxa de\u00a0<strong>feminic\u00eddio<\/strong>\u00a0por 100 mil mulheres no\u00a0<strong>Brasil<\/strong>\u00a0(0,97) \u00e9\u00a0<strong>mais que o dobro<\/strong>\u00a0que a do\u00a0<strong>Reino Unido<\/strong>\u00a0(0,42).<\/p>\n<p>&nbsp;<\/p>\n<p><img data-recalc-dims=\"1\" loading=\"lazy\" decoding=\"async\" class=\"alignnone size-full wp-image-369800\" src=\"https:\/\/i0.wp.com\/piaui.folha.uol.com.br\/wp-content\/uploads\/2019\/06\/piaui_feminicidio-03.jpg?resize=600%2C430&#038;ssl=1\" alt=\"\" width=\"600\" height=\"430\" \/><\/p>\n<p>A maior taxa de\u00a0<strong>homic\u00eddios de mulheres<\/strong>\u00a0por 100 mil habitantes no Brasil est\u00e1 em\u00a0<strong>Roraima, com 10,6.<\/strong>\u00a0A menor est\u00e1 em\u00a0<strong>S\u00e3o Paulo, com 2,2<\/strong>. Assim, a chance de uma mulher ser morta \u00e9 cinco vezes maior em Roraima que em S\u00e3o Paulo.<\/p>\n<p>&nbsp;<\/p>\n<p><img data-recalc-dims=\"1\" loading=\"lazy\" decoding=\"async\" class=\"alignnone size-full wp-image-369801\" src=\"https:\/\/i0.wp.com\/piaui.folha.uol.com.br\/wp-content\/uploads\/2019\/06\/piaui_feminicidio-04.jpg?resize=600%2C487&#038;ssl=1\" alt=\"\" width=\"600\" height=\"487\" \/><\/p>\n<p>O\u00a0<strong>Rio Grande do Sul<\/strong>\u00a0teve a maior taxa de\u00a0<strong>les\u00f5es corporais dolosas<\/strong>contra mulheres em 2017:\u00a0<strong>398<\/strong>\u00a0por 100 mil habitantes. Isso \u00e9 quase o\u00a0<strong>dobro<\/strong>\u00a0da taxa registrada no estado de\u00a0<strong>S\u00e3o Paulo<\/strong>\u00a0no mesmo per\u00edodo (221).<\/p>\n<p>&nbsp;<\/p>\n<p><img data-recalc-dims=\"1\" loading=\"lazy\" decoding=\"async\" class=\"alignnone size-full wp-image-369802\" src=\"https:\/\/i0.wp.com\/piaui.folha.uol.com.br\/wp-content\/uploads\/2019\/06\/piaui_feminicidio-05.jpg?resize=600%2C145&#038;ssl=1\" alt=\"\" width=\"600\" height=\"145\" \/><\/p>\n<p>Dos casos de\u00a0<strong>feminic\u00eddio<\/strong>\u00a0registrados no Rio de Janeiro em 2018,\u00a0<strong>69%<\/strong>foram contra mulheres\u00a0<strong>negras ou pardas<\/strong>; e 30% contra mulheres\u00a0<strong>brancas.<\/strong>\u00a0Ou seja, uma mulher negra tem 2,3 vezes mais chances de ser v\u00edtima de feminic\u00eddio que uma branca.<\/p>\n<p>&nbsp;<\/p>\n<p><img data-recalc-dims=\"1\" loading=\"lazy\" decoding=\"async\" class=\"alignnone size-full wp-image-369803\" src=\"https:\/\/i0.wp.com\/piaui.folha.uol.com.br\/wp-content\/uploads\/2019\/06\/piaui_feminicidio-06.jpg?resize=600%2C510&#038;ssl=1\" alt=\"\" width=\"600\" height=\"510\" \/><\/p>\n<p>Em 2017, de cada\u00a0<strong>109<\/strong>\u00a0ocorr\u00eancias de\u00a0<strong>crimes associados \u00e0 viol\u00eancia contra a mulher<\/strong>\u00a0no Rio e Janeiro,\u00a0<strong>uma resultou em pris\u00e3o<\/strong>. Em 2018, houve uma pris\u00e3o a cada\u00a0<strong>185<\/strong>\u00a0ocorr\u00eancias.<\/p>\n<p>&nbsp;<\/p>\n<p><img data-recalc-dims=\"1\" loading=\"lazy\" decoding=\"async\" class=\"alignnone size-full wp-image-369804\" src=\"https:\/\/i0.wp.com\/piaui.folha.uol.com.br\/wp-content\/uploads\/2019\/06\/piaui_feminicidio-07.jpg?resize=600%2C243&#038;ssl=1\" alt=\"\" width=\"600\" height=\"243\" \/><\/p>\n<p>O n\u00famero de\u00a0<strong>medidas protetivas<\/strong>\u00a0concedidas pela Justi\u00e7a para prevenir agress\u00f5es a mulheres cresceu 22% entre 2016 e 2017 \u2013 a taxa por 100 mil habitantes mulheres protegidas passou de\u00a0<strong>185<\/strong>\u00a0para\u00a0<strong>224<\/strong>.<\/p>\n<p>&nbsp;<\/p>\n<p><b>Fontes:<\/b>\u00a0Atlas da Viol\u00eancia; Anu\u00e1rio Brasileiro de Seguran\u00e7a P\u00fablica; Dossi\u00ea Mulher; Tribunal de Justi\u00e7a do Estado do Rio de Janeiro (TJ-RJ); Femicide Census; Monitor da Viol\u00eancia.<\/p>\n<\/div>\n<div class=\"post-fim no-print\"><\/div>\n<\/div>\n","protected":false},"excerpt":{"rendered":"<p>A\u00a0cada duas horas, uma mulher \u00e9 assassinada no Brasil. Em meio \u00e0 epidemia de homic\u00eddios, com 65,6 mil mortes por ano, os assassinatos de mulheres tamb\u00e9m crescem. Em 2017, 5 mil mulheres foram mortas no pa\u00eds, maior n\u00famero registrado desde 2007. Gra\u00e7as \u00e0s mudan\u00e7as na lei brasileira, \u00e9 poss\u00edvel tipificar pelo menos um quinto desses&#8230;<a class=\"more-link\" href=\"http:\/\/blogdalucianaoliveira.com.br\/blog\/2019\/06\/17\/mulheres-em-risco\/\">Continue a leitura <span class=\"meta-nav\">&raquo;<\/span><\/a><\/p>\n","protected":false},"author":1,"featured_media":0,"comment_status":"closed","ping_status":"open","sticky":false,"template":"","format":"standard","meta":{"_exactmetrics_skip_tracking":false,"_exactmetrics_sitenote_active":false,"_exactmetrics_sitenote_note":"","_exactmetrics_sitenote_category":0,"jetpack_post_was_ever_published":false,"_jetpack_newsletter_access":"","_jetpack_dont_email_post_to_subs":false,"_jetpack_newsletter_tier_id":0,"_jetpack_memberships_contains_paywalled_content":false,"_jetpack_memberships_contains_paid_content":false,"footnotes":"","jetpack_publicize_message":"","jetpack_publicize_feature_enabled":true,"jetpack_social_post_already_shared":true,"jetpack_social_options":{"image_generator_settings":{"template":"highway","enabled":false},"version":2}},"categories":[1],"tags":[],"class_list":["post-22360","post","type-post","status-publish","format-standard","hentry","category-notas"],"jetpack_publicize_connections":[],"jetpack_sharing_enabled":true,"jetpack_featured_media_url":"","jetpack_shortlink":"https:\/\/wp.me\/p7wKYW-5OE","jetpack-related-posts":[],"_links":{"self":[{"href":"http:\/\/blogdalucianaoliveira.com.br\/blog\/wp-json\/wp\/v2\/posts\/22360","targetHints":{"allow":["GET"]}}],"collection":[{"href":"http:\/\/blogdalucianaoliveira.com.br\/blog\/wp-json\/wp\/v2\/posts"}],"about":[{"href":"http:\/\/blogdalucianaoliveira.com.br\/blog\/wp-json\/wp\/v2\/types\/post"}],"author":[{"embeddable":true,"href":"http:\/\/blogdalucianaoliveira.com.br\/blog\/wp-json\/wp\/v2\/users\/1"}],"replies":[{"embeddable":true,"href":"http:\/\/blogdalucianaoliveira.com.br\/blog\/wp-json\/wp\/v2\/comments?post=22360"}],"version-history":[{"count":2,"href":"http:\/\/blogdalucianaoliveira.com.br\/blog\/wp-json\/wp\/v2\/posts\/22360\/revisions"}],"predecessor-version":[{"id":22363,"href":"http:\/\/blogdalucianaoliveira.com.br\/blog\/wp-json\/wp\/v2\/posts\/22360\/revisions\/22363"}],"wp:attachment":[{"href":"http:\/\/blogdalucianaoliveira.com.br\/blog\/wp-json\/wp\/v2\/media?parent=22360"}],"wp:term":[{"taxonomy":"category","embeddable":true,"href":"http:\/\/blogdalucianaoliveira.com.br\/blog\/wp-json\/wp\/v2\/categories?post=22360"},{"taxonomy":"post_tag","embeddable":true,"href":"http:\/\/blogdalucianaoliveira.com.br\/blog\/wp-json\/wp\/v2\/tags?post=22360"}],"curies":[{"name":"wp","href":"https:\/\/api.w.org\/{rel}","templated":true}]}}