{"id":22371,"date":"2019-06-17T22:24:33","date_gmt":"2019-06-18T02:24:33","guid":{"rendered":"http:\/\/blogdalucianaoliveira.com.br\/blog\/?p=22371"},"modified":"2019-06-18T07:07:19","modified_gmt":"2019-06-18T11:07:19","slug":"dom-moacyr-grechi-morre-aos-83-anos-o-defensor-dos-oprimidos-e-da-amazonia","status":"publish","type":"post","link":"http:\/\/blogdalucianaoliveira.com.br\/blog\/2019\/06\/17\/dom-moacyr-grechi-morre-aos-83-anos-o-defensor-dos-oprimidos-e-da-amazonia\/","title":{"rendered":"DOM MOACYR GRECHI: MORRE AOS 83 ANOS, O DEFENSOR DOS OPRIMIDOS E DA AMAZ\u00d4NIA"},"content":{"rendered":"<p><img data-recalc-dims=\"1\" loading=\"lazy\" decoding=\"async\" data-attachment-id=\"22372\" data-permalink=\"http:\/\/blogdalucianaoliveira.com.br\/blog\/2019\/06\/17\/dom-moacyr-grechi-morre-aos-83-anos-o-defensor-dos-oprimidos-e-da-amazonia\/dom-3\/\" data-orig-file=\"https:\/\/i0.wp.com\/blogdalucianaoliveira.com.br\/blog\/wp-content\/uploads\/2019\/06\/DOM.jpg?fit=700%2C454\" data-orig-size=\"700,454\" data-comments-opened=\"0\" data-image-meta=\"{&quot;aperture&quot;:&quot;0&quot;,&quot;credit&quot;:&quot;&quot;,&quot;camera&quot;:&quot;&quot;,&quot;caption&quot;:&quot;&quot;,&quot;created_timestamp&quot;:&quot;0&quot;,&quot;copyright&quot;:&quot;&quot;,&quot;focal_length&quot;:&quot;0&quot;,&quot;iso&quot;:&quot;0&quot;,&quot;shutter_speed&quot;:&quot;0&quot;,&quot;title&quot;:&quot;&quot;,&quot;orientation&quot;:&quot;0&quot;}\" data-image-title=\"DOM\" data-image-description=\"\" data-image-caption=\"\" data-medium-file=\"https:\/\/i0.wp.com\/blogdalucianaoliveira.com.br\/blog\/wp-content\/uploads\/2019\/06\/DOM.jpg?fit=300%2C195\" data-large-file=\"https:\/\/i0.wp.com\/blogdalucianaoliveira.com.br\/blog\/wp-content\/uploads\/2019\/06\/DOM.jpg?fit=600%2C389\" class=\"alignnone size-full wp-image-22372\" src=\"https:\/\/i0.wp.com\/blogdalucianaoliveira.com.br\/blog\/wp-content\/uploads\/2019\/06\/DOM.jpg?resize=600%2C389\" alt=\"DOM\" width=\"600\" height=\"389\" srcset=\"https:\/\/i0.wp.com\/blogdalucianaoliveira.com.br\/blog\/wp-content\/uploads\/2019\/06\/DOM.jpg?w=700 700w, https:\/\/i0.wp.com\/blogdalucianaoliveira.com.br\/blog\/wp-content\/uploads\/2019\/06\/DOM.jpg?resize=300%2C195 300w, https:\/\/i0.wp.com\/blogdalucianaoliveira.com.br\/blog\/wp-content\/uploads\/2019\/06\/DOM.jpg?resize=463%2C300 463w\" sizes=\"auto, (max-width: 600px) 100vw, 600px\" \/><\/p>\n<p>\u201dTra\u00e7aremos os caminhos de um mundo novo\u201d, disse h\u00e1 poucos dias o arcebispo em\u00e9rito de Porto Velho, Dom Moacyr Grechi, em um \u00e1udio encaminhado a grupo de aplicativo de celular.<\/p>\n<p>Ele faleceu nesta segunda-feira em Porto Velho, aos 83 anos, n\u00e3o resistiu a duas paradas card\u00edacas na Unidade de Tratamento Intensivo onde estava internado.<!--more--><\/p>\n<p>Nascido em Turco, Santa Catarina, ingressou no Semin\u00e1rio da Ordem dos Servos de Maria em 1949 e em 1961 foi ordenado sacerdote.<\/p>\n<p>De 1972 a 1998 foi arcebispo da Diocese de Rio Branco e l\u00e1 destacou-se na defesa dos ind\u00edgenas, dos seringueiros e dos trabalhadores rurais.<\/p>\n<p>Dom Moacyr lutou por justi\u00e7a com o assassinato de Chico Mendes e exerceu papel determinante colhendo\u00a0 e repassando den\u00fancias contra o \u2018esquadr\u00e3o da morte\u2019 liderado pelo ex-deputado Hildebrando Paschoal, que aterrorizava o Acre.<\/p>\n<p>Em entrevistas, relatou v\u00e1rias amea\u00e7as de morte, mas n\u00e3o cedeu ao medo.<\/p>\n<p>&#8220;A Igreja tem de correr riscos, inclusive de morte&#8221;, disse.<\/p>\n<p>Veja aqui : <a href=\"https:\/\/www.youtube.com\/watch?v=IIewebBrbhU\">https:\/\/www.youtube.com\/watch?v=IIewebBrbhU<\/a><\/p>\n<p>Dom Moacyr foi fundador do Conselho Indigenista Mission\u00e1rio (CIMI), da Comiss\u00e3o Pastoral da Terra (CPT) e colaborador atuante da Comiss\u00e3o Justi\u00e7a e Paz de Rond\u00f4nia e das Comunidades Eclesiais de Base da igreja cat\u00f3lica.<\/p>\n<p>\u201cA igreja que tem os p\u00e9s no ch\u00e3o\u201d, essa assim que se referia \u00e0s CEBs.<\/p>\n<p>Foi tamb\u00e9m vice-presidente da Comiss\u00e3o Episcopal da Amaz\u00f4nia e membro delegado pela CNBB da Quinta Confer\u00eancia Geral do Episcopado Latino-americano e Caribenho (Confer\u00eancia de Aparecida), onde se aproximou de\u00a0M\u00e1rio Jorge Berg\u00f3glio, ent\u00e3o arcebispo de Buenos Aires, hoje Papa Francisco.<\/p>\n<p>&#8220;Francisco \u00e9 a express\u00e3o m\u00e1xima do que \u00e9 ser crist\u00e3o&#8221;, disse quando soube da escolha do amigo.<\/p>\n<p>Dom Moacir\u00a0 foi arcebispo de Porto Velho, sobreviveu a\u00a0acidentes graves de carro, a queda de avi\u00e3o e de mula.<\/p>\n<p>Como bispo em\u00e9rito um incans\u00e1vel militante por justi\u00e7a social, contra reformas que prejudicam quem tem menos para manter privil\u00e9gios de quem tem mais, era visto com frequ\u00eancia em atividades p\u00fablicas e da Faculdade Cat\u00f3lica de Rond\u00f4nia que ajudou a criar, mesmo ap\u00f3s aposentar-se aos 75 anos.<\/p>\n<p>Seu lema: &#8220;O \u00faltimo de todos e o servo de todos&#8221;.<\/p>\n<p>&nbsp;<\/p>\n","protected":false},"excerpt":{"rendered":"<p>\u201dTra\u00e7aremos os caminhos de um mundo novo\u201d, disse h\u00e1 poucos dias o arcebispo em\u00e9rito de Porto Velho, Dom Moacyr Grechi, em um \u00e1udio encaminhado a grupo de aplicativo de celular. Ele faleceu nesta segunda-feira em Porto Velho, aos 83 anos, n\u00e3o resistiu a duas paradas card\u00edacas na Unidade de Tratamento Intensivo onde estava internado.<\/p>\n","protected":false},"author":1,"featured_media":0,"comment_status":"closed","ping_status":"open","sticky":false,"template":"","format":"standard","meta":{"_exactmetrics_skip_tracking":false,"_exactmetrics_sitenote_active":false,"_exactmetrics_sitenote_note":"","_exactmetrics_sitenote_category":0,"jetpack_post_was_ever_published":false,"_jetpack_newsletter_access":"","_jetpack_dont_email_post_to_subs":false,"_jetpack_newsletter_tier_id":0,"_jetpack_memberships_contains_paywalled_content":false,"_jetpack_memberships_contains_paid_content":false,"footnotes":"","jetpack_publicize_message":"","jetpack_publicize_feature_enabled":true,"jetpack_social_post_already_shared":true,"jetpack_social_options":{"image_generator_settings":{"template":"highway","enabled":false},"version":2}},"categories":[1],"tags":[352],"class_list":["post-22371","post","type-post","status-publish","format-standard","hentry","category-notas","tag-moacyr-grechi"],"jetpack_publicize_connections":[],"jetpack_sharing_enabled":true,"jetpack_featured_media_url":"","jetpack_shortlink":"https:\/\/wp.me\/p7wKYW-5OP","jetpack-related-posts":[],"_links":{"self":[{"href":"http:\/\/blogdalucianaoliveira.com.br\/blog\/wp-json\/wp\/v2\/posts\/22371","targetHints":{"allow":["GET"]}}],"collection":[{"href":"http:\/\/blogdalucianaoliveira.com.br\/blog\/wp-json\/wp\/v2\/posts"}],"about":[{"href":"http:\/\/blogdalucianaoliveira.com.br\/blog\/wp-json\/wp\/v2\/types\/post"}],"author":[{"embeddable":true,"href":"http:\/\/blogdalucianaoliveira.com.br\/blog\/wp-json\/wp\/v2\/users\/1"}],"replies":[{"embeddable":true,"href":"http:\/\/blogdalucianaoliveira.com.br\/blog\/wp-json\/wp\/v2\/comments?post=22371"}],"version-history":[{"count":1,"href":"http:\/\/blogdalucianaoliveira.com.br\/blog\/wp-json\/wp\/v2\/posts\/22371\/revisions"}],"predecessor-version":[{"id":22373,"href":"http:\/\/blogdalucianaoliveira.com.br\/blog\/wp-json\/wp\/v2\/posts\/22371\/revisions\/22373"}],"wp:attachment":[{"href":"http:\/\/blogdalucianaoliveira.com.br\/blog\/wp-json\/wp\/v2\/media?parent=22371"}],"wp:term":[{"taxonomy":"category","embeddable":true,"href":"http:\/\/blogdalucianaoliveira.com.br\/blog\/wp-json\/wp\/v2\/categories?post=22371"},{"taxonomy":"post_tag","embeddable":true,"href":"http:\/\/blogdalucianaoliveira.com.br\/blog\/wp-json\/wp\/v2\/tags?post=22371"}],"curies":[{"name":"wp","href":"https:\/\/api.w.org\/{rel}","templated":true}]}}