{"id":22377,"date":"2019-06-18T08:42:27","date_gmt":"2019-06-18T12:42:27","guid":{"rendered":"http:\/\/blogdalucianaoliveira.com.br\/blog\/?p=22377"},"modified":"2019-06-18T08:42:27","modified_gmt":"2019-06-18T12:42:27","slug":"vatican-news-faleceu-dom-moacyr-grechi","status":"publish","type":"post","link":"http:\/\/blogdalucianaoliveira.com.br\/blog\/2019\/06\/18\/vatican-news-faleceu-dom-moacyr-grechi\/","title":{"rendered":"Vatican news : Faleceu Dom Moacyr Grechi"},"content":{"rendered":"<p><img data-recalc-dims=\"1\" loading=\"lazy\" decoding=\"async\" data-attachment-id=\"22378\" data-permalink=\"http:\/\/blogdalucianaoliveira.com.br\/blog\/2019\/06\/18\/vatican-news-faleceu-dom-moacyr-grechi\/bf838f24-ec7a-4134-8dc7-e4b630b41a44\/\" data-orig-file=\"https:\/\/i0.wp.com\/blogdalucianaoliveira.com.br\/blog\/wp-content\/uploads\/2019\/06\/BF838F24-EC7A-4134-8DC7-E4B630B41A44.jpeg?fit=743%2C627\" data-orig-size=\"743,627\" data-comments-opened=\"0\" data-image-meta=\"{&quot;aperture&quot;:&quot;0&quot;,&quot;credit&quot;:&quot;&quot;,&quot;camera&quot;:&quot;&quot;,&quot;caption&quot;:&quot;&quot;,&quot;created_timestamp&quot;:&quot;0&quot;,&quot;copyright&quot;:&quot;&quot;,&quot;focal_length&quot;:&quot;0&quot;,&quot;iso&quot;:&quot;0&quot;,&quot;shutter_speed&quot;:&quot;0&quot;,&quot;title&quot;:&quot;&quot;,&quot;orientation&quot;:&quot;0&quot;}\" data-image-title=\"BF838F24-EC7A-4134-8DC7-E4B630B41A44\" data-image-description=\"\" data-image-caption=\"\" data-medium-file=\"https:\/\/i0.wp.com\/blogdalucianaoliveira.com.br\/blog\/wp-content\/uploads\/2019\/06\/BF838F24-EC7A-4134-8DC7-E4B630B41A44.jpeg?fit=300%2C253\" data-large-file=\"https:\/\/i0.wp.com\/blogdalucianaoliveira.com.br\/blog\/wp-content\/uploads\/2019\/06\/BF838F24-EC7A-4134-8DC7-E4B630B41A44.jpeg?fit=600%2C506\" src=\"https:\/\/i0.wp.com\/blogdalucianaoliveira.com.br\/blog\/wp-content\/uploads\/2019\/06\/BF838F24-EC7A-4134-8DC7-E4B630B41A44.jpeg?resize=600%2C506\" alt=\"BF838F24-EC7A-4134-8DC7-E4B630B41A44\" width=\"600\" height=\"506\" class=\"alignnone size-full wp-image-22378\" srcset=\"https:\/\/i0.wp.com\/blogdalucianaoliveira.com.br\/blog\/wp-content\/uploads\/2019\/06\/BF838F24-EC7A-4134-8DC7-E4B630B41A44.jpeg?w=743 743w, https:\/\/i0.wp.com\/blogdalucianaoliveira.com.br\/blog\/wp-content\/uploads\/2019\/06\/BF838F24-EC7A-4134-8DC7-E4B630B41A44.jpeg?resize=300%2C253 300w, https:\/\/i0.wp.com\/blogdalucianaoliveira.com.br\/blog\/wp-content\/uploads\/2019\/06\/BF838F24-EC7A-4134-8DC7-E4B630B41A44.jpeg?resize=356%2C300 356w\" sizes=\"auto, (max-width: 600px) 100vw, 600px\" \/><\/p>\n<p>Faleceu na tarde desta segunda-feira (17\/06), na capital do Estado de Rond\u00f4nia o arcebispo em\u00e9rito de Porto Velho, dom Moacyr Grechi. O prelado, que foi arcebispo de Rio Branco entre 1972 e 1998 tinha 83 anos.<!--more--><\/p>\n<p>Cidade do Vaticano<\/p>\n<p>Dom Maocyr foi um dos fundadores do Conselho Indigenista Mission\u00e1rio (CIMI) e da Comiss\u00e3o Pastoral da Terra, entidade que presidiu por oito anos. Destacou-se pela defesa dos ind\u00edgenas, dos seringueiros e dos trabalhadores rurais. Lutou pela puni\u00e7\u00e3o dos assassinos de Chico Mendes, que conheceu pela atua\u00e7\u00e3o nas Comunidades Eclesiais de Base (CEB\u2019s). <\/p>\n<p>Como arcebispo de Porto Velho, contribuiu para a cria\u00e7\u00e3o da Faculdade Cat\u00f3lica de Rond\u00f4nia, da Comiss\u00e3o Justi\u00e7a e Paz de Rond\u00f4nia e para o fortalecimento dos Centros Sociais da Arquidiocese. Teve como lema: \u201cO \u00faltimo de todos e o servo de todos\u201d. Foi membro delegado pela CNBB da V Confer\u00eancia Geral do Episcopado Latino-americano e Caribenho realizada em Aparecida em maio de 2007.<\/p>\n<p>Dom Moacyr Grechi<\/p>\n<p>Em julho de 1998, Dom Moacyr Grechi, que era natural de Santa Catarina, foi nomeado arcebispo de Porto Velho. Ele se tornou arcebispo em\u00e9rito no dia 30 de novembro de 2011.<\/p>\n<p>Foi ordenado padre em 1961, aos 25 anos. Em julho de 1972, Grechi foi indicado bispo prelado no Acre.<br \/>\nConfira a nota da Arquidiocese de Porto Velho sobre a morte de Dom Moacyr Grechi:<\/p>\n<p>NOTA DE PESAR<br \/>\nCumprimos com pesar o doloroso dever de informar o falecimento de Dom Frei Moacyr Grechi, OSM, Arcebispo Em\u00e9rito de Porto Velho, neste in\u00edcio de noite de segunda-feira, dia 17 de junho, no hospital onde estava internado tratando de uma infec\u00e7\u00e3o. Nascido aos 19 de janeiro de 1936 em Turvo \u2013 SC, Dom Moacyr foi ordenado presb\u00edtero da Ordem dos Servos de Maria aos 29 de junho de 1961. Tendo sido nomeado prelado do Acre e Purus em 1972, m\u00fanus que exerceu por pouco mais de um ano como presb\u00edtero, foi ordenado Bispo Titular de Vegesela em Numidia aos 21 de outubro de 1973. Ao ser erigida a Diocese de Rio Branco em 1986, foi nomeado seu Bispo.<br \/>\nEm 29 de julho de 1998 foi nomeado Arcebispo de Porto Velho, cargo que exerceu at\u00e9 a aceita\u00e7\u00e3o de sua ren\u00fancia por idade aos 30 de novembro de 2011. Durante seu minist\u00e9rio, Dom Moacyr sempre se mostrou preocupado com as causas sociais, com a vida dos pequenos e dos pobres.<br \/>\nO que fez tamb\u00e9m a n\u00edvel institucional, sendo um dos criadores da Comiss\u00e3o Pastoral da Terra (CPT), sendo seu presidente por oito anos, e do Conselho Indigenista Mission\u00e1rio (CIMI), atuando na defesa dos pequenos agricultores, dos ind\u00edgenas, dos seringueiros e de muitos outros em situa\u00e7\u00e3o de exclus\u00e3o social.<br \/>\nDestaca-se outrossim o seu grande amor e incentivo \u00e0s CEBs (Comunidades Eclesiais de Base), movido sempre pela profecia vinda do Evangelho de Nosso Senhor Jesus Cristo (cuja leitura costumava carinhosamente cobrar do povo), bem como um profundo amor pela Sant\u00edssima M\u00e3e de Jesus.<br \/>\nAssim que tivermos maiores detalhes sobre o sepultamento tornaremos a informar. Dai-lhe, Senhor, o repouso eterno, e brilhe para ele a vossa luz!<br \/>\nPorto Velho, 17 de junho de 2019.<\/p>\n<p>\u2020 Roque Paloschi<br \/>\nBispo da Igreja que est\u00e1 em Porto Velho<br \/>\nPe. Marcelo Moschini Daudt<br \/>\nChanceler<\/p>\n","protected":false},"excerpt":{"rendered":"<p>Faleceu na tarde desta segunda-feira (17\/06), na capital do Estado de Rond\u00f4nia o arcebispo em\u00e9rito de Porto Velho, dom Moacyr Grechi. O prelado, que foi arcebispo de Rio Branco entre 1972 e 1998 tinha 83 anos.<\/p>\n","protected":false},"author":1,"featured_media":0,"comment_status":"closed","ping_status":"open","sticky":false,"template":"","format":"standard","meta":{"_exactmetrics_skip_tracking":false,"_exactmetrics_sitenote_active":false,"_exactmetrics_sitenote_note":"","_exactmetrics_sitenote_category":0,"jetpack_post_was_ever_published":false,"_jetpack_newsletter_access":"","_jetpack_dont_email_post_to_subs":false,"_jetpack_newsletter_tier_id":0,"_jetpack_memberships_contains_paywalled_content":false,"_jetpack_memberships_contains_paid_content":false,"footnotes":"","jetpack_publicize_message":"","jetpack_publicize_feature_enabled":true,"jetpack_social_post_already_shared":true,"jetpack_social_options":{"image_generator_settings":{"template":"highway","enabled":false},"version":2}},"categories":[1],"tags":[],"class_list":["post-22377","post","type-post","status-publish","format-standard","hentry","category-notas"],"jetpack_publicize_connections":[],"jetpack_sharing_enabled":true,"jetpack_featured_media_url":"","jetpack_shortlink":"https:\/\/wp.me\/p7wKYW-5OV","jetpack-related-posts":[],"_links":{"self":[{"href":"http:\/\/blogdalucianaoliveira.com.br\/blog\/wp-json\/wp\/v2\/posts\/22377","targetHints":{"allow":["GET"]}}],"collection":[{"href":"http:\/\/blogdalucianaoliveira.com.br\/blog\/wp-json\/wp\/v2\/posts"}],"about":[{"href":"http:\/\/blogdalucianaoliveira.com.br\/blog\/wp-json\/wp\/v2\/types\/post"}],"author":[{"embeddable":true,"href":"http:\/\/blogdalucianaoliveira.com.br\/blog\/wp-json\/wp\/v2\/users\/1"}],"replies":[{"embeddable":true,"href":"http:\/\/blogdalucianaoliveira.com.br\/blog\/wp-json\/wp\/v2\/comments?post=22377"}],"version-history":[{"count":1,"href":"http:\/\/blogdalucianaoliveira.com.br\/blog\/wp-json\/wp\/v2\/posts\/22377\/revisions"}],"predecessor-version":[{"id":22379,"href":"http:\/\/blogdalucianaoliveira.com.br\/blog\/wp-json\/wp\/v2\/posts\/22377\/revisions\/22379"}],"wp:attachment":[{"href":"http:\/\/blogdalucianaoliveira.com.br\/blog\/wp-json\/wp\/v2\/media?parent=22377"}],"wp:term":[{"taxonomy":"category","embeddable":true,"href":"http:\/\/blogdalucianaoliveira.com.br\/blog\/wp-json\/wp\/v2\/categories?post=22377"},{"taxonomy":"post_tag","embeddable":true,"href":"http:\/\/blogdalucianaoliveira.com.br\/blog\/wp-json\/wp\/v2\/tags?post=22377"}],"curies":[{"name":"wp","href":"https:\/\/api.w.org\/{rel}","templated":true}]}}