{"id":22380,"date":"2019-06-18T11:10:19","date_gmt":"2019-06-18T15:10:19","guid":{"rendered":"http:\/\/blogdalucianaoliveira.com.br\/blog\/?p=22380"},"modified":"2019-06-18T11:56:48","modified_gmt":"2019-06-18T15:56:48","slug":"perdemos-um-faro-diz-jorge-viana-sobre-dom-moacyr-grechi","status":"publish","type":"post","link":"http:\/\/blogdalucianaoliveira.com.br\/blog\/2019\/06\/18\/perdemos-um-faro-diz-jorge-viana-sobre-dom-moacyr-grechi\/","title":{"rendered":"\u201cPerdemos um farol\u201d, diz Jorge Viana sobre Dom Moacyr Grechi"},"content":{"rendered":"<div class=\"fb-post\" data-href=\"https:\/\/www.facebook.com\/100001977379087\/posts\/2398693703539852?s=100001977379087&#038;sfns=mo\" data-width=\"552\"><\/div>\n<p>Ex-governador do Acre, Jorge Viana, acompanha o vel\u00f3rio de Dom Moacyr Grechi, bispo em\u00e9rito de Porto Velho. <\/p>\n<p>\u201cAcre e Rond\u00f4nia perderam um farol. E a Amaz\u00f4nia, como um todo, tinha nele uma das figuras mais importantes das \u00faltimas d\u00e9cadas.\u201d<\/p>\n","protected":false},"excerpt":{"rendered":"<p>Ex-governador do Acre, Jorge Viana, acompanha o vel\u00f3rio de Dom Moacyr Grechi, bispo em\u00e9rito de Porto Velho. \u201cAcre e Rond\u00f4nia perderam um farol. E a Amaz\u00f4nia, como um todo, tinha nele uma das figuras mais importantes das \u00faltimas d\u00e9cadas.\u201d<\/p>\n","protected":false},"author":1,"featured_media":0,"comment_status":"closed","ping_status":"open","sticky":false,"template":"","format":"standard","meta":{"_exactmetrics_skip_tracking":false,"_exactmetrics_sitenote_active":false,"_exactmetrics_sitenote_note":"","_exactmetrics_sitenote_category":0,"jetpack_post_was_ever_published":false,"_jetpack_newsletter_access":"","_jetpack_dont_email_post_to_subs":false,"_jetpack_newsletter_tier_id":0,"_jetpack_memberships_contains_paywalled_content":false,"_jetpack_memberships_contains_paid_content":false,"footnotes":"","jetpack_publicize_message":"","jetpack_publicize_feature_enabled":true,"jetpack_social_post_already_shared":true,"jetpack_social_options":{"image_generator_settings":{"template":"highway","enabled":false},"version":2}},"categories":[1],"tags":[],"class_list":["post-22380","post","type-post","status-publish","format-standard","hentry","category-notas"],"jetpack_publicize_connections":[],"jetpack_sharing_enabled":true,"jetpack_featured_media_url":"","jetpack_shortlink":"https:\/\/wp.me\/p7wKYW-5OY","jetpack-related-posts":[],"_links":{"self":[{"href":"http:\/\/blogdalucianaoliveira.com.br\/blog\/wp-json\/wp\/v2\/posts\/22380","targetHints":{"allow":["GET"]}}],"collection":[{"href":"http:\/\/blogdalucianaoliveira.com.br\/blog\/wp-json\/wp\/v2\/posts"}],"about":[{"href":"http:\/\/blogdalucianaoliveira.com.br\/blog\/wp-json\/wp\/v2\/types\/post"}],"author":[{"embeddable":true,"href":"http:\/\/blogdalucianaoliveira.com.br\/blog\/wp-json\/wp\/v2\/users\/1"}],"replies":[{"embeddable":true,"href":"http:\/\/blogdalucianaoliveira.com.br\/blog\/wp-json\/wp\/v2\/comments?post=22380"}],"version-history":[{"count":2,"href":"http:\/\/blogdalucianaoliveira.com.br\/blog\/wp-json\/wp\/v2\/posts\/22380\/revisions"}],"predecessor-version":[{"id":22382,"href":"http:\/\/blogdalucianaoliveira.com.br\/blog\/wp-json\/wp\/v2\/posts\/22380\/revisions\/22382"}],"wp:attachment":[{"href":"http:\/\/blogdalucianaoliveira.com.br\/blog\/wp-json\/wp\/v2\/media?parent=22380"}],"wp:term":[{"taxonomy":"category","embeddable":true,"href":"http:\/\/blogdalucianaoliveira.com.br\/blog\/wp-json\/wp\/v2\/categories?post=22380"},{"taxonomy":"post_tag","embeddable":true,"href":"http:\/\/blogdalucianaoliveira.com.br\/blog\/wp-json\/wp\/v2\/tags?post=22380"}],"curies":[{"name":"wp","href":"https:\/\/api.w.org\/{rel}","templated":true}]}}