{"id":22383,"date":"2019-06-18T18:38:53","date_gmt":"2019-06-18T22:38:53","guid":{"rendered":"http:\/\/blogdalucianaoliveira.com.br\/blog\/?p=22383"},"modified":"2019-06-18T18:52:18","modified_gmt":"2019-06-18T22:52:18","slug":"the-intercept-moro-repreendeu-deltan-sobre-investigacao-contra-fhc","status":"publish","type":"post","link":"http:\/\/blogdalucianaoliveira.com.br\/blog\/2019\/06\/18\/the-intercept-moro-repreendeu-deltan-sobre-investigacao-contra-fhc\/","title":{"rendered":"THE INTERCEPT: MORO REPREENDEU DELTAN SOBRE INVESTIGA\u00c7\u00c3O CONTRA FHC"},"content":{"rendered":"<p><img data-recalc-dims=\"1\" loading=\"lazy\" decoding=\"async\" data-attachment-id=\"22384\" data-permalink=\"http:\/\/blogdalucianaoliveira.com.br\/blog\/2019\/06\/18\/the-intercept-moro-repreendeu-deltan-sobre-investigacao-contra-fhc\/c06d33c6-130b-4a4c-88f9-e8acf32777f1\/\" data-orig-file=\"https:\/\/i0.wp.com\/blogdalucianaoliveira.com.br\/blog\/wp-content\/uploads\/2019\/06\/C06D33C6-130B-4A4C-88F9-E8ACF32777F1.jpeg?fit=750%2C469\" data-orig-size=\"750,469\" data-comments-opened=\"0\" data-image-meta=\"{&quot;aperture&quot;:&quot;0&quot;,&quot;credit&quot;:&quot;&quot;,&quot;camera&quot;:&quot;&quot;,&quot;caption&quot;:&quot;&quot;,&quot;created_timestamp&quot;:&quot;0&quot;,&quot;copyright&quot;:&quot;&quot;,&quot;focal_length&quot;:&quot;0&quot;,&quot;iso&quot;:&quot;0&quot;,&quot;shutter_speed&quot;:&quot;0&quot;,&quot;title&quot;:&quot;&quot;,&quot;orientation&quot;:&quot;0&quot;}\" data-image-title=\"C06D33C6-130B-4A4C-88F9-E8ACF32777F1\" data-image-description=\"\" data-image-caption=\"\" data-medium-file=\"https:\/\/i0.wp.com\/blogdalucianaoliveira.com.br\/blog\/wp-content\/uploads\/2019\/06\/C06D33C6-130B-4A4C-88F9-E8ACF32777F1.jpeg?fit=300%2C188\" data-large-file=\"https:\/\/i0.wp.com\/blogdalucianaoliveira.com.br\/blog\/wp-content\/uploads\/2019\/06\/C06D33C6-130B-4A4C-88F9-E8ACF32777F1.jpeg?fit=600%2C375\" class=\"alignnone size-full wp-image-22384\" src=\"https:\/\/i0.wp.com\/blogdalucianaoliveira.com.br\/blog\/wp-content\/uploads\/2019\/06\/C06D33C6-130B-4A4C-88F9-E8ACF32777F1.jpeg?resize=600%2C375\" alt=\"C06D33C6-130B-4A4C-88F9-E8ACF32777F1\" width=\"600\" height=\"375\" srcset=\"https:\/\/i0.wp.com\/blogdalucianaoliveira.com.br\/blog\/wp-content\/uploads\/2019\/06\/C06D33C6-130B-4A4C-88F9-E8ACF32777F1.jpeg?w=750 750w, https:\/\/i0.wp.com\/blogdalucianaoliveira.com.br\/blog\/wp-content\/uploads\/2019\/06\/C06D33C6-130B-4A4C-88F9-E8ACF32777F1.jpeg?resize=300%2C188 300w, https:\/\/i0.wp.com\/blogdalucianaoliveira.com.br\/blog\/wp-content\/uploads\/2019\/06\/C06D33C6-130B-4A4C-88F9-E8ACF32777F1.jpeg?resize=480%2C300 480w\" sizes=\"auto, (max-width: 600px) 100vw, 600px\" \/><\/p>\n<p>The Intercept- Um trecho do chat privado entre Sergio Moro e o procurador Deltan Dallagnol revela que o ex-juiz discordou de investiga\u00e7\u00f5es sobre o ex-presidente Fernando Henrique Cardoso na Lava Jato porque, nas palavras dele, n\u00e3o queria \u201cmelindrar algu\u00e9m cujo apoio \u00e9 importante\u201d. O di\u00e1logo ocorreu em 13 de abril de 2017, um dia depois do Jornal Nacional ter veiculado uma reportagem a respeito de suspeitas contra o tucano.<!--more--><\/p>\n<p>Naquele dia, Moro chamou Deltan Dallagnol em um chat privado no Telegram para falar sobre o assunto. O juiz dos processos da Lava Jato em Curitiba queria saber se as suspeitas contra o ex-presidente eram \u201cs\u00e9rias\u201d. O procurador respondeu acreditar que a for\u00e7a-tarefa \u2013 por meio de seu bra\u00e7o em Bras\u00edlia \u2013 propositalmente n\u00e3o considerou a prescri\u00e7\u00e3o do caso de FHC e o enviou ao Minist\u00e9rio P\u00fablico Federal de S\u00e3o Paulo, segundo ele, \u201ctalvez para [o MPF] passar recado de imparcialidade\u201d.<\/p>\n<div data-reactid=\"243\">\n<p>\u00c0 \u00e9poca, a Lava Jato vinha sofrendo uma s\u00e9rie de ataques, sobretudo de petistas e outros grupos de esquerda, que a acusavam de ser seletiva e de poupar pol\u00edticos do PSDB. As discuss\u00f5es haviam sido inflamadas meses antes, quando o ent\u00e3o juiz Moro aparecera sorrindo em um evento p\u00fablico ao lado de A\u00e9cio Neves e Michel Temer, apesar das acusa\u00e7\u00f5es pendentes de corrup\u00e7\u00e3o contra ambos.<\/p>\n<div class=\"img-wrap align-bleed full-bleed width-auto\">\n<p><a href=\"https:\/\/i0.wp.com\/theintercept.imgix.net\/wp-uploads\/sites\/1\/2019\/06\/8533653-high-2-1560893031.jpg?ssl=1\"><img data-recalc-dims=\"1\" height=\"150\" width=\"150\" decoding=\"async\" class=\"aligncenter size-thumbnail wp-image-255406\" src=\"https:\/\/i0.wp.com\/theintercept.imgix.net\/wp-uploads\/sites\/1\/2019\/06\/8533653-high-2-1560893031.jpg?resize=150%2C150&#038;ssl=1\" alt=\"8533653-high-2-1560893031\" \/><\/a><\/p>\n<p class=\"caption overlayed\">Legenda.<\/p>\n<p class=\"caption source pullright\">Foto: Diego Padgurschi\/Folhapress<\/p>\n<\/div>\n<\/div>\n<section class=\"section section--with-background\" data-reactid=\"244\">\n<div data-reactid=\"245\">\n<div class=\"img-wrap align-center width-fixed\"><\/div>\n<h6><strong>Moro \u2013 09:07:39 \u2013<\/strong> Tem alguma coisa mesmo seria do FHC? O que vi na TV pareceu muito fraco?<\/h6>\n<h6><strong>Moro \u2013 09:08:18 \u2013<\/strong> Caixa 2 de 96?<\/h6>\n<h6><strong>Dallagnol \u2013 10:50:42 \u2013<\/strong> Em <a data-tooltip=\"Princ\u00edpio\">pp<\/a>sim, o que tem \u00e9 mto fraco<\/h6>\n<h6><strong>Moro \u2013 11:35:19 \u2013<\/strong> N\u00e3o estaria mais do que prescrito?<\/h6>\n<h6><strong>Dallagnol \u2013 13:26:42 \u2013<\/strong> Foi enviado pra SP sem se analisar prescri\u00e7\u00e3o<\/h6>\n<h6><strong>Dallagnol \u2013 13:27:27 \u2013<\/strong> Suponho que de prop\u00f3sito. Talvez para passar recado de imparcialidade<\/h6>\n<h6><strong>Moro \u2013 13:52:51 \u2013<\/strong> Ah, n\u00e3o sei. Acho question\u00e1vel pois melindra algu\u00e9m cujo apoio \u00e9 importante<\/h6>\n<div class=\"img-wrap align-center width-fixed\">\u00a0FHC foi citado na Lava Jato pelo menos nove vezes (<a href=\"https:\/\/politica.estadao.com.br\/blogs\/fausto-macedo\/ex-gerente-da-petrobras-diz-ter-recebido-propina-desde-1997\/\" target=\"_blank\" rel=\"noopener\">1<\/a>, <a href=\"https:\/\/politica.estadao.com.br\/blogs\/fausto-macedo\/pf-aponta-que-instituto-fhc-recebeu-r-975-mil-da-odebrecht\/\" target=\"_blank\" rel=\"noopener\">2<\/a>, <a href=\"http:\/\/g1.globo.com\/pr\/parana\/noticia\/2016\/01\/nestor-cercero-cita-us-100-milhoes-de-propina-ao-governo-de-fhc.html\" target=\"_blank\" rel=\"noopener\">3<\/a>, <a href=\"https:\/\/brasil.elpais.com\/brasil\/2016\/01\/12\/politica\/1452558757_935906.html\" target=\"_blank\" rel=\"noopener\">4 e 5<\/a>, <a href=\"https:\/\/politica.estadao.com.br\/blogs\/fausto-macedo\/mais-um-delator-da-lava-jato-relata-ordem-superior-para-beneficiar-empresa-ligada-a-filho-de-fhc\/\" target=\"_blank\" rel=\"noopener\">6<\/a>, <a href=\"https:\/\/www1.folha.uol.com.br\/poder\/2017\/04\/1874830-fhc-recebeu-vantagens-indevidas-em-eleicoes-diz-dono-da-odebrecht.shtml\" target=\"_blank\" rel=\"noopener\">7<\/a>, <a href=\"https:\/\/www.gazetadopovo.com.br\/politica\/republica\/fhc-ou-lula-em-qual-governo-a-corrupcao-foi-maior-delacao-de-estaleiro-esclarece-9jvxoygbft9c64v0qiqfhpj02\/\" target=\"_blank\" rel=\"noopener\">8<\/a> e <a href=\"https:\/\/g1.globo.com\/pr\/parana\/noticia\/em-e-mail-de-2010-fhc-pede-que-marcelo-odebrecht-faca-doacoes-para-campanhas-de-2-candidatos-tucanos.ghtml\" target=\"_blank\" rel=\"noopener\">9<\/a>). Caso fossem investigados e comprovados, nem todos os poss\u00edveis crimes cometidos pelo ex-presidente estariam prescritos.<\/div>\n<\/div>\n<\/section>\n<div data-reactid=\"246\">\n<p>Naquele dia, antes de responder a Moro, Dallagnol encaminhou a d\u00favida do juiz para um chat em grupo chamado <a data-tooltip=\"Conex\u00e3o Bras\u00edlia-Curitiba\">Conex\u00e3o Bsb-CWB<\/a>, no qual estavam procuradores das duas cidades. Foi de Bras\u00edlia, onde o caso tramitava, que ele recebeu a resposta de que a documenta\u00e7\u00e3o foi encaminhada a S\u00e3o Paulo sem a an\u00e1lise sobre a prescri\u00e7\u00e3o.<\/p>\n<\/div>\n<section class=\"section section--with-background\" data-reactid=\"247\">\n<div data-reactid=\"248\">\n<h6><strong>Dallagnol \u2013 11:42:54 \u2013<\/strong> Caros o fato do FHC \u00e9 s\u00f3 caixa 2 de 96? N\u00e3o t\u00e1 prescrito? Teve inqu\u00e9rito?<\/h6>\n<h6><strong><a data-tooltip=\"Promotor do Minist\u00e9rio P\u00fablico do Distrito Federal e dos Territ\u00f3rios (MPDFT) e ent\u00e3o membro do grupo de trabalho da Lava Jato na Procuradoria-Geral da Rep\u00fablica.\">S\u00e9rgio Bruno Cabral Fernandes<\/a> \u2013 11:51:25 \u2013<\/strong> Mandado pra SP<\/h6>\n<h6><strong>S\u00e9rgio Bruno Cabral Fernandes \u201311:51:44 \u2013<\/strong> N\u00e3o analisamos prescri\u00e7\u00e3o<\/h6>\n<h6><strong>Dallagnol \u2013 13:26:11 \u2013<\/strong> <img data-recalc-dims=\"1\" loading=\"lazy\" decoding=\"async\" src=\"https:\/\/i0.wp.com\/theintercept.imgix.net\/wp-uploads\/sites\/1\/2019\/06\/emojithumbsup-1560350476.png?resize=25%2C25&#038;ssl=1\" alt=\"\" width=\"25\" height=\"25\" \/><img data-recalc-dims=\"1\" loading=\"lazy\" decoding=\"async\" src=\"https:\/\/i0.wp.com\/theintercept.imgix.net\/wp-uploads\/sites\/1\/2019\/06\/emojithumbsup-1560350476.png?resize=25%2C25&#038;ssl=1\" alt=\"\" width=\"25\" height=\"25\" \/><img data-recalc-dims=\"1\" loading=\"lazy\" decoding=\"async\" src=\"https:\/\/i0.wp.com\/theintercept.imgix.net\/wp-uploads\/sites\/1\/2019\/06\/piscada-1560896300.png?resize=25%2C25&#038;ssl=1\" alt=\"\" width=\"25\" height=\"25\" \/><\/h6>\n<\/div>\n<\/section>\n<div data-reactid=\"249\">\n<p>&nbsp;<\/p>\n<p>A acusa\u00e7\u00e3o que Dallagnol classificou como \u201crecado de imparcialidade\u201d j\u00e1 era de conhecimento interno do Minist\u00e9rio P\u00fablico desde o final de 2016, gra\u00e7as \u00e0 <a href=\"http:\/\/g1.globo.com\/jornal-nacional\/noticia\/2017\/04\/fhc-e-mais-um-ex-presidente-citado-nas-delacoes-da-odebrecht.html\" target=\"_blank\" rel=\"noopener\">dela\u00e7\u00e3o de Em\u00edlio Odebrecht<\/a>, que <a href=\"https:\/\/theintercept.com\/2017\/04\/18\/fhc-e-lula-dois-investimentos-certeiros-da-odebrecht\/\" target=\"_blank\" rel=\"noopener\">afirmou que deu<\/a> \u201cajuda de campanha\u201d a FHC para as elei\u00e7\u00f5es vitoriosas de 1994 e 1998. \u201cAjuda de campanha eu sempre dei a todos eles. E a <a data-tooltip=\"FHC\">ele<\/a> tamb\u00e9m dei. E com certeza teve a ajuda de caixa oficial e n\u00e3o oficial\u201d, afirmou o empres\u00e1rio, falando sobre caixa dois. \u201c[E]u dava e dizia que era para atender mesmo. Ent\u00e3o vai fulano de tal lhe procurar, como eu dizia tamb\u00e9m para Marcelo, e eles ent\u00e3o operacionalizavam. Ele me pediu. Todos eles.\u201d O valor dos pagamentos n\u00e3o foi divulgado.<\/p>\n<p>O depoimento permaneceu em segredo de justi\u00e7a at\u00e9 abril de 2017, quando foi enviado para ser <a href=\"https:\/\/www.nexojornal.com.br\/expresso\/2017\/04\/11\/O-que-h%C3%A1-na-lista-de-inqu%C3%A9ritos-de-Fachin.-E-como-ela-atinge-governo-e-oposi%C3%A7%C3%A3o\" target=\"_blank\" rel=\"noopener\">investigado pela Procuradoria da Rep\u00fablica<\/a> de S\u00e3o Paulo e virou not\u00edcia. Mas j\u00e1 nasceu morto: os fatos estavam prescritos, e a investiga\u00e7\u00e3o n\u00e3o poderia terminar em uma den\u00fancia formal. Foi <a href=\"https:\/\/g1.globo.com\/sao-paulo\/noticia\/justica-arquiva-investigacao-sobre-fhc-baseada-em-delacao-da-odebrecht.ghtml\" target=\"_blank\" rel=\"noopener\">arquivada pela Justi\u00e7a<\/a> tr\u00eas meses depois.<\/p>\n<p>Essas revela\u00e7\u00f5es sugerem mais uma vez a parcialidade na Lava Jato, que tanto Moro quanto a for\u00e7a-tarefa negam veementemente. Na nota oficial divulgada pela for\u00e7a-tarefa em resposta \u00e0 primeira s\u00e9rie de reportagens do <strong>Intercept<\/strong> no \u00faltimo domingo, por exemplo, eles insistiram que seu trabalho sempre foi movido pela \u201cimparcialidade da atua\u00e7\u00e3o da Justi\u00e7a\u201d. Em <a href=\"https:\/\/politica.estadao.com.br\/blogs\/fausto-macedo\/leia-a-integra-da-entrevista-com-sergio-moro\/\" target=\"_blank\" rel=\"noopener\">entrevista ao Estad\u00e3o na semana passada<\/a>, o ministro Moro disse que n\u00e3o via \u201c[n]enhum vi\u00e9s pol\u00edtico nas mensagens que me foram atribu\u00eddas.\u201d<\/p>\n<p>Mas, aqui, Moro estava explicitamente preocupado com investiga\u00e7\u00f5es da Lava Jato contra um apoiador pol\u00edtico de seu trabalho. E Dallagnol admitiu acreditar que outros procuradores da for\u00e7a-tarefa passaram adiante uma investiga\u00e7\u00e3o que sabidamente n\u00e3o resultaria em processo, a fim de fabricar uma falsa percep\u00e7\u00e3o p\u00fablica de \u201cimparcialidade\u201d, sem, no entanto, colocar FHC em risco.<\/p>\n<p>As conversas agora reveladas fazem parte de um <a href=\"https:\/\/theintercept.com\/series\/mensagens-lava-jato\/\" target=\"_blank\" rel=\"noopener\">lote de arquivos secretos<\/a>enviados ao <strong>Intercept<\/strong> por uma fonte an\u00f4nima <a href=\"https:\/\/theintercept.com\/2019\/06\/09\/editorial-chats-telegram-lava-jato-moro\/\" target=\"_blank\" rel=\"noopener\">(leia nosso editorial e entenda)<\/a>. Os arquivos publicados at\u00e9 agora mostram, entre outras coisas, que a Lava Jato sempre teve muita preocupa\u00e7\u00e3o com sua imagem p\u00fablica, e seguia conselhos informais do ent\u00e3o juiz Moro, o que \u00e9 ilegal.<\/p>\n<\/div>\n<h3 id=\"one\" class=\"chapter chapter--toc-anchor chapter--without-number\" data-reactid=\"250\"><span class=\"chapter-title\" data-reactid=\"251\">\u2018PORRA BOMBA ISSO\u2019<\/span><\/h3>\n<div data-reactid=\"252\">\n<div class=\"img-wrap align-bleed large-bleed width-auto\">\n<p><a href=\"https:\/\/i0.wp.com\/theintercept.imgix.net\/wp-uploads\/sites\/1\/2019\/06\/GettyImages-85991546-1560895626.jpg?ssl=1\"><img data-recalc-dims=\"1\" height=\"150\" width=\"150\" decoding=\"async\" class=\"aligncenter size-thumbnail wp-image-255427\" src=\"https:\/\/i0.wp.com\/theintercept.imgix.net\/wp-uploads\/sites\/1\/2019\/06\/GettyImages-85991546-1560895626.jpg?resize=150%2C150&#038;ssl=1\" alt=\"GettyImages-85991546-1560895626\" \/><\/a><\/p>\n<p class=\"caption overlayed\">Legenda.<\/p>\n<p class=\"caption source pullright\">Foto: Antonio Scorza\/AFP\/Getty Images<\/p>\n<\/div>\n<p>Para os procuradores, era importante incluir o PSDB no rol de investigados para acalmar o \u00e2nimo dos cr\u00edticos. Eles j\u00e1 falavam sobre isso muito antes de Moro alertar Dallagnol sobre evitar \u201cmelindrar\u201d FHC.<\/p>\n<p>Em uma conversa no dia 17 de novembro de 2015, o procurador Roberson Pozzobon mandou uma sugest\u00e3o em um grupo do Telegram chamado FT MPF Curitiba 2: investigar, num mesmo procedimento, pagamentos da Odebrecht aos institutos de Lula e FHC. \u201cAssim ningu\u00e9m poderia indevidamente criticar nossa atua\u00e7\u00e3o como se tivesse vies partid\u00e1rio\u201d, justificou Pozzobon. \u201cA da LILS [empresa que agencia as palestras de Lula] voc\u00eas j\u00e1 sabem os ind\u00edcios para a investiga\u00e7\u00e3o, mas vejam essa fratura expostas da Funda\u00e7\u00e3o iFHC\u201d, disse ao grupo. Nesse caso \u2013 diferentemente daquele que virou not\u00edcia na imprensa sobre caixa 2 nos anos 1990 \u2013, os pagamentos ao iFHC aos quais Pozzobon se referia n\u00e3o estariam prescritos, caso fossem propina.<\/p>\n<p>Depois de comentar sobre o instituto de FHC, Pozzobon postou duas imagens no grupo.<\/p>\n<p>A primeira \u00e9 uma troca de e-mails de 2014 entre a secret\u00e1ria de FHC e dois interlocutores: um representante da Associa\u00e7\u00e3o Petroqu\u00edmica e Qu\u00edmica da Argentina, a <a href=\"http:\/\/www.apla.lat\/\" target=\"_blank\" rel=\"noopener\">Apla<\/a>, identificado como Manuel Diaz, e um empres\u00e1rio do ramo cultural, Pedro Longhi. A secret\u00e1ria fala para verificarem com a Braskem \u2013 empresa do ramo petroqu\u00edmico controlada pela Odebrecht \u2013 qual a \u201cmelhor maneira para [a empresa] fazer a doa\u00e7\u00e3o [para o iFHC]\u201d.<\/p>\n<div class=\"img-wrap align-center width-fixed\"><a href=\"https:\/\/i0.wp.com\/theintercept.imgix.net\/wp-uploads\/sites\/1\/2019\/06\/fhc-print-2-1560894901.jpg?ssl=1\"><img data-recalc-dims=\"1\" decoding=\"async\" class=\"aligncenter size-article-large wp-image-255420\" src=\"https:\/\/i0.wp.com\/theintercept.imgix.net\/wp-uploads\/sites\/1\/2019\/06\/fhc-print-2-1560894901.jpg?w=600&#038;ssl=1\" alt=\"\" \/><\/a><\/div>\n<p>A secret\u00e1ria d\u00e1 duas op\u00e7\u00f5es para o que ela chama de \u201cdoa\u00e7\u00e3o\u201d. Uma delas seria fazer uma doa\u00e7\u00e3o direta, ou seja, depositar dinheiro na conta banc\u00e1ria do instituto. A outra seria a contrata\u00e7\u00e3o de um servi\u00e7o n\u00e3o especificado. \u201cN\u00e3o podemos citar que a presta\u00e7\u00e3o de servi\u00e7o ser\u00e1 uma palestra do presidente\u201d, afirmou. Manuel respondeu que poderia fazerser doa\u00e7\u00e3o direta. Poucos dias depois, Helena Gasparian, ent\u00e3o assessora de FHC, enviou outro e-mail \u00e0 Braskem dizendo que o ex-presidente n\u00e3o iria comparecer ao evento.<\/p>\n<div class=\"img-wrap align-center width-fixed\"><a href=\"https:\/\/i0.wp.com\/theintercept.imgix.net\/wp-uploads\/sites\/1\/2019\/06\/fhc-print-4-1560894880.jpg?ssl=1\"><img data-recalc-dims=\"1\" decoding=\"async\" class=\"aligncenter size-article-large wp-image-255419\" src=\"https:\/\/i0.wp.com\/theintercept.imgix.net\/wp-uploads\/sites\/1\/2019\/06\/fhc-print-4-1560894880.jpg?w=600&#038;ssl=1\" alt=\"\" \/><\/a><\/div>\n<p>A segunda imagem encaminhada por Pozzobon era de um <a href=\"https:\/\/politica.estadao.com.br\/blogs\/fausto-macedo\/wp-content\/uploads\/sites\/41\/2015\/11\/182_LAU1.pdf\" target=\"_blank\" rel=\"noopener\">laudo da Pol\u00edcia Federal daquele mesmo ano<\/a>, que mostrava que a Odebrecht havia feito pagamentos mensais que somaram R$ 975 mil ao iFHC entre dezembro de 2011 e de 2012.<\/p>\n<div class=\"img-wrap align-center width-fixed\"><a href=\"https:\/\/i0.wp.com\/theintercept.imgix.net\/wp-uploads\/sites\/1\/2019\/06\/fhc-print-3-1560894927.jpg?ssl=1\"><img data-recalc-dims=\"1\" decoding=\"async\" class=\"aligncenter size-article-large wp-image-255421\" src=\"https:\/\/i0.wp.com\/theintercept.imgix.net\/wp-uploads\/sites\/1\/2019\/06\/fhc-print-3-1560894927.jpg?w=600&#038;ssl=1\" alt=\"\" \/><\/a><\/div>\n<p>Os policiais federais que fizeram o relat\u00f3rio explicaram que n\u00e3o foram atr\u00e1s desses pagamentos ao iFHC porque os dados da Braskem n\u00e3o foram colocados \u00e0 disposi\u00e7\u00e3o deles. Mas ressaltaram: \u201c\u00c9 poss\u00edvel que outros pagamentos tenham sido feitos e n\u00e3o tenham sido encontrados\u201d por causa das limita\u00e7\u00f5es dos dados ou caso tenham sido feitos por \u201cmeio de triangula\u00e7\u00e3o entre Grupo Odebrecht, o contratante do servi\u00e7o (exemplo do evento APLA) e o Instituto Fernando Henrique Cardoso\u201d.<\/p>\n<p>Ap\u00f3s enviar as imagens, Pozzobon sugeriu ao grupo aprofundar a investiga\u00e7\u00e3o sobre as doa\u00e7\u00f5es. Ao contr\u00e1rio da investiga\u00e7\u00e3o referente aos recursos recebidos nos anos 90, esses fatos, se investigados, n\u00e3o estariam prescritos e poderiam apontar caixa 2 em campanhas do PSDB. Os procuradores reagiram com empolga\u00e7\u00e3o:<\/p>\n<\/div>\n<section class=\"section section--with-background\" data-reactid=\"253\">\n<div data-reactid=\"254\">\n<h6><strong>Paulo <a data-tooltip=\"Paulo Roberto Galv\u00e3o, procurador da Lava Jato\">Galv\u00e3o<\/a> \u2013 20:35:08 \u2013<\/strong> porra bomba isso<\/h6>\n<h6><strong><a data-tooltip=\"Roberson Pozzobon, procurador da Lava Jato\">Roberson<\/a> \u2013 20:35:20 \u2013<\/strong> MPF Pois \u00e9!!!<\/h6>\n<h6><strong>Roberson \u2013 20:35:39 \u2013<\/strong> O que acha da ideia do <a data-tooltip=\"Procedimento de Investiga\u00e7\u00e3o Criminal\">PIC<\/a>?<\/h6>\n<h6><strong>Roberson \u2013 20:35:47 \u2013<\/strong> Vai ser massa!<\/h6>\n<h6><strong>Paulo Galv\u00e3o \u2013 20:35:51 \u2013<\/strong> Acho excelente sim Robinho<\/h6>\n<h6><strong>Roberson \u2013 20:36:47 \u2013<\/strong> Legal! Se os demais tb estiverem de acordo, fa\u00e7o a portaria amanha cedo<\/h6>\n<h6><strong>Roberson \u2013 20:38:08 \u2013<\/strong> Acho que vale at\u00e9 uma BA na Secretaria da iFHC que mandou o email. Ela \u00e9 secret\u00e1ria da Presidencia!<\/h6>\n<h6><strong>Laura Tessler \u2013 20:38:36 \u2013<\/strong>Sensacional esse email!!!!<\/h6>\n<h6><strong>Roberson \u2013 20:38:48 \u2013<\/strong> Mais, talvez pudessemos cumprir <a data-tooltip=\"Busca e apreens\u00e3o\">BA<\/a>nos tr\u00eas concomitantemente: LILS, Instituto Lula e iFHc<\/h6>\n<\/div>\n<\/section>\n<div data-reactid=\"255\">\n<p>&nbsp;<\/p>\n<p>A euforia durou pouco, e os procuradores come\u00e7aram a ponderar que o caso teria chance de ser enquadrado apenas como crime tribut\u00e1rio \u2013 e que os argumentos de defesa de FHC poderiam tamb\u00e9m ser usados por Lula. O argumento: Lula tamb\u00e9m poderia alegar que os pagamentos feitos ao Instituto Lula e \u00e0 LILS, sua empresa de palestras, n\u00e3o escondiam propinas ou caixa dois.<\/p>\n<\/div>\n<section class=\"section section--with-background\" data-reactid=\"256\">\n<div data-reactid=\"257\">\n<h6><strong><a data-tooltip=\"Diogo Castor de Mattos, \u00e0 \u00e9poca procurador da Lava Jato\">Diogo<\/a> \u2013 21:44:28 \u2013<\/strong> Mas ser\u00e1 q n\u00e3o ser\u00e1 argumento pra defesa da lils dizendo q eh a prova q n\u00e3o era corrup\u00e7\u00e3o?<\/h6>\n<h6><strong><a data-tooltip=\"Ant\u00f4nio Carlos Welter, procurador da Lava Jato\">Welter<\/a> \u2013 21:51:24 \u2013<\/strong> <a data-tooltip=\"\u00c1udio silencioso de 1 segundo.\">149967.ogg<\/a><\/h6>\n<h6><strong>Roberson \u2013 22:07:24 \u2013<\/strong> Pensei nisso tb. Temos que ter um bom ind\u00edcio de corrup\u00e7\u00e3o do fhc\/psdb antes<\/h6>\n<h6><strong>Dallagnol \u2013 22:14:24 \u2013<\/strong> Claro<\/h6>\n<h6><strong>Dallagnol \u2013 22:18:00 \u2013<\/strong> Ser\u00e1 pior fazer PIC, BA e depois denunciar s\u00f3 PT por n\u00e3o haver prova. Doa\u00e7\u00e3o sem vincula\u00e7\u00e3o a contrato, para influ\u00eancia futura, \u00e9 aquilo em Que consiste TODA doa\u00e7\u00e3o eleitoral<\/h6>\n<\/div>\n<\/section>\n<div data-reactid=\"258\">\n<p>Quase um ano e meio depois dessa conversa, o fim do sigilo da dela\u00e7\u00e3o de Marcelo Odebrecht, filho de Em\u00edlio, mostraria que o esquema de remessa de dinheiro aos institutos de FHC e de Lula tinha um modus operandi semelhante. A Funda\u00e7\u00e3o FHC \u2013 ex iFHC \u2013 disse ao Intercept que os valores recebidos foram regularmente contabilizados e que \u201cn\u00e3o tem conhecimento de qualquer investiga\u00e7\u00e3o ou den\u00fancia do MPF tendo por base as doa\u00e7\u00f5es feitas pela Odebrecht\u201d.<\/p>\n<\/div>\n<h3 id=\"two\" class=\"chapter chapter--toc-anchor chapter--without-number\" data-reactid=\"259\"><span class=\"chapter-title\" data-reactid=\"260\">\u2018DAR\u00c1 MAIS ARGUMENTOS PELA IMPARCIALIDADE\u2019<\/span><\/h3>\n<div data-reactid=\"261\">\n<p>No ano seguinte \u00e0s conversas do procuradores, em 2016, FHC ainda apareceria em outras tr\u00eas dela\u00e7\u00f5es (<a href=\"http:\/\/g1.globo.com\/pr\/parana\/noticia\/2016\/01\/nestor-cercero-cita-us-100-milhoes-de-propina-ao-governo-de-fhc.html\" target=\"_blank\" rel=\"noopener\">1<\/a>, <a href=\"https:\/\/brasil.elpais.com\/brasil\/2016\/06\/03\/politica\/1464971152_968822.html\" target=\"_blank\" rel=\"noopener\">2<\/a>, <a href=\"https:\/\/politica.estadao.com.br\/blogs\/fausto-macedo\/mais-um-delator-da-lava-jato-relata-ordem-superior-para-beneficiar-empresa-ligada-a-filho-de-fhc\/\" target=\"_blank\" rel=\"noopener\">3<\/a>). Em uma delas, ele apareceu na boca do operador ligado ao MDB Fernando Baiano, por causa do suposto beneficiamento da empresa de um filho do ex-presidente, Paulo Henrique Cardoso, em contratos com a petroleira. Em junho, o caso do filho de FHC foi mencionado no chat FT MPF Curitiba 3. A preocupa\u00e7\u00e3o dos procuradores era, novamente, criar a percep\u00e7\u00e3o p\u00fablica de imparcialidade da Lava Jato:<\/p>\n<\/div>\n<section class=\"section section--with-background\" data-reactid=\"262\">\n<div data-reactid=\"263\">\n<h6><strong>Dallagnol \u2013 09:54:59 \u2013<\/strong> Viram do filho do FHC?<\/h6>\n<h6><strong>Dallagnol \u2013 09:55:01 \u2013<\/strong>http:\/\/pgr.clipclipping.com.br\/impresso\/ler\/noticia\/6092614\/cliente\/19<\/h6>\n<h6><strong>Dallagnol \u2013 09:56:20 \u2013<\/strong> Creio que vale apurar com o argumento de que pode ter recebido benef\u00edcios mais recentemente, inclusive com outros contratos \u2026 Dar\u00e1 mais argumentos pela imparcialidade\u2026 Esses termos j\u00e1 chegaram, Paulo? Esse j\u00e1 tem grupo?<\/h6>\n<h6><strong>Paulo Galv\u00e3o \u2013 10:00:38 \u2013<\/strong>Chegaram v\u00e1rios do <a data-tooltip=\"Nestor Cerver\u00f3, ex-diretor internacional da Petrobras e delator na Lava Jato\">Cervero<\/a>, mas n\u00e3o sei se esse especificamente desceu<\/h6>\n<h6><strong>Paulo Galv\u00e3o \u2013 10:00:59 \u2013<\/strong> Nos temos de qq forma todos os depoimentos na pasta<\/h6>\n<h6><strong>Dallagnol \u2013 10:24:20 \u2013<\/strong> Algum grupo se voluntaria? Eu acho o caso bacanissimo, pelo valor hist\u00f3rico. E recebendo naquela \u00e9poca pode ter lavagem mais recente pela convers\u00e3o de ativos ou outro m\u00e9todo como compra subfaturada de im\u00f3vel o que \u00e9 mto comum\u2026. Seria algo para analisar<\/h6>\n<h6><strong>Paulo Galv\u00e3o \u2013 10:26:33 \u2013<\/strong> Deixa ver antes se desceu. Pode ter sido mandado p outro lugar, como os que foram p o rio (e isso \u00e9 um dos temas q eu quero tratar na reuni\u00e3o)<\/h6>\n<\/div>\n<\/section>\n<div data-reactid=\"264\">\n<p>Tr\u00eas dias depois, no mesmo grupo, o assunto voltou a ser discutido.<\/p>\n<\/div>\n<section class=\"section section--with-background\" data-reactid=\"265\">\n<div data-reactid=\"266\">\n<h6><strong>Paulo Galv\u00e3o \u2013 11:42:39 \u2013<\/strong> Mas vejo que, sobre o filho do FHC, \u00e9 um termo que ficou no STF por conta do Delc\u00eddio e teria vindo para c\u00e1 por c\u00f3pia. \u00c9 o mesmo termo que trata da <a data-tooltip=\"A GE comprou em 2015 a Alstom, acusada de pagar propinas para Delc\u00eddio, ent\u00e3o diretor da Petrobras no governo FHC.\">GE<\/a>, lembrando que a GE protocolou peti\u00e7\u00e3o querendo colaborar e est\u00e1 fazendo investiga\u00e7\u00e3o interna<\/h6>\n<h6><strong>Dallagnol \u2013 12:04:38 \u2013<\/strong> se veio pra c\u00e1, \u00e9 nosso<\/h6>\n<h6><strong>Dallagnol \u2013 12:04:40 \u2013<\/strong> se veio pra c\u00e1 com c\u00f3pia, \u00e9 nosso<\/h6>\n<h6><strong>Dallagnol \u2013 12:04:46 \u2013<\/strong> se pensaram em mandar pra c\u00e1, \u00e9 nosso tb<\/h6>\n<\/div>\n<\/section>\n<div data-reactid=\"267\">\n<p>N\u00f3s perguntamos ao Minist\u00e9rio P\u00fablico Federal do Paran\u00e1, sede da for\u00e7a-tarefa da Lava Jato, quais s\u00e3o os ex-presidentes investigados e em que fase est\u00e1 cada um dos procedimentos. Tamb\u00e9m questionamos quais fatos envolvendo os ex-presidentes foram mandados para outros \u00f3rg\u00e3os. Eles n\u00e3o responderam aos questionamentos e se limitaram a enviar as <a href=\"http:\/\/www.mpf.mp.br\/pr\/sala-de-imprensa\" target=\"_blank\" rel=\"noopener\">notas j\u00e1 divulgadas pela institui\u00e7\u00e3o<\/a>, que dizem que n\u00e3o h\u00e1 ilegalidade nas trocas de mensagens reveladas pelo <strong>Intercept<\/strong>.<\/p>\n<p>Em uma conversa com os procuradores Paulo Galv\u00e3o e Carlos Fernando Santos Lima, em 20 de maio do ano passado, no entanto, Deltan Dallagnol relembrou quais foram os ex-presidentes investigados pela opera\u00e7\u00e3o. Dilma Rousseff e FHC s\u00e3o os \u00fanicos que ficam de fora:<\/p>\n<\/div>\n<section class=\"section section--with-background\" data-reactid=\"268\">\n<div data-reactid=\"269\">\n<h6><strong>Dallagnol \u2013 01:46:42 \u2013<\/strong> <a data-tooltip=\"Carlos Fernando, ent\u00e3o procurador da for\u00e7a-tarefa.\">CF<\/a>, s\u00f3 tem 2 (ex) presidentes presos: Lula e Humala no peru<\/h6>\n<h6><strong>Dallagnol \u2013 01:48:12 \u2013<\/strong> Opa o <a data-tooltip=\"Jorge David Glas Espinel, ex-vice-presidente do Equador, condenado na vers\u00e3o local da Lava Jato.\">Jorge Glas<\/a> no equador tb<\/h6>\n<h6><strong>Dallagnol \u2013 01:48:38 \u2013<\/strong> No BR, vou considerar como investigados Temer, Collor, <a data-tooltip=\"Jos\u00e9 Sarney\">Sarey<\/a> e Lula<\/h6>\n<h6><strong>Dallagnol \u2013 01:49:07 \u2013<\/strong> (excluindo Dilma e FHC \u2013 n\u00e3o lembro de investiga\u00e7\u00f5es sobre eles fora o que t\u00e1 bem sigiloso da dilma, sem conclus\u00e3o)<\/h6>\n<\/div>\n<\/section>\n<div data-reactid=\"270\">\n<p>Antes da publica\u00e7\u00e3o desta reportagem, o <strong>Intercept<\/strong> procurou as assessorias do ministro Sergio Moro, do MPF no Paran\u00e1 e em S\u00e3o Paulo, da Procuradoria Geral da Rep\u00fablica e da Funda\u00e7\u00e3o Fernando Henrique Cardoso, antigo iFHC.<\/p>\n<p>A PGR disse que n\u00e3o vai se manifestar.<\/p>\n<p>A assessoria de Moro respondeu que ele \u201cn\u00e3o comenta supostas mensagens de autoridades p\u00fablicas colhidas por meio de invas\u00e3o criminosa, que podem ter sido adulteradas e editadas e que sequer foram encaminhadas previamente para an\u00e1lise. Cabe esclarecer que o caso supostamente envolvendo o ex-presidente Fernando Henrique Cardoso nunca passou pelas m\u00e3os do Ministro, ent\u00e3o juiz da 13 Vara Federal de Curitiba, sendo encaminhado diretamente pelo Supremo Tribunal Federal a outros f\u00f3runs de justi\u00e7a. Ent\u00e3o, nenhuma interfer\u00eancia do ent\u00e3o juiz seria sequer poss\u00edvel e nenhuma foi de fato feita\u201d.<\/p>\n<p>J\u00e1 o MPF do Paran\u00e1, em um segundo contato, afirmou que \u201ca divulga\u00e7\u00e3o de supostos di\u00e1logos obtidos por meio absolutamente il\u00edcito, agravada por um contexto de sequestro de contas virtuais, torna imposs\u00edvel aferir se houve edi\u00e7\u00f5es, altera\u00e7\u00f5es, acr\u00e9scimos ou supress\u00f5es no material alegadamente obtido.\u201d Para o MPF, os di\u00e1logos inteiros podem ter sido \u201cforjados pelo hacker\u201d. Eles disseram tamb\u00e9m que \u201cum hackeamento ilegal traz consigo d\u00favidas inafast\u00e1veis quanto \u00e0 sua autenticidade, o que inevitavelmente tamb\u00e9m dar\u00e1 azo \u00e0 divulga\u00e7\u00e3o de fake news\u201d, dizendo que h\u00e1 uma \u201cuma agenda pol\u00edtico-partid\u00e1ria\u201d nas reportagens.<\/p>\n<p>O Intercept reafirma que as reportagens da s\u00e9rie s\u00e3o publicadas assim que produzidas, editadas e checadas dentro de princ\u00edpios editoriais rigorosos, e que o material \u00e9 aut\u00eantico.<\/p>\n<p>Na \u00e9poca em que foi citado na dela\u00e7\u00e3o de Em\u00edlio Odebrecht, Fernando Henrique Cardoso <a href=\"https:\/\/g1.globo.com\/politica\/operacao-lava-jato\/noticia\/video-delacao-de-emilio-odebrecht.ghtml\" target=\"_blank\" rel=\"noopener\">disse<\/a> que n\u00e3o tinha \u201cnada a temer\u201d e defendeu a opera\u00e7\u00e3o Lava Jato. \u201cO Brasil precisa de transpar\u00eancia. A Lava Jato est\u00e1 colaborando no sentido de colocar as cartas na mesa\u201d, afirmou. Ao Intercept, o ex-presidente disse, por meio de sua assessoria, que n\u00e3o teve conhecimento de nenhum inqu\u00e9rito ou den\u00fancia relacionados \u00e0 dela\u00e7\u00e3o de Cerver\u00f3. Tamb\u00e9m afirmou desconhecer as men\u00e7\u00f5es sobre seu filho e a compra de votos nas elei\u00e7\u00f5es \u2013 por isso, \u201cn\u00e3o sabe se teriam resultado em investiga\u00e7\u00e3o ou den\u00fancia\u201d. A \u00fanica confirmada pelo ex-presidente foi a investiga\u00e7\u00e3o que terminou arquivada.<\/p>\n<p>Ap\u00f3s a divulga\u00e7\u00e3o da primeira leva de reportagens sobre as mensagens secretas da Lava Jato, <a href=\"https:\/\/talesfaria.blogosfera.uol.com.br\/2019\/06\/10\/fhc-ve-tempestade-em-copo-dagua-no-vazamento-de-conversas-de-sergio-moro\/?utm_source=twitter&amp;utm_medium=social-media&amp;utm_campaign=noticias&amp;utm_content=geral\" target=\"_blank\" rel=\"noopener\">FHC fez uma defesa p\u00fablica de Moro<\/a>: \u201cO vazamento de mensagens entre juiz e promotor da Lava-Jato mais parece tempestade em copo d\u2019\u00e1gua. A menos que haja novos vazamentos mais comprometedores\u2026\u201d, disse.<\/p>\n<p>&nbsp;<\/p>\n<\/div>\n<h3 id=\"four\" class=\"chapter chapter--toc-anchor chapter--without-number\" data-reactid=\"271\"><span class=\"chapter-title\" data-reactid=\"272\">AS CONVERSAS NA \u00cdNTEGRA<\/span><\/h3>\n<div data-reactid=\"273\">\n<div class=\"img-wrap align-center width-fixed\"><a href=\"https:\/\/i0.wp.com\/theintercept.imgix.net\/wp-uploads\/sites\/1\/2019\/06\/chat-1560551268.png?ssl=1\"><img data-recalc-dims=\"1\" decoding=\"async\" class=\"aligncenter size-article-large wp-image-255049\" src=\"https:\/\/i0.wp.com\/theintercept.imgix.net\/wp-uploads\/sites\/1\/2019\/06\/chat-1560551268.png?w=600&#038;ssl=1\" alt=\"\" \/><\/a><\/div>\n<p>&nbsp;<\/p>\n<\/div>\n<h3 class=\"chapter chapter--without-number\" data-reactid=\"274\"><span class=\"chapter-title\" data-reactid=\"275\">CHAT FT MPF CURITIBA 2<\/span><\/h3>\n<div data-reactid=\"276\">\n<h6>17 de novembro de 2015<\/h6>\n<p>Roberson \u2013 20:29:48 \u2013 Meus caros, o que acham de instaurarmos um PIC para investigar, no mesmo procedimento, pagamentos efetuados pelo Grupo Odebrecht (e outras cartelizadas) ao LULA (via LILS e INSTITUTO) e ao FHC (via Funda\u00e7\u00e3o iFHC)? Assim ningu\u00e9m poderia indevidamente criticar nossa atua\u00e7\u00e3o como se tivesse vies partid\u00e1rio, poder\u00edamos oficiar todas as empreiteiras contratantes, verificar padr\u00f5es indevidos, etc.<br \/>\nRoberson \u2013 20:30:32 \u2013 A da LILS voc\u00eas j\u00e1 sabem os ind\u00edcios para a investiga\u00e7\u00e3o, mas vejam essa fratura expostas da Funda\u00e7\u00e3o iFHC:<br \/>\nRoberson \u2013 20:30:52 \u2013<\/p>\n<div class=\"img-wrap align-center width-fixed\"><img data-recalc-dims=\"1\" decoding=\"async\" class=\"aligncenter size-article-large wp-image-255407\" src=\"https:\/\/i0.wp.com\/theintercept.imgix.net\/wp-uploads\/sites\/1\/2019\/06\/fhc-print-2-1560894901.jpg?w=600&#038;ssl=1\" alt=\"\" \/><\/div>\n<p>Roberson \u2013 20:31:16 \u2013<\/p>\n<div class=\"img-wrap align-center width-fixed\"><img data-recalc-dims=\"1\" height=\"150\" width=\"150\" decoding=\"async\" class=\"aligncenter size-thumbnail wp-image-255408\" src=\"https:\/\/i0.wp.com\/theintercept.imgix.net\/wp-uploads\/sites\/1\/2019\/06\/fhc-print-3-1560894927.jpg?resize=150%2C150&#038;ssl=1\" alt=\"\" \/><\/div>\n<p>Roberson \u2013 20:32:12 \u2013 Email da iFHC \u201cGOSTARIA QUE VOCES VERIFICASSEM COM A BRASKEM QUAL A MELHOR MANEIRA PARA FAZER A DOA\u00c7\u00c3O. TEMOS AS SEGUINTES OP\u00c7OES:<br \/>\nRoberson \u2013 20:32:20 \u2013 DOA\u00c7\u00c3O DIRETA<br \/>\nRoberson \u2013 20:32:51 \u2013 A ELABORA\u00c7\u00c3O DE UM CONTRATO, POREM N\u00c3O PODEMOS DIZER QUE A PRESTA\u00c7\u00c3O DE SERVI\u00c7OS SER\u00c1 UMA PALESTRA DO PRESIDENTE<br \/>\nRoberson \u2013 20:33:43 \u2013 E ai???? Querem mais baton na cueca?<br \/>\nPaulo Galv\u00e3o \u2013 20:35:08 \u2013 porra bomba isso<br \/>\nRoberson \u2013 20:35:20 \u2013 Pois \u00e9!!!<br \/>\nRoberson \u2013 20:35:39 \u2013 O que acha da ideia do PIC?<br \/>\nRoberson \u2013 20:35:47 \u2013 Vai ser massa!<br \/>\nPaulo Galv\u00e3o \u2013 20:35:51 \u2013 Acho excelente sim Robinho<br \/>\nRoberson \u2013 20:36:47 \u2013 Legal! Se os demais tb estiverem de acordo, fa\u00e7o a portaria amanha cedo<br \/>\nRoberson \u2013 20:38:08 \u2013 Acho que vale at\u00e9 uma BA na Secretaria da iFHC que mandou o email. Ela \u00e9 secret\u00e1ria da Presidencia!<br \/>\nLaura Tessler \u2013 20:38:36 \u2013 Sensacional esse email!!!!<br \/>\nRoberson \u2013 20:38:48 \u2013 Mais, talvez pudessemos cumprir BA nos tr\u00eas concomitantemente: LILS, Instituto Lula e iFHC<br \/>\nPaulo Galv\u00e3o \u2013 20:39:04 \u2013 De quando \u00e9 esse email?<br \/>\nRoberson \u2013 20:39:12 \u2013 Uma prova refor\u00e7a a outra<br \/>\nPaulo Galv\u00e3o \u2013 20:39:24 \u2013 Quest\u00e3o \u00e9, FHC estamos investigando crime tribut\u00e1rio apenas?<br \/>\nRoberson \u2013 20:39:28 \u2013 Outubro de 2014!!!!!!!!!!!!!<br \/>\nRoberson \u2013 20:39:52 \u2013 Provavelmente por isso a men\u00e7ao de que n\u00e3o poderia ser palestra do FHC<br \/>\nPaulo Galv\u00e3o \u2013 20:39:52 \u2013 Vamos pedir a fiscal, ver se o dinheiro saiu para alguma campanha<br \/>\nPaulo Galv\u00e3o \u2013 20:40:16 \u2013 Pq se ficou l\u00e1 e s\u00f3 crime tribut\u00e1rio? Ou teria que achar uma obra do psdb para dizer que \u00e9 propina<br \/>\nRoberson \u2013 20:41:52 \u2013 Sim, esse aprofundamento \u00e9 essencial<br \/>\nPaulo Galv\u00e3o \u2013 20:42:28 \u2013 Mas a ideia \u00e9 excelente. Despolitizar<br \/>\nPaulo Galv\u00e3o \u2013 20:42:40 \u2013 Se bem q vc votou na Dilma hahaha<br \/>\nRoberson \u2013 20:43:48 \u2013 MPF hahaha<br \/>\nDiogo \u2013 21:44:28 \u2013 Mas ser\u00e1 q n\u00e3o ser\u00e1 argumento pra defesa da lils dizendo q eh a prova q n\u00e3o era corrup\u00e7\u00e3o?<br \/>\nWelter Prr \u2013 21:51:24 \u2013 [<a href=\"https:\/\/soundcloud.com\/the-intercept-brasil\/audio-acidental-materia-fhc\/\" target=\"_blank\">\u00e1udio acidental<\/a>]<br \/>\nRoberson \u2013 22:07:24 \u2013 Pensei nisso tb. Temos que ter um bom ind\u00edcio de corrup\u00e7\u00e3o do fhc\/psdb antes<br \/>\nDallagnol \u2013 22:14:24 \u2013 Claro<br \/>\nDallagnol \u2013 22:18:00 \u2013 Ser\u00e1 pior fazer PIC, BA e depois denunciar s\u00f3 PT por n\u00e3o haver prova. Doa\u00e7\u00e3o sem vincula\u00e7\u00e3o a contrato, para influ\u00eancia futura, \u00e9 aquilo em Que consiste TODA doa\u00e7\u00e3o eleitoral<\/p>\n<\/div>\n<h3 class=\"chapter chapter--without-number\" data-reactid=\"277\"><span class=\"chapter-title\" data-reactid=\"278\">CHAT FT MPF CURITIBA 3<\/span><\/h3>\n<div data-reactid=\"279\">\n<h6>3 de junho de 2016<\/h6>\n<p>Dallagnol \u2013 09:54:59 \u2013 Viram do filho do FHC?<br \/>\nDallagnol \u201309:55:01 \u2013<a href=\"http:\/\/pgr.clipclipping.com.br\/impresso\/ler\/noticia\/6092614\/cliente\/19\" target=\"_blank\">http:\/\/pgr.clipclipping.com.br\/impresso\/ler\/noticia\/6092614\/cliente\/19<\/a><br \/>\nDallagnol \u2013 09:56:20 \u2013 Creio que vale apurar com o argumento de que pode ter recebido benef\u00edcios mais recentemente, inclusive com outros contratos \u2026 Dar\u00e1 mais argumentos pela imparcialidade\u2026 Esses termos j\u00e1 chegaram, Paulo? Esse j\u00e1 tem grupo?<br \/>\nPaulo Galv\u00e3o \u2013 10:00:38 \u2013 Chegaram v\u00e1rios do Cervero, mas n\u00e3o sei se esse especificamente desceu<br \/>\nPaulo Galv\u00e3o \u2013 10:00:59 \u2013 Nos temos de qq forma todos os depoimentos na pasta<br \/>\nDallagnol \u2013 10:24:20 \u2013 Algum grupo se voluntaria? Eu acho o caso bacanissimo, pelo valor hist\u00f3rico. E recebendo naquela \u00e9poca pode ter lavagem mais recente pela convers\u00e3o de ativos ou outro m\u00e9todo como compra subfaturada de im\u00f3vel o que \u00e9 mto comum\u2026. Seria algo para analisar<br \/>\nPaulo Galv\u00e3o \u2013 10:26:33 \u2013 Deixa ver antes se desceu. Pode ter sido mandado p outro lugar, como os que foram p o rio (e isso \u00e9 um dos temas q eu quero tratar na reuni\u00e3o)<br \/>\n<a data-tooltip=\"Pessoa n\u00e3o identificada\">P.N.I.<\/a> \u2013 11:06:56 \u2013<a href=\"http:\/\/noticias.uol.com.br\/politica\/ultimas-noticias\/2016\/06\/03\/deputado-do-conselho-de-etica-pagou-r-92-mil-a-empresa-ligada-a-filha-de-cunha.htm\" target=\"_blank\">http:\/\/noticias.uol.com.br\/politica\/ultimas-noticias\/2016\/06\/03\/deputado-do-conselho-de-etica-pagou-r-92-mil-a-empresa-ligada-a-filha-de-cunha.htm<\/a><br \/>\n<a data-tooltip=\"Pessoa n\u00e3o identificada\">P.N.I.<\/a>. \u2013 11:07:52 \u2013 Castor. Esse fato j\u00e1 era do nosso conhecimento? Ele tem alguma relev\u00e2ncia?<br \/>\nDiogo \u2013 11:09:52 \u2013 pra den\u00fancia nao pq ela se restringe aos gastos do cart\u00e3o de cr\u00e9dito com dinheiro da conta secreta do exterior.<br \/>\nDiogo \u2013 11:10:03 \u2013 contudo, \u00e9 fato relevante para continuidade das investiga\u00e7\u00f5es<br \/>\nDiogo \u2013 11:10:13 \u2013 mormente se este servi\u00e7o nao foi prestado<br \/>\nDallagnol \u2013 14:23:53 \u2013<a href=\"http:\/\/m.folha.uol.com.br\/poder\/2016\/06\/1777768-secretaria-de-temer-integrou-articulacao-criminosa-diz-pgr.shtml?mobile\" target=\"_blank\">http:\/\/m.folha.uol.com.br\/poder\/2016\/06\/1777768-secretaria-de-temer-integrou-articulacao-criminosa-diz-pgr.shtml?mobile<\/a><br \/>\nDallagnol \u2013 17:03:07 \u2013 <a data-tooltip=\"Por n\u00e3o conseguirmos confirmar se o nome citado \u00e9 de uma pessoa p\u00fablica ou n\u00e3o, preferimos suprimi-lo\">SUPRIMIDO<\/a><br \/>\nPaulo Galv\u00e3o \u2013 17:52:53 \u2013 divis\u00e3o de tarefas atualizada na pasta: L:\\CRIME\\Deltan\\FT-procuradores\\COORDENACAO\\Divisao de tarefas<br \/>\nPaulo Galv\u00e3o \u2013 17:57:32 \u2013 l\u00e1 tem uma vers\u00e3o sem as novas frentes, que estou passando p toda a assessoria<br \/>\n<a data-tooltip=\"Pessoa n\u00e3o identificada\">P.N.I.<\/a>. \u2013 17:57:32 \u2013 l\u00e1 tem uma vers\u00e3o sem as novas frentes, que estou passando p toda a assessoria<br \/>\n<a data-tooltip=\"Pessoa n\u00e3o identificada\">P.N.I.<\/a>. \u2013 18:10:15 \u2013 Pelo que entendi da mensagem do moro, ele tornou sem efeito a requisi\u00e7\u00e3o do <a data-tooltip=\"Eduardo Mauat. Na \u00e9poca, delegado da Pol\u00edcia Federal integrante da for\u00e7a-tarefa da Lava Jato\">Mauat<\/a>.<br \/>\nWelter Prr \u2013 18:22:06 \u2013 Da lei Rounet?<br \/>\nWelter Prr \u2013 18:22:15 \u2013 Rouanet?<br \/>\nPaulo Galv\u00e3o \u2013 18:43:06 \u2013 quem tem pend\u00eancias com Bsb, por favor me encaminhe a rela\u00e7\u00e3o inbox p eu atualizar a nossa lista de demandas semana que vem<br \/>\nPaulo Galv\u00e3o \u201318:43:23 \u2013 Eles deram abertura para a gente minutar a peti\u00e7\u00e3o de desmembramento do Pedro Correa por aqui<br \/>\nPaulo Galv\u00e3o \u201319:24:38 \u2013<a href=\"http:\/\/www.correiobraziliense.com.br\/app\/noticia\/politica\/2016\/06\/03\/internas_polbraeco,534870\/moro-barra-ofensiva-da-pf-sobre-os-100-maiores-da-lei-rouanet.shtml\" target=\"_blank\">http:\/\/www.correiobraziliense.com.br\/app\/noticia\/politica\/2016\/06\/03\/internas_polbraeco,534870\/moro-barra-ofensiva-da-pf-sobre-os-100-maiores-da-lei-rouanet.shtml<\/a><br \/>\nAthayde \u2013 19:45:03 \u2013 [imagem n\u00e3o encontrada]<br \/>\nOrlando SP \u2013 19:50:00 \u2013 Realmente, light<br \/>\nDallagnol \u2013 21:42:18 \u2013 Caros, h\u00e1 uma programa\u00e7\u00e3o de que sub vai represetnar a lava jato no STJ at\u00e9 dezembro. O problema est\u00e1 em dezembro\u2026 ser\u00e1 a <a data-tooltip=\"Por n\u00e3o conseguirmos confirmar se o nome citado \u00e9 de uma pessoa p\u00fablica ou n\u00e3o, preferimos suprimi-lo\">SUPRIMIDO<\/a><br \/>\nDallagnol \u2013 21:42:28 \u2013 <a data-tooltip=\"Apura\u00e7\u00e3o em andamento\">ANEXO SUPRIMIDO<\/a><br \/>\nDallagnol \u2013 21:42:35 \u2013 bom termos essa pauta do subs do stj<br \/>\n<a data-tooltip=\"Pessoa n\u00e3o identificada\">P.N.I.<\/a>. \u2013 21:59:01 \u2013 Mestre, tudo bem? Vc acha que consegue me ajudar com isso? Abra\u00e7\u00e3o! http:\/\/istoe.com.br\/o-acerto-de-r-12-milhoes\/ O acerto de R$ 12 milh\u00f5es Em acordo de dela\u00e7\u00e3o, Marcelo Odebrecht revela que a presidente Dilma cobrou pessoalmente doa\u00e7\u00e3o de campanha para pagar via caixa dois o marqueteiro Jo\u00e3o Santana e o PMDB em 2014<br \/>\n<a data-tooltip=\"Pessoa n\u00e3o identificada\">P.N.I.<\/a>. \u2013 22:05:34 \u2013 <a data-tooltip=\"Informa\u00e7\u00f5es privadas\">SUPRIMIDO<\/a><br \/>\n<a data-tooltip=\"Pessoa n\u00e3o identificada\">P.N.I.<\/a>. \u2013 22:05:48 \u2013 Disse que n\u00e3o h\u00e1 nada disso.<br \/>\n<a data-tooltip=\"Pessoa n\u00e3o identificada\">P.N.I.<\/a>. \u2013 22:06:33 \u2013 Mas aqui sinto cheiro do Mauat, que se tornou amiguinho do MO.<br \/>\nDallagnol \u2013 23:00:04 \u2013 [imagem n\u00e3o encontrada]<\/p>\n<h6>4 de junho de 2016<\/h6>\n<p>Isabel Groba \u2013 07:39:57 \u2013 Algu\u00e9m vai hoje ou amanh\u00e3 na FT? Eu precisava que fosse ligado o computador que eu uso para fazer acesso remoto.<br \/>\n<a data-tooltip=\"Pessoa n\u00e3o identificada\">P.N.I.<\/a>. \u2013 08:29:53 \u2013 \u201cQueda a jato H\u00e1 ministros caindo por causa da Lava-Jato. Mas tem um que dever\u00e1 cair nas pr\u00f3ximas horas por causa de um jato. Isto mesmo: um jato. Trata-se de F\u00e1bio Os\u00f3rio, advogado-geral da Uni\u00e3o, que provocou um fuzu\u00ea ao tentar embarcar esta semana para Curitiba, na Base A\u00e9rea. Negado o pedido, Os\u00f3rio deu uma carteirada nos oficiais da Aeron\u00e1utica, dizendo ter status de ministro de Estado. A confus\u00e3o chegou ao gabinete do presidente. Para complicar ainda mais a situa\u00e7\u00e3o de Os\u00f3rio, Temer descobriu que Toffoli s\u00f3 revogou a sua decis\u00e3o de demitir o presidente da EBC nomeado por Dilma porque o advogado-geral da Uni\u00e3o, que deveria fazer a defesa do governo, estava nessa fat\u00eddica viagem a Curitiba. Agora, at\u00e9 o padrinho do advogado, o ministro Eliseu Padilha, est\u00e1 pedindo sua cabe\u00e7a ao presidente.\u201d<br \/>\nJerusa Viecilli \u2013 08:37:58 \u2013 <img data-recalc-dims=\"1\" loading=\"lazy\" decoding=\"async\" src=\"https:\/\/i0.wp.com\/theintercept.imgix.net\/wp-uploads\/sites\/1\/2019\/06\/emojilaugh-1560087945.png?resize=25%2C25&#038;ssl=1\" alt=\"\" width=\"25\" height=\"25\" \/> <img data-recalc-dims=\"1\" loading=\"lazy\" decoding=\"async\" src=\"https:\/\/i0.wp.com\/theintercept.imgix.net\/wp-uploads\/sites\/1\/2019\/06\/emojilaugh-1560087945.png?resize=25%2C25&#038;ssl=1\" alt=\"\" width=\"25\" height=\"25\" \/> <img data-recalc-dims=\"1\" loading=\"lazy\" decoding=\"async\" src=\"https:\/\/i0.wp.com\/theintercept.imgix.net\/wp-uploads\/sites\/1\/2019\/06\/emojilaugh-1560087945.png?resize=25%2C25&#038;ssl=1\" alt=\"\" width=\"25\" height=\"25\" \/> <img data-recalc-dims=\"1\" loading=\"lazy\" decoding=\"async\" src=\"https:\/\/i0.wp.com\/theintercept.imgix.net\/wp-uploads\/sites\/1\/2019\/06\/emojilaugh-1560087945.png?resize=25%2C25&#038;ssl=1\" alt=\"\" width=\"25\" height=\"25\" \/><br \/>\n<a data-tooltip=\"Pessoa n\u00e3o identificada\">P.N.I.<\/a>. \u2013 08:47:50 \u2013<a href=\"http:\/\/m.oantagonista.com\/posts\/13-governadores-e-36-senadores\" target=\"_blank\">http:\/\/m.oantagonista.com\/posts\/13-governadores-e-36-senadores<\/a><br \/>\n<a data-tooltip=\"Pessoa n\u00e3o identificada\">P.N.I.<\/a>. \u2013 08:48:18 \u2013 A informa\u00e7\u00e3o \u00e9 bem precisa<br \/>\nWelter Prr \u2013 08:50:24 \u2013 Algu\u00e9m est\u00e1 de sacanagem. A quest\u00e3o do vazamento vai ter que ser preliminar na reuni\u00e3o de segunda<br \/>\nPaulo Galv\u00e3o \u2013 11:50:19 \u2013<a href=\"http:\/\/veja.abril.com.br\/blog\/radar-on-line\/congresso\/mpf-pede-medidas-duras-contra-renan-juca-sarney-e-cunha\/\" target=\"_blank\">http:\/\/veja.abril.com.br\/blog\/radar-on-line\/congresso\/mpf-pede-medidas-duras-contra-renan-juca-sarney-e-cunha\/<\/a><br \/>\nAthayde \u2013 11:55:34 \u2013 A regra hj sao os vazamentos\u2026<br \/>\nDallagnol \u2013 12:05:44 \u2013<a href=\"http:\/\/m.gaucha.com.br\/noticia-aberta\/ministro-da-agu-nega-saida-e-diz-que-sofre-retaliacoes-no-governo-168328.html\" target=\"_blank\">http:\/\/m.gaucha.com.br\/noticia-aberta\/ministro-da-agu-nega-saida-e-diz-que-sofre-retaliacoes-no-governo-168328.html<\/a><br \/>\n<a data-tooltip=\"Pessoa n\u00e3o identificada\">P.N.I.<\/a>. \u2013 12:43:58 \u2013<a href=\"http:\/\/www.gazetadopovo.com.br\/vida-publica\/mpf-alerta-projetos-de-lei-sao-a-nova-estrategia-para-abafar-a-lava-jato-aqiei02udtdk1rqjjpr3souvw\" target=\"_blank\">http:\/\/www.gazetadopovo.com.br\/vida-publica\/mpf-alerta-projetos-de-lei-sao-a-nova-estrategia-para-abafar-a-lava-jato-aqiei02udtdk1rqjjpr3souvw<\/a><br \/>\nWelter Prr \u2013 14:15:19 \u2013 <a data-tooltip=\"Apura\u00e7\u00e3o em andamento\">ANEXO SUPRIMIDO<\/a><br \/>\nWelter Prr \u2013 14:39:37 \u2013 O Globo: Temer decide demitir chefe da Advocacia-Geral da Uni\u00e3o <a href=\"http:\/\/glo.bo\/1TOW9PJ\" target=\"_blank\">http:\/\/glo.bo\/1TOW9PJ<\/a><br \/>\nWelter Prr \u2013 14:40:07 \u2013 Ministerio de breves<br \/>\nJerusa Viecilli \u2013 14:40:29 \u2013 <img data-recalc-dims=\"1\" loading=\"lazy\" decoding=\"async\" src=\"https:\/\/i0.wp.com\/theintercept.imgix.net\/wp-uploads\/sites\/1\/2019\/06\/emojiflushed-1560891814.png?resize=25%2C25&#038;ssl=1\" alt=\"\" width=\"25\" height=\"25\" \/><br \/>\nJerusa Viecilli \u2013 14:40:39 \u2013 Teu amigao, Welter! Hehehe<br \/>\nWelter Prr \u2013 14:41:02 \u2013 Bah<br \/>\nWelter Prr \u2013 14:41:25 \u2013 Amigao e tanto<br \/>\nWelter Prr \u2013 14:43:03 \u2013 Ele se mostrou r\u00e1pido demais<br \/>\nDallagnol \u2013 14:49:00 \u2013 Onde isso?<br \/>\nDallagnol \u2013 14:49:10 \u2013 <img data-recalc-dims=\"1\" loading=\"lazy\" decoding=\"async\" src=\"https:\/\/i0.wp.com\/theintercept.imgix.net\/wp-uploads\/sites\/1\/2019\/06\/emojithumbsup-1560350476.png?resize=25%2C25&#038;ssl=1\" alt=\"\" width=\"25\" height=\"25\" \/> <img data-recalc-dims=\"1\" loading=\"lazy\" decoding=\"async\" src=\"https:\/\/i0.wp.com\/theintercept.imgix.net\/wp-uploads\/sites\/1\/2019\/06\/emojithumbsup-1560350476.png?resize=25%2C25&#038;ssl=1\" alt=\"\" width=\"25\" height=\"25\" \/> <img data-recalc-dims=\"1\" loading=\"lazy\" decoding=\"async\" src=\"https:\/\/i0.wp.com\/theintercept.imgix.net\/wp-uploads\/sites\/1\/2019\/06\/emojithumbsup-1560350476.png?resize=25%2C25&#038;ssl=1\" alt=\"\" width=\"25\" height=\"25\" \/> <img data-recalc-dims=\"1\" loading=\"lazy\" decoding=\"async\" src=\"https:\/\/i0.wp.com\/theintercept.imgix.net\/wp-uploads\/sites\/1\/2019\/06\/emojiclapping-1560891815.png?resize=25%2C25&#038;ssl=1\" alt=\"\" width=\"25\" height=\"25\" \/> <img data-recalc-dims=\"1\" loading=\"lazy\" decoding=\"async\" src=\"https:\/\/i0.wp.com\/theintercept.imgix.net\/wp-uploads\/sites\/1\/2019\/06\/emojiclapping-1560891815.png?resize=25%2C25&#038;ssl=1\" alt=\"\" width=\"25\" height=\"25\" \/> <img data-recalc-dims=\"1\" loading=\"lazy\" decoding=\"async\" src=\"https:\/\/i0.wp.com\/theintercept.imgix.net\/wp-uploads\/sites\/1\/2019\/06\/emojiclapping-1560891815.png?resize=25%2C25&#038;ssl=1\" alt=\"\" width=\"25\" height=\"25\" \/><br \/>\nWelter Prr \u2013 14:52:03 \u2013 Na AGU<br \/>\nDallagnol \u2013 16:31:25 \u2013 Caracax\u00e1<br \/>\nDallagnol \u2013 20:54:51 \u2013<a href=\"http:\/\/m.oantagonista.com\/posts\/a-verdadeira-briga-do-agu\" target=\"_blank\">http:\/\/m.oantagonista.com\/posts\/a-verdadeira-briga-do-agu<\/a><br \/>\nDallagnol \u2013 20:55:28 \u2013 Dizendo que <a data-tooltip=\"F\u00e1bio Medina Os\u00f3rio, ent\u00e3o Ministro-chefe da Advocacia-Geral da Uni\u00e3o\">Fabio<\/a>veio a CWB falar com a FT-LJ\u2026 Houve algo relacionado a ele ou com a AGU nessa semana?<br \/>\nDallagnol \u2013 20:57:03 \u2013 O julgamento da apela\u00e7\u00e3o da OAS n\u00e3o era para ter sido na \u00faltima quarta!<br \/>\nDallagnol \u2013 20:57:04 \u2013 ?<br \/>\n<a data-tooltip=\"Pessoa n\u00e3o identificada\">P.N.I.<\/a> \u2013 20:58:46 \u2013 Pr\u00f3xima<br \/>\nRoberson \u2013 21:05:05 \u2013 Ele estava na cerim\u00f4nia do pr\u00eamio da Ajufe e conversou conosco<br \/>\nJerusa Viecilli \u2013 21:06:16 \u2013 Comigo n\u00e3o!!!<br \/>\nRoberson \u2013 22:20:11 \u2013 Kkkkk \u00c9 vero! A Je ficou s\u00f3 fuzilando ele com os olhos. Acho, inclusive, que foi o princ\u00edpio da queda <img data-recalc-dims=\"1\" loading=\"lazy\" decoding=\"async\" src=\"https:\/\/i0.wp.com\/theintercept.imgix.net\/wp-uploads\/sites\/1\/2019\/06\/emojilaugh-1560087945.png?resize=25%2C25&#038;ssl=1\" alt=\"\" width=\"25\" height=\"25\" \/> <img data-recalc-dims=\"1\" loading=\"lazy\" decoding=\"async\" src=\"https:\/\/i0.wp.com\/theintercept.imgix.net\/wp-uploads\/sites\/1\/2019\/06\/emojilaugh-1560087945.png?resize=25%2C25&#038;ssl=1\" alt=\"\" width=\"25\" height=\"25\" \/><br \/>\nDallagnol \u2013 22:28:32 \u2013<a href=\"http:\/\/politica.estadao.com.br\/blogs\/coluna-do-estadao\/aumento-do-judiciario-contraria-novo-lider\/\" target=\"_blank\">http:\/\/politica.estadao.com.br\/blogs\/coluna-do-estadao\/aumento-do-judiciario-contraria-novo-lider\/<\/a><\/p>\n<h6>5 de junho de 2016<\/h6>\n<p>Jerusa Viecilli \u2013 08:54:32 \u2013<a href=\"http:\/\/josiasdesouza.blogosfera.uol.com.br\/2016\/06\/05\/moro-proferiu-105-condenacoes-stf-nenhuma\/\" target=\"_blank\">http:\/\/josiasdesouza.blogosfera.uol.com.br\/2016\/06\/05\/moro-proferiu-105-condenacoes-stf-nenhuma\/<\/a><br \/>\nAthayde \u2013 09:58:49 \u2013<a href=\"http:\/\/m.folha.uol.com.br\/poder\/2016\/06\/1778355-medo-de-grampos-leva-politicos-a-esconder-celulares-e-tirar-ternos.shtml\" target=\"_blank\">http:\/\/m.folha.uol.com.br\/poder\/2016\/06\/1778355-medo-de-grampos-leva-politicos-a-esconder-celulares-e-tirar-ternos.shtml<\/a><br \/>\nLaura Tessler \u2013 10:08:26 \u2013<a href=\"http:\/\/m.economia.estadao.com.br\/noticias\/geral,arrastada-pela-lava-jato-odebrecht-demite-50-mil-e-ve-divida-ir-a-r-110-bi,10000055278\" target=\"_blank\">http:\/\/m.economia.estadao.com.br\/noticias\/geral,arrastada-pela-lava-jato-odebrecht-demite-50-mil-e-ve-divida-ir-a-r-110-bi,10000055278<\/a><br \/>\nDallagnol \u2013 11:56:05 \u2013 Um dos assuntos mais comentados do tt<br \/>\nDallagnol \u2013 11:56:07 \u2013<a href=\"http:\/\/m.folha.uol.com.br\/poder\/2016\/06\/1778352-para-pf-gravacao-mostra-lider-tucano-sergio-guerra-sabotando-cpi.shtml\" target=\"_blank\">http:\/\/m.folha.uol.com.br\/poder\/2016\/06\/1778352-para-pf-gravacao-mostra-lider-tucano-sergio-guerra-sabotando-cpi.shtml<\/a><br \/>\nDallagnol \u2013 14:27:12 \u2013 Curitiba promete dias curitibanos<br \/>\nDallagnol \u2013 14:27:17 \u2013 [imagem n\u00e3o encontrada]<br \/>\nDallagnol \u2013 14:28:02 \u2013 Aeroporto fechado agora<br \/>\nDallagnol \u2013 14:28:18 \u2013 Quem aposta que amanh\u00e3 vamos e n\u00e3o vamos a BSB? rs<br \/>\nDallagnol \u2013 14:47:02 \u2013 Pessoal da Brigada est\u00e1 preocupado com a not\u00edcia de que a s\u00e9rie da PF dir\u00e1 que \u201ca PF que investiga\u201d. A nota fala do juiz \u00e9 da PF, ignorando MP:<br \/>\nDallagnol \u2013 14:47:12 \u2013 [imagem n\u00e3o encontrada]<br \/>\nDallagnol \u2013 15:08:34 \u2013 <a data-tooltip=\"Informa\u00e7\u00f5es privadas\">SUPRIMIDO<\/a><br \/>\nOrlando SP \u2013 15:33:36 \u2013 <a data-tooltip=\"Informa\u00e7\u00f5es privadas\">SUPRIMIDO<\/a><br \/>\nOrlando SP \u2013 15:34:07 \u2013 <a data-tooltip=\"Informa\u00e7\u00f5es privadas\">SUPRIMIDO<\/a><br \/>\nOrlando SP \u2013 15:34:49 \u2013 <a data-tooltip=\"Informa\u00e7\u00f5es privadas\">SUPRIMIDO<\/a><br \/>\nPaulo Galv\u00e3o \u2013 16:03:45 \u2013 [imagem n\u00e3o encontrada]<br \/>\nPaulo Galv\u00e3o \u2013 16:04:00 \u2013 <a data-tooltip=\"Informa\u00e7\u00f5es privadas\">SUPRIMIDO<\/a><br \/>\nJulio Noronha \u2013 20:28:07 \u2013 Falando de \u201cm\u00eddia independente\u201d:<br \/>\nJulio Noronha \u2013 20:28:16 \u2013 [imagem n\u00e3o encontrada]<br \/>\nJulio Noronha \u2013 20:28:17 \u2013 [imagem n\u00e3o encontrada]<br \/>\nJulio Noronha \u2013 20:28:18 \u2013 [imagem n\u00e3o encontrada]<br \/>\nJulio Noronha \u201320:28:18 \u2013 [imagem n\u00e3o encontrada]<br \/>\nLaura Tessler \u2013 20:30:29 \u2013 aposto que \u00e9 s\u00f3 coincid\u00eancia!!! <img data-recalc-dims=\"1\" loading=\"lazy\" decoding=\"async\" src=\"https:\/\/i0.wp.com\/theintercept.imgix.net\/wp-uploads\/sites\/1\/2019\/06\/emojilaugh-1560087945.png?resize=25%2C25&#038;ssl=1\" alt=\"\" width=\"25\" height=\"25\" \/> <img data-recalc-dims=\"1\" loading=\"lazy\" decoding=\"async\" src=\"https:\/\/i0.wp.com\/theintercept.imgix.net\/wp-uploads\/sites\/1\/2019\/06\/emojilaugh-1560087945.png?resize=25%2C25&#038;ssl=1\" alt=\"\" width=\"25\" height=\"25\" \/> <img data-recalc-dims=\"1\" loading=\"lazy\" decoding=\"async\" src=\"https:\/\/i0.wp.com\/theintercept.imgix.net\/wp-uploads\/sites\/1\/2019\/06\/emojilaugh-1560087945.png?resize=25%2C25&#038;ssl=1\" alt=\"\" width=\"25\" height=\"25\" \/><br \/>\nDallagnol \u2013 21:11:07 \u2013 Que absurdo!! Isso valeria ACPs em outros locais\u2026<\/p>\n<h6>6 de junho de 2016<\/h6>\n<p>Diogo \u2013 00:49:28 \u2013 <a data-tooltip=\"Informa\u00e7\u00f5es privadas\">SUPRIMIDO<\/a> <img data-recalc-dims=\"1\" loading=\"lazy\" decoding=\"async\" src=\"https:\/\/i0.wp.com\/theintercept.imgix.net\/wp-uploads\/sites\/1\/2019\/06\/emojispeaknoevil-1560891479.png?resize=25%2C25&#038;ssl=1\" alt=\"\" width=\"25\" height=\"25\" \/> <img data-recalc-dims=\"1\" loading=\"lazy\" decoding=\"async\" src=\"https:\/\/i0.wp.com\/theintercept.imgix.net\/wp-uploads\/sites\/1\/2019\/06\/emojispeaknoevil-1560891479.png?resize=25%2C25&#038;ssl=1\" alt=\"\" width=\"25\" height=\"25\" \/> <img data-recalc-dims=\"1\" loading=\"lazy\" decoding=\"async\" src=\"https:\/\/i0.wp.com\/theintercept.imgix.net\/wp-uploads\/sites\/1\/2019\/06\/emojispeaknoevil-1560891479.png?resize=25%2C25&#038;ssl=1\" alt=\"\" width=\"25\" height=\"25\" \/><br \/>\nDiogo \u2013 00:50:13 \u2013 Ia ser engra\u00e7ado pq este cara batia na lava jato.. Mas como a lava jato come\u00e7ou a pegar o pmdb ele ia ter Q apoia l\u00e1<br \/>\n<a data-tooltip=\"Pessoa n\u00e3o identificada\">P.N.I.<\/a>. \u2013 06:46:27 \u2013<a href=\"http:\/\/m.folha.uol.com.br\/poder\/2016\/06\/1778556-preferida-para-chefiar-pf-delegada-e-elogiada-por-atuacao-na-lava-jato.shtml\" target=\"_blank\">http:\/\/m.folha.uol.com.br\/poder\/2016\/06\/1778556-preferida-para-chefiar-pf-delegada-e-elogiada-por-atuacao-na-lava-jato.shtml<\/a><br \/>\nDallagnol \u2013 07:07:00 \u2013 Que tal a FTLJ fazer uma mo\u00e7\u00e3o de apoio a ela como capacitada etc para ser DG, sem mencionar lista triplice?<br \/>\nOrlando SP \u2013 07:20:31 \u2013 A\u00ed d\u00e1 para fazer, inclusive podendo expressamente falar q independentemente de lista, a <a data-tooltip=\"Por n\u00e3o conseguirmos confirmar se o nome citado \u00e9 de uma pessoa p\u00fablica ou n\u00e3o, preferimos suprimi-lo\">SUPRIMIDO<\/a> \u00e9 um nome excelente par\u00e1 tal cargo.<br \/>\nOrlando SP \u2013 08:17:31 \u2013 De outro lado, deve haver uma d\u00fazia aguardando para ser o escolhido, q ficar\u00e3o bem contrariados. Temer n\u00e3o cometer\u00e1 este erro prim\u00e1rio de colocar algu\u00e9m desvinculado do MJ e dele pr\u00f3prio na PF. Ele n\u00e3o \u00e9 amador<br \/>\n<a data-tooltip=\"Pessoa n\u00e3o identificada\">P.N.I.<\/a>. \u2013 10:52:46 \u2013 Creio que cada um no seu quadrado. Gosto da <a data-tooltip=\"Por n\u00e3o conseguirmos confirmar se o nome citado \u00e9 de uma pessoa p\u00fablica ou n\u00e3o, preferimos suprimi-lo\">SUPRIMIDO<\/a>, mas me sinto entrando em discuss\u00e3o de uma quest\u00e3o que vai al\u00e9m da simples simpatia. Pode ser um passo maior que a perna por parte dela. Al\u00e9m disso \u00e9 um assunto de outra corpora\u00e7\u00e3o.<br \/>\n<a data-tooltip=\"Pessoa n\u00e3o identificada\">P.N.I.<\/a>. \u2013 10:52:52 \u2013<a href=\"http:\/\/mobile.nytimes.com\/2016\/06\/06\/opinion\/brazils-gold-medal-for-corruption.html?referer=https:\/\/www.google.com.br\/\" target=\"_blank\">http:\/\/mobile.nytimes.com\/2016\/06\/06\/opinion\/brazils-gold-medal-for-corruption.html?referer=https:\/\/www.google.com.br\/<\/a><br \/>\nPaulo Galv\u00e3o \u2013 11:41:26 \u2013 304396.odt<br \/>\nPaulo Galv\u00e3o \u2013 11:41:46 \u2013 Segue peti\u00e7\u00e3o de desmembramento do acordo do Cerver\u00f3 \u2013 deixo p o grupo respons\u00e1vel analisar<br \/>\nPaulo Galv\u00e3o \u2013 11:42:39 \u2013 Mas vejo que, sobre o filho do FHC, \u00e9 um termo que ficou no STF por conta do Delc\u00eddio e teria vindo para c\u00e1 por c\u00f3pia. \u00c9 o mesmo termo que trata da GE, lembrando que a GE protocolou peti\u00e7\u00e3o querendo colaborar e est\u00e1 fazendo investiga\u00e7\u00e3o interna<br \/>\nDallagnol \u2013 12:04:38 \u2013 se veio pra c\u00e1, \u00e9 nosso<br \/>\nDallagnol \u2013 12:04:40 \u2013 se veio pra c\u00e1 com c\u00f3pia, \u00e9 nosso<br \/>\nDallagnol \u2013 12:04:46 \u2013 se pensaram em mandar pra c\u00e1, \u00e9 nosso tb<\/p>\n<\/div>\n<h3 class=\"chapter chapter--without-number\" data-reactid=\"280\"><span class=\"chapter-title\" data-reactid=\"281\">DELTAN DALLAGNOL E SERGIO MORO<\/span><\/h3>\n<div data-reactid=\"282\">\n<h6>13 de abril de 2017<\/h6>\n<p>Moro \u2013 09:07:39 \u2013 Tem alguma coisa mesmo seria do FHC? O que vi na TV pareceu muito fraco?<br \/>\nMoro \u2013 09:08:18 \u2013 Caixa 2 de 96?<br \/>\nDallagnol \u2013 10:50:42 \u2013 Em pp sim, o que tem \u00e9 mto fraco<br \/>\nMoro \u2013 11:35:19 \u2013 N\u00e3o estaria mais do que prescrito?<br \/>\nDallagnol \u2013 13:26:42 \u2013 Foi enviado pra SP sem se analisar prescri\u00e7\u00e3o<br \/>\nDallagnol \u2013 13:27:27 \u2013 Suponho que de prop\u00f3sito. Talvez para passar recado de imparcialidade<br \/>\nMoro \u2013 13:52:51 \u2013 Ah, n\u00e3o sei. Acho question\u00e1vel pois melindra algu\u00e9m cujo apoio \u00e9 importante<\/p>\n<\/div>\n<h3 class=\"chapter chapter--without-number\" data-reactid=\"283\"><span class=\"chapter-title\" data-reactid=\"284\">CHAT CONEX\u00c3O BSB-CWB<\/span><\/h3>\n<div data-reactid=\"285\">\n<h6>13 de abril de 2017<\/h6>\n<p>Dallagnol \u2013 11:42:54 \u2013 Caros o fato do FHC \u00e9 s\u00f3 caixa 2 de 96? N\u00e3o t\u00e1 prescrito? Teve inqu\u00e9rito?<br \/>\nSergio Bruno Mpdft \u2013 11:51:25 \u2013 Mandado pra SP<br \/>\nSergio Bruno Mpdft \u2013 11:51:44 \u2013 N\u00e3o analisamos prescri\u00e7\u00e3o<br \/>\nDallagnol \u2013 13:26:11 \u2013 <img data-recalc-dims=\"1\" loading=\"lazy\" decoding=\"async\" src=\"https:\/\/i0.wp.com\/theintercept.imgix.net\/wp-uploads\/sites\/1\/2019\/06\/emojithumbsup-1560350476.png?resize=25%2C25&#038;ssl=1\" alt=\"\" width=\"25\" height=\"25\" \/> <img data-recalc-dims=\"1\" loading=\"lazy\" decoding=\"async\" src=\"https:\/\/i0.wp.com\/theintercept.imgix.net\/wp-uploads\/sites\/1\/2019\/06\/emojithumbsup-1560350476.png?resize=25%2C25&#038;ssl=1\" alt=\"\" width=\"25\" height=\"25\" \/> <img data-recalc-dims=\"1\" loading=\"lazy\" decoding=\"async\" src=\"https:\/\/i0.wp.com\/theintercept.imgix.net\/wp-uploads\/sites\/1\/2019\/06\/emojiwinking-1560891380.png?resize=25%2C25&#038;ssl=1\" alt=\"\" width=\"25\" height=\"25\" \/><\/p>\n<\/div>\n<h3 class=\"chapter chapter--without-number\" data-reactid=\"286\"><span class=\"chapter-title\" data-reactid=\"287\">DELTAN DALLAGNOL, PAULO GALV\u00c3O E CARLOS FERNANDO SANTOS LIMA<\/span><\/h3>\n<div data-reactid=\"288\">\n<h6>20 de maio de 2018<\/h6>\n<p>Dallagnol \u2013 01:46:42 \u2013 CF, s\u00f3 tem 2 (ex) presidentes presos: Lula e Humala no peru<br \/>\nDallagnol \u2013 01:48:12 \u2013 Opa o Jorge Glas no equador tb<br \/>\nDallagnol \u2013 01:48:38 \u2013 No BR, vou considerar como investigados Temer, Collor, Sarey e Lula<br \/>\nDallagnol \u2013 01:49:07 \u2013 (excluindo Dilma e FHC \u2013 n\u00e3o lembro de investiga\u00e7\u00f5es sobre eles fora o que t\u00e1 bem sigiloso da dilma, sem conclus\u00e3o)<br \/>\nDallagnol \u2013 01:49:55 \u2013 Tem um quarto com pris\u00e3o decretada, mas foragido, o Maur\u00edcio Funes, de El Salvador<br \/>\nDallagnol \u2013 01:53:59 \u2013 segue artigo com atualia\u00e7\u00e3o dos n\u00fameros de presientes investigados e presos. Faltam estados do BR, que terei na segunda<br \/>\nDallagnol \u2013 01:54:08 \u2013 Quem pode olhar o artigo agora?<br \/>\nDallagnol \u2013 01:54:21 \u2013 <a data-tooltip=\"Apura\u00e7\u00e3o em andamento\">ANEXO SUPRIMIDO<\/a><br \/>\nDallagnol \u2013 01:54:49 \u2013 CF, como PG viu depois de Vc, olha Vc o artigo agora e veja se est\u00e1 OK. Se n\u00e3o, fa\u00e7a altera\u00e7\u00f5es e passa pro Paulo. Seria bom se pudermos fechar na segunda.<\/p>\n<h6>21 de maio de 2018<\/h6>\n<p>Santos Lima \u2013 12:58:22 \u2013 Fiz algumas substitui\u00e7\u00f5es. Secretary of state \u00e9 um dos minist\u00e9rios. A palavra para minist\u00e9rio \u00e9 cabinet. A FGV \u00e9 uma think tank (ela mesma assim se coloca). \u201cother ilicits \u00e9 fraco, coloquei white collar and electoral crimes,<br \/>\nSantos Lima \u2013 12:59:03 \u2013 Algumas frases soltas eu coloquei entre v\u00edrgulas. Ficou grande, mas creio que ficou mais readable.<br \/>\nSantos Lima \u2013 12:59:25 \u2013 <a data-tooltip=\"Apura\u00e7\u00e3o em andamento\">ANEXO SUPRIMIDO<\/a><br \/>\nSantos Lima \u2013 13:01:48 \u2013 Tirei future na \u00faltima frase e coloquei a brazilian progressive era para fechar com o come\u00e7o.<\/p>\n<h6>22 de maio de 2018<\/h6>\n<p>Dallagnol \u2013 10:28:04 \u2013 Vejo hoje<\/p>\n<\/div>\n<p>&nbsp;<\/p>\n","protected":false},"excerpt":{"rendered":"<p>The Intercept- Um trecho do chat privado entre Sergio Moro e o procurador Deltan Dallagnol revela que o ex-juiz discordou de investiga\u00e7\u00f5es sobre o ex-presidente Fernando Henrique Cardoso na Lava Jato porque, nas palavras dele, n\u00e3o queria \u201cmelindrar algu\u00e9m cujo apoio \u00e9 importante\u201d. O di\u00e1logo ocorreu em 13 de abril de 2017, um dia depois&#8230;<a class=\"more-link\" href=\"http:\/\/blogdalucianaoliveira.com.br\/blog\/2019\/06\/18\/the-intercept-moro-repreendeu-deltan-sobre-investigacao-contra-fhc\/\">Continue a leitura <span class=\"meta-nav\">&raquo;<\/span><\/a><\/p>\n","protected":false},"author":1,"featured_media":0,"comment_status":"closed","ping_status":"open","sticky":false,"template":"","format":"standard","meta":{"_exactmetrics_skip_tracking":false,"_exactmetrics_sitenote_active":false,"_exactmetrics_sitenote_note":"","_exactmetrics_sitenote_category":0,"jetpack_post_was_ever_published":false,"_jetpack_newsletter_access":"","_jetpack_dont_email_post_to_subs":false,"_jetpack_newsletter_tier_id":0,"_jetpack_memberships_contains_paywalled_content":false,"_jetpack_memberships_contains_paid_content":false,"footnotes":"","jetpack_publicize_message":"","jetpack_publicize_feature_enabled":true,"jetpack_social_post_already_shared":true,"jetpack_social_options":{"image_generator_settings":{"template":"highway","enabled":false},"version":2}},"categories":[1],"tags":[],"class_list":["post-22383","post","type-post","status-publish","format-standard","hentry","category-notas"],"jetpack_publicize_connections":[],"jetpack_sharing_enabled":true,"jetpack_featured_media_url":"","jetpack_shortlink":"https:\/\/wp.me\/p7wKYW-5P1","jetpack-related-posts":[],"_links":{"self":[{"href":"http:\/\/blogdalucianaoliveira.com.br\/blog\/wp-json\/wp\/v2\/posts\/22383","targetHints":{"allow":["GET"]}}],"collection":[{"href":"http:\/\/blogdalucianaoliveira.com.br\/blog\/wp-json\/wp\/v2\/posts"}],"about":[{"href":"http:\/\/blogdalucianaoliveira.com.br\/blog\/wp-json\/wp\/v2\/types\/post"}],"author":[{"embeddable":true,"href":"http:\/\/blogdalucianaoliveira.com.br\/blog\/wp-json\/wp\/v2\/users\/1"}],"replies":[{"embeddable":true,"href":"http:\/\/blogdalucianaoliveira.com.br\/blog\/wp-json\/wp\/v2\/comments?post=22383"}],"version-history":[{"count":4,"href":"http:\/\/blogdalucianaoliveira.com.br\/blog\/wp-json\/wp\/v2\/posts\/22383\/revisions"}],"predecessor-version":[{"id":22388,"href":"http:\/\/blogdalucianaoliveira.com.br\/blog\/wp-json\/wp\/v2\/posts\/22383\/revisions\/22388"}],"wp:attachment":[{"href":"http:\/\/blogdalucianaoliveira.com.br\/blog\/wp-json\/wp\/v2\/media?parent=22383"}],"wp:term":[{"taxonomy":"category","embeddable":true,"href":"http:\/\/blogdalucianaoliveira.com.br\/blog\/wp-json\/wp\/v2\/categories?post=22383"},{"taxonomy":"post_tag","embeddable":true,"href":"http:\/\/blogdalucianaoliveira.com.br\/blog\/wp-json\/wp\/v2\/tags?post=22383"}],"curies":[{"name":"wp","href":"https:\/\/api.w.org\/{rel}","templated":true}]}}